{"id":130102,"date":"2021-10-07T10:25:19","date_gmt":"2021-10-07T13:25:19","guid":{"rendered":"https:\/\/senoticias.com.br\/se\/?p=130102"},"modified":"2021-10-07T10:33:19","modified_gmt":"2021-10-07T13:33:19","slug":"henrique-rocha-candidatura-de-laercio-oliveira-estimularia-bolsonaristas-sergipanos","status":"publish","type":"post","link":"https:\/\/senoticias.com.br\/se\/henrique-rocha-candidatura-de-laercio-oliveira-estimularia-bolsonaristas-sergipanos\/","title":{"rendered":"Henrique Rocha: \u201ccandidatura de La\u00e9rcio Oliveira estimularia bolsonaristas sergipanos\u201d"},"content":{"rendered":"\n<p><em>Coronel Henrique Rocha*<\/em><\/p>\n\n\n\n<p><\/p>\n\n\n\n<p>Com a possibilidade cada vez maior da filia\u00e7\u00e3o do presidente Jair Bolsonaro ao Progressistas, presidido em Sergipe pelo deputado federal La\u00e9rcio Oliveira, nasce uma perspectiva de uma candidatura 100% bolsonarista para o governo do estado em oposi\u00e7\u00e3o ao grupo que levou Sergipe ao atraso econ\u00f4mico e social, grupo este liderado por Belivaldo e Jackson Barreto.<\/p>\n\n\n\n<figure class=\"wp-block-image size-large\"><img loading=\"lazy\" decoding=\"async\" width=\"589\" height=\"392\" src=\"https:\/\/senoticias.com.br\/se\/wp-content\/uploads\/2021\/09\/Deputado-Laercio-Oliveira-SE-Noticias.jpg\" alt=\"\" class=\"wp-image-129667\" srcset=\"https:\/\/senoticias.com.br\/se\/wp-content\/uploads\/2021\/09\/Deputado-Laercio-Oliveira-SE-Noticias.jpg 589w, https:\/\/senoticias.com.br\/se\/wp-content\/uploads\/2021\/09\/Deputado-Laercio-Oliveira-SE-Noticias-300x200.jpg 300w, https:\/\/senoticias.com.br\/se\/wp-content\/uploads\/2021\/09\/Deputado-Laercio-Oliveira-SE-Noticias-90x60.jpg 90w, https:\/\/senoticias.com.br\/se\/wp-content\/uploads\/2021\/09\/Deputado-Laercio-Oliveira-SE-Noticias-180x120.jpg 180w, https:\/\/senoticias.com.br\/se\/wp-content\/uploads\/2021\/09\/Deputado-Laercio-Oliveira-SE-Noticias-95x64.jpg 95w\" sizes=\"(max-width: 589px) 100vw, 589px\" \/><figcaption> Coronel Rocha deseja candidatura de La\u00e9rcio Oliveira ao governo de Sergipe &#8211; Foto: arquivo\/Ag\u00eancia C\u00e2mara <\/figcaption><\/figure>\n\n\n\n<p>Uma candidatura de La\u00e9rcio Oliveira a governo totalmente desvinculada e em oposi\u00e7\u00e3o a Belivaldo e seu grupo estimularia bolsonaristas sergipanos a se empenharem com a mesma determina\u00e7\u00e3o que se empenhar\u00e3o \u00e0 campanha de Bolsonaro.<\/p>\n\n\n\n<p>T\u00e1 na hora de La\u00e9rcio se portar como vem sendo tratado por Belivaldo e JB: como bolsonarista. S\u00e3o incompat\u00edveis apoio ou coliga\u00e7\u00f5es de bolsonaristas com pol\u00edticos que representam o atraso a que foi submetido o estado de Sergipe nas \u00faltimas d\u00e9cadas, ou seja, Belivaldo e JB.<\/p>\n\n\n\n<p>Da mesma forma s\u00e3o incompat\u00edveis apoio ou coliga\u00e7\u00f5es a pol\u00edticos condenados por corrup\u00e7\u00e3o, compra de votos, desvio de recursos p\u00fablicos etc.<\/p>\n\n\n\n<p>N\u00e3o precisa nem dizer que queremos dist\u00e2ncia de pol\u00edticos que j\u00e1 frequentaram os pres\u00eddios sergipanos, na qualidade de h\u00f3spedes.<\/p>\n\n\n\n<p><strong>(*)<\/strong> <strong><em>Henrique Rocha \u00e9 coronel PM da Reserva Remunerada<\/em><\/strong><\/p>\n\n\n\n<p><em><strong>Quer receber as principais not\u00edcias do<\/strong>&nbsp;<strong>SE Not\u00edcias<\/strong>&nbsp;<strong>no seu<\/strong>&nbsp;<strong>WhatsApp?<\/strong>&nbsp;<strong><a href=\"https:\/\/api.whatsapp.com\/send?phone=5579991715289\">Clique aqui<\/a><\/strong>.<\/em><\/p>\n\n\n\n<p><strong><em>Acompanhe tamb\u00e9m o SE Not\u00edcias no&nbsp;<a rel=\"noreferrer noopener\" href=\"https:\/\/twitter.com\/Senoticias\" target=\"_blank\">Twitter<\/a>,&nbsp;<a rel=\"noreferrer noopener\" href=\"https:\/\/www.facebook.com\/senoticias1\" target=\"_blank\">Facebook<\/a>&nbsp;e no&nbsp;<a rel=\"noreferrer noopener\" href=\"https:\/\/www.instagram.com\/senoticias\/\" target=\"_blank\">Instagram<\/a><\/em><\/strong><\/p>\n\n\n\n<p><\/p>\n","protected":false},"excerpt":{"rendered":"<p>Coronel Henrique Rocha* Com a possibilidade cada vez maior da filia\u00e7\u00e3o do presidente Jair Bolsonaro ao Progressistas, presidido em Sergipe pelo deputado federal La\u00e9rcio Oliveira, nasce uma perspectiva de uma candidatura 100% bolsonarista para o governo do estado em oposi\u00e7\u00e3o ao grupo que levou Sergipe ao atraso econ\u00f4mico e social, grupo este liderado por Belivaldo [&hellip;]<\/p>\n","protected":false},"author":6557,"featured_media":0,"comment_status":"closed","ping_status":"closed","sticky":false,"template":"","format":"standard","meta":{"footnotes":""},"categories":[15,6],"tags":[15486,12125,3718],"class_list":{"0":"post-130102","1":"post","2":"type-post","3":"status-publish","4":"format-standard","6":"category-destaques","7":"category-politica","8":"tag-coronel-rocha","9":"tag-eleicoes-2022","10":"tag-laercio-oliveira"},"_links":{"self":[{"href":"https:\/\/senoticias.com.br\/se\/wp-json\/wp\/v2\/posts\/130102"}],"collection":[{"href":"https:\/\/senoticias.com.br\/se\/wp-json\/wp\/v2\/posts"}],"about":[{"href":"https:\/\/senoticias.com.br\/se\/wp-json\/wp\/v2\/types\/post"}],"author":[{"embeddable":true,"href":"https:\/\/senoticias.com.br\/se\/wp-json\/wp\/v2\/users\/6557"}],"replies":[{"embeddable":true,"href":"https:\/\/senoticias.com.br\/se\/wp-json\/wp\/v2\/comments?post=130102"}],"version-history":[{"count":0,"href":"https:\/\/senoticias.com.br\/se\/wp-json\/wp\/v2\/posts\/130102\/revisions"}],"wp:attachment":[{"href":"https:\/\/senoticias.com.br\/se\/wp-json\/wp\/v2\/media?parent=130102"}],"wp:term":[{"taxonomy":"category","embeddable":true,"href":"https:\/\/senoticias.com.br\/se\/wp-json\/wp\/v2\/categories?post=130102"},{"taxonomy":"post_tag","embeddable":true,"href":"https:\/\/senoticias.com.br\/se\/wp-json\/wp\/v2\/tags?post=130102"}],"curies":[{"name":"wp","href":"https:\/\/api.w.org\/{rel}","templated":true}]}}