{"id":130045,"date":"2021-10-02T13:43:09","date_gmt":"2021-10-02T16:43:09","guid":{"rendered":"https:\/\/senoticias.com.br\/se\/?p=130045"},"modified":"2021-10-02T14:04:14","modified_gmt":"2021-10-02T17:04:14","slug":"um-seguranca-e-ferido-e-outro-morre-durante-festa-em-chacara-no-interior-de-sergipe","status":"publish","type":"post","link":"https:\/\/senoticias.com.br\/se\/um-seguranca-e-ferido-e-outro-morre-durante-festa-em-chacara-no-interior-de-sergipe\/","title":{"rendered":"Um seguran\u00e7a \u00e9 ferido e outro morre durante festa em ch\u00e1cara no interior de Sergipe"},"content":{"rendered":"\n<p>Um homem morreu e outro ficou ferido, ap\u00f3s ambos serem baleados enquanto faziam a seguran\u00e7a de uma festa realizada em uma ch\u00e1cara no munic\u00edpio de Carira, na madrugada deste s\u00e1bado (2).<\/p>\n\n\n\n<div class=\"wp-block-image\"><figure class=\"alignleft size-large\"><img loading=\"lazy\" decoding=\"async\" width=\"320\" height=\"320\" src=\"https:\/\/senoticias.com.br\/se\/wp-content\/uploads\/2021\/10\/seguranca-morre-se-noticias.jpg\" alt=\"\" class=\"wp-image-130046\" srcset=\"https:\/\/senoticias.com.br\/se\/wp-content\/uploads\/2021\/10\/seguranca-morre-se-noticias.jpg 320w, https:\/\/senoticias.com.br\/se\/wp-content\/uploads\/2021\/10\/seguranca-morre-se-noticias-300x300.jpg 300w, https:\/\/senoticias.com.br\/se\/wp-content\/uploads\/2021\/10\/seguranca-morre-se-noticias-150x150.jpg 150w\" sizes=\"(max-width: 320px) 100vw, 320px\" \/><figcaption>O seguran\u00e7a morto foi identificado como Jo\u00e3o Vitor<\/figcaption><\/figure><\/div>\n\n\n\n<p>Segundo a Pol\u00edcia Militar, eles foram socorridos e encaminhados ao hospital da cidade, onde foi registrado a morte de um deles e outro foi estabilizado e transferido para o Hospital de Urg\u00eancia Governador Jo\u00e3o Alves Filho, em Aracaju.<\/p>\n\n\n\n<p>Segundo informa\u00e7\u00f5es da pol\u00edcia, as v\u00edtimas estavam trabalhando como seguran\u00e7as durante uma festa em uma ch\u00e1cara no Povoado Massaranduba quando foram atingidos pelos disparos.<\/p>\n\n\n\n<p>Ap\u00f3s sair do hospital, policiais foram at\u00e9 o local onde ocorreu o fato e a ch\u00e1cara estava fechada e n\u00e3o havia ningu\u00e9m para prestar informa\u00e7\u00f5es..<\/p>\n\n\n\n<p>Quem tiver alguma informa\u00e7\u00e3o que possa contribuir com as investiga\u00e7\u00f5es para a localiza\u00e7\u00e3o dos suspeitos deve ligar para o Disque-Den\u00fancia pelo n\u00famero 181.<\/p>\n\n\n\n<p><em><strong>Quer receber as principais not\u00edcias do<\/strong>&nbsp;<strong>SE Not\u00edcias<\/strong>&nbsp;<strong>no seu<\/strong>&nbsp;<strong>WhatsApp?<\/strong>&nbsp;<strong><a href=\"https:\/\/api.whatsapp.com\/send?phone=5579991715289\">Clique aqui<\/a><\/strong>.<\/em><\/p>\n\n\n\n<p><strong><em>Acompanhe tamb\u00e9m o SE Not\u00edcias no\u00a0<a rel=\"noreferrer noopener\" href=\"https:\/\/twitter.com\/Senoticias\" target=\"_blank\">Twitter<\/a>,\u00a0<a rel=\"noreferrer noopener\" href=\"https:\/\/www.facebook.com\/senoticias1\" target=\"_blank\">Facebook<\/a>\u00a0e no\u00a0<a rel=\"noreferrer noopener\" href=\"https:\/\/www.instagram.com\/senoticias\/\" target=\"_blank\">Instagram<\/a><\/em><\/strong><\/p>\n\n\n\n<p>Fonte: G1 e A8 SE<\/p>\n","protected":false},"excerpt":{"rendered":"<p>Um homem morreu e outro ficou ferido, ap\u00f3s ambos serem baleados enquanto faziam a seguran\u00e7a de uma festa realizada em uma ch\u00e1cara no munic\u00edpio de Carira, na madrugada deste s\u00e1bado (2). Segundo a Pol\u00edcia Militar, eles foram socorridos e encaminhados ao hospital da cidade, onde foi registrado a morte de um deles e outro foi [&hellip;]<\/p>\n","protected":false},"author":6557,"featured_media":0,"comment_status":"closed","ping_status":"closed","sticky":false,"template":"","format":"standard","meta":{"footnotes":""},"categories":[15,7,1],"tags":[803,35061,35060],"class_list":{"0":"post-130045","1":"post","2":"type-post","3":"status-publish","4":"format-standard","6":"category-destaques","7":"category-policia","8":"category-sem-categoria","9":"tag-carira","10":"tag-seguranca-morre-em-festa","11":"tag-seguranca-morto"},"_links":{"self":[{"href":"https:\/\/senoticias.com.br\/se\/wp-json\/wp\/v2\/posts\/130045"}],"collection":[{"href":"https:\/\/senoticias.com.br\/se\/wp-json\/wp\/v2\/posts"}],"about":[{"href":"https:\/\/senoticias.com.br\/se\/wp-json\/wp\/v2\/types\/post"}],"author":[{"embeddable":true,"href":"https:\/\/senoticias.com.br\/se\/wp-json\/wp\/v2\/users\/6557"}],"replies":[{"embeddable":true,"href":"https:\/\/senoticias.com.br\/se\/wp-json\/wp\/v2\/comments?post=130045"}],"version-history":[{"count":0,"href":"https:\/\/senoticias.com.br\/se\/wp-json\/wp\/v2\/posts\/130045\/revisions"}],"wp:attachment":[{"href":"https:\/\/senoticias.com.br\/se\/wp-json\/wp\/v2\/media?parent=130045"}],"wp:term":[{"taxonomy":"category","embeddable":true,"href":"https:\/\/senoticias.com.br\/se\/wp-json\/wp\/v2\/categories?post=130045"},{"taxonomy":"post_tag","embeddable":true,"href":"https:\/\/senoticias.com.br\/se\/wp-json\/wp\/v2\/tags?post=130045"}],"curies":[{"name":"wp","href":"https:\/\/api.w.org\/{rel}","templated":true}]}}