{"id":130023,"date":"2021-09-30T06:04:02","date_gmt":"2021-09-30T09:04:02","guid":{"rendered":"https:\/\/senoticias.com.br\/se\/?p=130023"},"modified":"2021-09-30T06:09:29","modified_gmt":"2021-09-30T09:09:29","slug":"namorado-confessa-ter-matado-baba-sergipana-desaparecida-em-sao-paulo","status":"publish","type":"post","link":"https:\/\/senoticias.com.br\/se\/namorado-confessa-ter-matado-baba-sergipana-desaparecida-em-sao-paulo\/","title":{"rendered":"Namorado confessa ter matado sergipana desaparecida em S\u00e3o Paulo"},"content":{"rendered":"\n<p>Tarciana Lima de Souza nasceu na capital sergipana, mas foi morar em S\u00e3o Paulo aos 16 anos. Ela estava desaparecida desde o \u00faltimo dia 19. Hoje (29), o namorado, Alexandro Francisco de Assis, confessou ter tirado a vida da companheira.<\/p>\n\n\n\n<figure class=\"wp-block-image size-large\"><img loading=\"lazy\" decoding=\"async\" width=\"557\" height=\"682\" src=\"https:\/\/senoticias.com.br\/se\/wp-content\/uploads\/2021\/09\/Sergipana-morta-em-Sao-Paulo-SE-Noticias.jpg\" alt=\"\" class=\"wp-image-130024\" srcset=\"https:\/\/senoticias.com.br\/se\/wp-content\/uploads\/2021\/09\/Sergipana-morta-em-Sao-Paulo-SE-Noticias.jpg 557w, https:\/\/senoticias.com.br\/se\/wp-content\/uploads\/2021\/09\/Sergipana-morta-em-Sao-Paulo-SE-Noticias-245x300.jpg 245w\" sizes=\"(max-width: 557px) 100vw, 557px\" \/><figcaption>Tarciana Lima de Souza nasceu na capital sergipana, mas foi morar em S\u00e3o Paulo aos 16 anos &#8211; Foto: arquivo\/fam\u00edlia<\/figcaption><\/figure>\n\n\n\n<p>Alexsandro \u00e9 casado, mas mantinha um relacionamento com Tarciana, com quem tem um filho de cinco anos. A rela\u00e7\u00e3o era conturbada, mesmo assim, eles planejavam um casamento. A fam\u00edlia da v\u00edtima nunca aprovou a ideia.<\/p>\n\n\n\n<p>Ela era bab\u00e1 e no dia 19 de setembro tinha marcado de trabalhar, por\u00e9m n\u00e3o apareceu. Imagens de c\u00e2mera de seguran\u00e7a mostram Alexsandro chegando no apartamento de Tarciana. Oito minutos depois, os dois saem e ela n\u00e3o foi mais vista.<\/p>\n\n\n\n<p>Ap\u00f3s o suspeito confessar o crime, a pol\u00edcia realiza as buscas pelo corpo.<\/p>\n\n\n\n<p><em><strong>Quer receber as principais not\u00edcias do<\/strong>&nbsp;<strong>SE Not\u00edcias<\/strong>&nbsp;<strong>no seu<\/strong>&nbsp;<strong>WhatsApp?<\/strong>&nbsp;<strong><a href=\"https:\/\/api.whatsapp.com\/send?phone=5579991715289\">Clique aqui<\/a><\/strong>.<\/em><\/p>\n\n\n\n<p><strong><em>Acompanhe tamb\u00e9m o SE Not\u00edcias no\u00a0<a rel=\"noreferrer noopener\" href=\"https:\/\/twitter.com\/Senoticias\" target=\"_blank\">Twitter<\/a>,\u00a0<a rel=\"noreferrer noopener\" href=\"https:\/\/www.facebook.com\/senoticias1\" target=\"_blank\">Facebook<\/a>\u00a0e no\u00a0<a rel=\"noreferrer noopener\" href=\"https:\/\/www.instagram.com\/senoticias\/\" target=\"_blank\">Instagram<\/a><\/em><\/strong><\/p>\n\n\n\n<p>Fonte: A8SE.com.br<\/p>\n","protected":false},"excerpt":{"rendered":"<p>Tarciana Lima de Souza nasceu na capital sergipana, mas foi morar em S\u00e3o Paulo aos 16 anos. Ela estava desaparecida desde o \u00faltimo dia 19. Hoje (29), o namorado, Alexandro Francisco de Assis, confessou ter tirado a vida da companheira. Alexsandro \u00e9 casado, mas mantinha um relacionamento com Tarciana, com quem tem um filho de [&hellip;]<\/p>\n","protected":false},"author":6557,"featured_media":0,"comment_status":"closed","ping_status":"closed","sticky":false,"template":"","format":"standard","meta":{"footnotes":""},"categories":[15,7,1],"tags":[35044,35043],"class_list":{"0":"post-130023","1":"post","2":"type-post","3":"status-publish","4":"format-standard","6":"category-destaques","7":"category-policia","8":"category-sem-categoria","9":"tag-alexandro-francisco-de-assis","10":"tag-sergipana-assassinada-pelo-namorado"},"_links":{"self":[{"href":"https:\/\/senoticias.com.br\/se\/wp-json\/wp\/v2\/posts\/130023"}],"collection":[{"href":"https:\/\/senoticias.com.br\/se\/wp-json\/wp\/v2\/posts"}],"about":[{"href":"https:\/\/senoticias.com.br\/se\/wp-json\/wp\/v2\/types\/post"}],"author":[{"embeddable":true,"href":"https:\/\/senoticias.com.br\/se\/wp-json\/wp\/v2\/users\/6557"}],"replies":[{"embeddable":true,"href":"https:\/\/senoticias.com.br\/se\/wp-json\/wp\/v2\/comments?post=130023"}],"version-history":[{"count":0,"href":"https:\/\/senoticias.com.br\/se\/wp-json\/wp\/v2\/posts\/130023\/revisions"}],"wp:attachment":[{"href":"https:\/\/senoticias.com.br\/se\/wp-json\/wp\/v2\/media?parent=130023"}],"wp:term":[{"taxonomy":"category","embeddable":true,"href":"https:\/\/senoticias.com.br\/se\/wp-json\/wp\/v2\/categories?post=130023"},{"taxonomy":"post_tag","embeddable":true,"href":"https:\/\/senoticias.com.br\/se\/wp-json\/wp\/v2\/tags?post=130023"}],"curies":[{"name":"wp","href":"https:\/\/api.w.org\/{rel}","templated":true}]}}