{"id":130021,"date":"2021-09-29T21:05:16","date_gmt":"2021-09-30T00:05:16","guid":{"rendered":"https:\/\/senoticias.com.br\/se\/?p=130021"},"modified":"2021-09-29T21:05:21","modified_gmt":"2021-09-30T00:05:21","slug":"deputado-ibrain-cobra-prioridade-na-reconstrucao-da-rodovia-que-liga-lagarto-a-itaporanga-apos-aprovacao-de-novo-credito","status":"publish","type":"post","link":"https:\/\/senoticias.com.br\/se\/deputado-ibrain-cobra-prioridade-na-reconstrucao-da-rodovia-que-liga-lagarto-a-itaporanga-apos-aprovacao-de-novo-credito\/","title":{"rendered":"Deputado Ibrain cobra prioridade na reconstru\u00e7\u00e3o da Rodovia que liga Lagarto a Itaporanga, ap\u00f3s aprova\u00e7\u00e3o de novo cr\u00e9dito"},"content":{"rendered":"\n<figure class=\"wp-block-image size-large\"><img loading=\"lazy\" decoding=\"async\" width=\"576\" height=\"384\" src=\"https:\/\/senoticias.com.br\/se\/wp-content\/uploads\/2021\/09\/Deputado-Ibraim-Monteiro-SE-Noticias.jpg\" alt=\"\" class=\"wp-image-130022\" srcset=\"https:\/\/senoticias.com.br\/se\/wp-content\/uploads\/2021\/09\/Deputado-Ibraim-Monteiro-SE-Noticias.jpg 576w, https:\/\/senoticias.com.br\/se\/wp-content\/uploads\/2021\/09\/Deputado-Ibraim-Monteiro-SE-Noticias-300x200.jpg 300w, https:\/\/senoticias.com.br\/se\/wp-content\/uploads\/2021\/09\/Deputado-Ibraim-Monteiro-SE-Noticias-90x60.jpg 90w, https:\/\/senoticias.com.br\/se\/wp-content\/uploads\/2021\/09\/Deputado-Ibraim-Monteiro-SE-Noticias-180x120.jpg 180w, https:\/\/senoticias.com.br\/se\/wp-content\/uploads\/2021\/09\/Deputado-Ibraim-Monteiro-SE-Noticias-95x64.jpg 95w\" sizes=\"(max-width: 576px) 100vw, 576px\" \/><figcaption>Deputado Ibrain cobra prioridade na reconstru\u00e7\u00e3o da Rodovia que liga Lagarto a Itaporanga &#8211; Foto: ascom\/parlamentar<\/figcaption><\/figure>\n\n\n\n<p>Buscando seguran\u00e7a e melhorias nas estradas, parlamentares aprovaram nesta quarta-feira, 29, mais uma linha de cr\u00e9dito para o Governo do Estado de Sergipe.&nbsp; Atrav\u00e9s do benef\u00edcio, o deputado estadual Ibrain de Valmir (PSC), volta a cobrar do governador Belivaldo Chagas a reconstru\u00e7\u00e3o da rodovia que liga o munic\u00edpio de Lagarto a Itaporanga d\u2019Ajuda.<\/p>\n\n\n\n<p>De acordo com o parlamentar, a obra possibilitar\u00e1 um novo acesso para os mun\u00edcipes da regi\u00e3o que querem se deslocar com rapidez e seguran\u00e7a para a cidade vizinha. Na \u00faltima semana, Ibrain de Valmir acompanhado do seu pai, o ex-prefeito de Lagarto, Valmir Monteiro, esteve na sede do Governo para solicitar benef\u00edcios para os moradores da regi\u00e3o centro-sul.<\/p>\n\n\n\n<p>&#8220;Em conversa totalmente agrad\u00e1vel, solicitei que Lagarto continue sendo um canteiro de obras, atrav\u00e9s de &nbsp;cal\u00e7amento em v\u00e1rias \u00e1reas do munic\u00edpio, tanto na zona urbana, como tamb\u00e9m na zona rural.&#8221;, disse Ibrain.<\/p>\n\n\n\n<p>Na oportunidade, Ibrain de Valmir pediu celeridade na indica\u00e7\u00e3o de n\u00famero 306\/2019, que solicita a revitaliza\u00e7\u00e3o da Rodovia SE-265, que liga os munic\u00edpios de Lagarto a Itaporanga d\u2019Ajuda, com destaque para os trechos que passam pelos povoados Gravat\u00e1, Sap\u00e9, Bras\u00edlia, Jenipapo, e Estancinha.<\/p>\n\n\n\n<p><em><strong>Quer receber as principais not\u00edcias do<\/strong>&nbsp;<strong>SE Not\u00edcias<\/strong>&nbsp;<strong>no seu<\/strong>&nbsp;<strong>WhatsApp?<\/strong>&nbsp;<strong><a href=\"https:\/\/api.whatsapp.com\/send?phone=5579991715289\">Clique aqui<\/a><\/strong>.<\/em><\/p>\n\n\n\n<p><strong><em>Acompanhe tamb\u00e9m o SE Not\u00edcias no\u00a0<a rel=\"noreferrer noopener\" href=\"https:\/\/twitter.com\/Senoticias\" target=\"_blank\">Twitter<\/a>,\u00a0<a rel=\"noreferrer noopener\" href=\"https:\/\/www.facebook.com\/senoticias1\" target=\"_blank\">Facebook<\/a>\u00a0e no\u00a0<a rel=\"noreferrer noopener\" href=\"https:\/\/www.instagram.com\/senoticias\/\" target=\"_blank\">Instagram<\/a><\/em><\/strong><\/p>\n\n\n\n<p>Por Alice Fernandes, da assessoria de imprensa<\/p>\n","protected":false},"excerpt":{"rendered":"<p>Buscando seguran\u00e7a e melhorias nas estradas, parlamentares aprovaram nesta quarta-feira, 29, mais uma linha de cr\u00e9dito para o Governo do Estado de Sergipe.&nbsp; Atrav\u00e9s do benef\u00edcio, o deputado estadual Ibrain de Valmir (PSC), volta a cobrar do governador Belivaldo Chagas a reconstru\u00e7\u00e3o da rodovia que liga o munic\u00edpio de Lagarto a Itaporanga d\u2019Ajuda. De acordo [&hellip;]<\/p>\n","protected":false},"author":6557,"featured_media":0,"comment_status":"closed","ping_status":"closed","sticky":false,"template":"","format":"standard","meta":{"footnotes":""},"categories":[15,38],"tags":[34171,16667,911,35042,35041],"class_list":{"0":"post-130021","1":"post","2":"type-post","3":"status-publish","4":"format-standard","6":"category-destaques","7":"category-municipios","8":"tag-deputado-estadual-ibrain-de-valmir","9":"tag-deputado-ibrain","10":"tag-governo-do-estado","11":"tag-ibrain-de-valmir","12":"tag-rodovia-que-liga-lagarto-a-itaporanga"},"_links":{"self":[{"href":"https:\/\/senoticias.com.br\/se\/wp-json\/wp\/v2\/posts\/130021"}],"collection":[{"href":"https:\/\/senoticias.com.br\/se\/wp-json\/wp\/v2\/posts"}],"about":[{"href":"https:\/\/senoticias.com.br\/se\/wp-json\/wp\/v2\/types\/post"}],"author":[{"embeddable":true,"href":"https:\/\/senoticias.com.br\/se\/wp-json\/wp\/v2\/users\/6557"}],"replies":[{"embeddable":true,"href":"https:\/\/senoticias.com.br\/se\/wp-json\/wp\/v2\/comments?post=130021"}],"version-history":[{"count":0,"href":"https:\/\/senoticias.com.br\/se\/wp-json\/wp\/v2\/posts\/130021\/revisions"}],"wp:attachment":[{"href":"https:\/\/senoticias.com.br\/se\/wp-json\/wp\/v2\/media?parent=130021"}],"wp:term":[{"taxonomy":"category","embeddable":true,"href":"https:\/\/senoticias.com.br\/se\/wp-json\/wp\/v2\/categories?post=130021"},{"taxonomy":"post_tag","embeddable":true,"href":"https:\/\/senoticias.com.br\/se\/wp-json\/wp\/v2\/tags?post=130021"}],"curies":[{"name":"wp","href":"https:\/\/api.w.org\/{rel}","templated":true}]}}