{"id":129943,"date":"2021-09-23T11:50:03","date_gmt":"2021-09-23T14:50:03","guid":{"rendered":"https:\/\/senoticias.com.br\/se\/?p=129943"},"modified":"2021-09-23T11:58:31","modified_gmt":"2021-09-23T14:58:31","slug":"adolescente-de-14-anos-e-homem-de-35-sao-executados-a-tiros-em-aracaju","status":"publish","type":"post","link":"https:\/\/senoticias.com.br\/se\/adolescente-de-14-anos-e-homem-de-35-sao-executados-a-tiros-em-aracaju\/","title":{"rendered":"Adolescente de 14 anos e homem de 35, s\u00e3o executados a tiros em Aracaju"},"content":{"rendered":"\n<p><\/p>\n\n\n\n<p>Uma adolescente de apenas 14 anos e um homem de 35 anos, identificados como Ana Beatriz Gon\u00e7alves Santos e Paulo do Nascimento Santos foram executados a tiros na noite desta quarta-feira (22) no bairro Santa Maria, em Aracaju.<\/p>\n\n\n\n<figure class=\"wp-block-image size-large\"><img loading=\"lazy\" decoding=\"async\" width=\"589\" height=\"332\" src=\"https:\/\/senoticias.com.br\/se\/wp-content\/uploads\/2021\/09\/MORTOS-se-NOTICIAS.jpg\" alt=\"\" class=\"wp-image-129944\" srcset=\"https:\/\/senoticias.com.br\/se\/wp-content\/uploads\/2021\/09\/MORTOS-se-NOTICIAS.jpg 589w, https:\/\/senoticias.com.br\/se\/wp-content\/uploads\/2021\/09\/MORTOS-se-NOTICIAS-300x169.jpg 300w\" sizes=\"(max-width: 589px) 100vw, 589px\" \/><figcaption>Segundo a Pol\u00edcia Civil, a suspeita \u00e9 que o crime tenha rela\u00e7\u00e3o com o tr\u00e1fico de drogas &#8211; Foto: redes sociais<\/figcaption><\/figure>\n\n\n\n<p>As informa\u00e7\u00f5es s\u00e3o de que a adolescente e o homem estavam dentro do carro, um Fiat Uno, juntamente com dois homens que estariam no banco traseiro do ve\u00edculo e em seguida fugiram tomando rumo ignorado.<\/p>\n\n\n\n<p>Qualquer informa\u00e7\u00e3o pode ser passada atrav\u00e9s dos telefones 181 ou 190.<\/p>\n\n\n\n<p><em><strong>Quer receber as principais not\u00edcias do<\/strong>&nbsp;<strong>SE Not\u00edcias<\/strong>&nbsp;<strong>no seu<\/strong>&nbsp;<strong>WhatsApp?<\/strong>&nbsp;<strong><a href=\"https:\/\/api.whatsapp.com\/send?phone=5579991715289\">Clique aqui<\/a><\/strong>.<\/em><\/p>\n\n\n\n<p><strong><em>Acompanhe tamb\u00e9m o SE Not\u00edcias no\u00a0<a rel=\"noreferrer noopener\" href=\"https:\/\/twitter.com\/Senoticias\" target=\"_blank\">Twitter<\/a>,\u00a0<a rel=\"noreferrer noopener\" href=\"https:\/\/www.facebook.com\/senoticias1\" target=\"_blank\">Facebook<\/a>\u00a0e no\u00a0<a rel=\"noreferrer noopener\" href=\"https:\/\/www.instagram.com\/senoticias\/\" target=\"_blank\">Instagram<\/a><\/em><\/strong><\/p>\n\n\n\n<p>Fonte: <strong>FaxAju<\/strong><\/p>\n","protected":false},"excerpt":{"rendered":"<p>Uma adolescente de apenas 14 anos e um homem de 35 anos, identificados como Ana Beatriz Gon\u00e7alves Santos e Paulo do Nascimento Santos foram executados a tiros na noite desta quarta-feira (22) no bairro Santa Maria, em Aracaju. As informa\u00e7\u00f5es s\u00e3o de que a adolescente e o homem estavam dentro do carro, um Fiat Uno, [&hellip;]<\/p>\n","protected":false},"author":6557,"featured_media":0,"comment_status":"closed","ping_status":"closed","sticky":false,"template":"","format":"standard","meta":{"footnotes":""},"categories":[15,7,1],"tags":[34999,12098,7923,857],"class_list":{"0":"post-129943","1":"post","2":"type-post","3":"status-publish","4":"format-standard","6":"category-destaques","7":"category-policia","8":"category-sem-categoria","9":"tag-adolescente-executado","10":"tag-crime-no-santa-maria","11":"tag-homem-executado","12":"tag-violencia"},"_links":{"self":[{"href":"https:\/\/senoticias.com.br\/se\/wp-json\/wp\/v2\/posts\/129943"}],"collection":[{"href":"https:\/\/senoticias.com.br\/se\/wp-json\/wp\/v2\/posts"}],"about":[{"href":"https:\/\/senoticias.com.br\/se\/wp-json\/wp\/v2\/types\/post"}],"author":[{"embeddable":true,"href":"https:\/\/senoticias.com.br\/se\/wp-json\/wp\/v2\/users\/6557"}],"replies":[{"embeddable":true,"href":"https:\/\/senoticias.com.br\/se\/wp-json\/wp\/v2\/comments?post=129943"}],"version-history":[{"count":0,"href":"https:\/\/senoticias.com.br\/se\/wp-json\/wp\/v2\/posts\/129943\/revisions"}],"wp:attachment":[{"href":"https:\/\/senoticias.com.br\/se\/wp-json\/wp\/v2\/media?parent=129943"}],"wp:term":[{"taxonomy":"category","embeddable":true,"href":"https:\/\/senoticias.com.br\/se\/wp-json\/wp\/v2\/categories?post=129943"},{"taxonomy":"post_tag","embeddable":true,"href":"https:\/\/senoticias.com.br\/se\/wp-json\/wp\/v2\/tags?post=129943"}],"curies":[{"name":"wp","href":"https:\/\/api.w.org\/{rel}","templated":true}]}}