{"id":129940,"date":"2021-09-23T10:55:29","date_gmt":"2021-09-23T13:55:29","guid":{"rendered":"https:\/\/senoticias.com.br\/se\/?p=129940"},"modified":"2021-09-23T11:19:40","modified_gmt":"2021-09-23T14:19:40","slug":"estado-de-saude-do-delegado-baleado-apresenta-melhora-significativa","status":"publish","type":"post","link":"https:\/\/senoticias.com.br\/se\/estado-de-saude-do-delegado-baleado-apresenta-melhora-significativa\/","title":{"rendered":"Estado de sa\u00fade do delegado baleado apresenta melhora significativa"},"content":{"rendered":"\n<p>O delegado da Pol\u00edcia Civil Marcelo Hercos, atingido com <strong><a href=\"https:\/\/senoticias.com.br\/se\/delegado-da-policia-civil-de-sergipe-baleado-em-aracaju-assista\/\">disparos de arma de fogo na \u00faltima ter\u00e7a-feira, 21<\/a><\/strong>, permanece internado na Unidade de Terapia Intensiva (UTI), do Hospital de Urg\u00eancia de Sergipe (Huse).<\/p>\n\n\n\n<p>De acordo com o \u00faltimo boletim m\u00e9dico, o paciente passou por uma interven\u00e7\u00e3o cir\u00fargica e encontra-se sedado, entubado e respirando com a ajuda de um aparelho de ventila\u00e7\u00e3o mec\u00e2nica, necessitando de doses elevadas de medicamentos intravenosos.<\/p>\n\n\n\n<figure class=\"wp-block-image size-large\"><img loading=\"lazy\" decoding=\"async\" width=\"462\" height=\"326\" src=\"https:\/\/senoticias.com.br\/se\/wp-content\/uploads\/2021\/09\/Delegado-Marcelo-Hercos-SE-Noticias.jpg\" alt=\"\" class=\"wp-image-129941\" srcset=\"https:\/\/senoticias.com.br\/se\/wp-content\/uploads\/2021\/09\/Delegado-Marcelo-Hercos-SE-Noticias.jpg 462w, https:\/\/senoticias.com.br\/se\/wp-content\/uploads\/2021\/09\/Delegado-Marcelo-Hercos-SE-Noticias-300x212.jpg 300w\" sizes=\"(max-width: 462px) 100vw, 462px\" \/><figcaption>O delegado foi baleado ap\u00f3s abordagem a suspeitos &#8211; Foto: SSP\/SE<\/figcaption><\/figure>\n\n\n\n<p>Em entrevista para a TV Atalaia, o superintendente do Huse Walter Pinheiro afirma que, apesar do estado de sa\u00fade seja grave, o agente responde aos est\u00edmulos e apresenta melhora significativa diante da normalidade apresentada nos exames laboratoriais e de imagem. Apesar da evolu\u00e7\u00e3o, ainda n\u00e3o h\u00e1 previs\u00e3o de alta da UTI, embora exista a possibilidade de uma transfer\u00eancia para outra unidade de sa\u00fade na pr\u00f3xima sexta-feira, 24.<\/p>\n\n\n\n<p><strong>O caso<\/strong><\/p>\n\n\n\n<p>As imagens de seguran\u00e7a de uma loja de conveni\u00eancia do posto de combust\u00edvel registraram o momento em que o delegado Marcelo Hercos foi baleado por uma arma de fogo. O agente teria abordado tr\u00eas homens ap\u00f3s tentarem efetuar uma compra com notas falsas quando um deles entrou em confronto de luta corporal e o atingiu com os disparos.<\/p>\n\n\n\n<p>Dois dos envolvidos, Manuel Santos Farias Neto e Daniel dos Santos, foram presos em uma \u00e1rea de matagal perto de um terreno abandonado localizado na Orla de Atalaia, em Aracaju, e aguardam a audi\u00eancia de cust\u00f3dia que ser\u00e1 realizada nas pr\u00f3ximas horas desta quinta-feira, 23. O terceiro suspeito Wellington de Carvalho Bispo, por sua vez, que \u00e9 acusado de ser o executor dos disparos com arma de fogo contra o agente, continua foragido. Segundo os advogados de defesa, a previs\u00e3o \u00e9 que ele se apresente \u00e0 pol\u00edcia voluntariamente ainda no dia de hoje.<\/p>\n\n\n\n<p>A Pol\u00edcia Civil tamb\u00e9m apontou o envolvimento de outro um homem, identificado como Cristian Magno dos Santos Cruz, suspeito de alugar o carro utilizado na a\u00e7\u00e3o de repasse das notas falsas e tentativa de homic\u00eddio contra o delegado. O indiv\u00edduo j\u00e1 tem hist\u00f3rico de pris\u00e3o pelos crimes de tr\u00e1fico de drogas, apropria\u00e7\u00e3o ind\u00e9bita de ve\u00edculo locado e viol\u00eancia dom\u00e9stica.<\/p>\n\n\n\n<p>Os suspeitos devem responder pelos crimes de tentativa de homic\u00eddio, estelionato consumado e associa\u00e7\u00e3o criminosa.<\/p>\n\n\n\n<p>Atrav\u00e9s do Disque-Den\u00fancia, pelo n\u00famero 181, a popula\u00e7\u00e3o pode encaminhar informa\u00e7\u00f5es que contribuem com a localiza\u00e7\u00e3o do executor.<\/p>\n\n\n\n<p><em><strong>Quer receber as principais not\u00edcias do<\/strong>&nbsp;<strong>SE Not\u00edcias<\/strong>&nbsp;<strong>no seu<\/strong>&nbsp;<strong>WhatsApp?<\/strong>&nbsp;<strong><a href=\"https:\/\/api.whatsapp.com\/send?phone=5579991715289\">Clique aqui<\/a><\/strong>.<\/em><\/p>\n\n\n\n<p><strong><em>Acompanhe tamb\u00e9m o SE Not\u00edcias no\u00a0<a rel=\"noreferrer noopener\" href=\"https:\/\/twitter.com\/Senoticias\" target=\"_blank\">Twitter<\/a>,\u00a0<a rel=\"noreferrer noopener\" href=\"https:\/\/www.facebook.com\/senoticias1\" target=\"_blank\">Facebook<\/a>\u00a0e no\u00a0<a rel=\"noreferrer noopener\" href=\"https:\/\/www.instagram.com\/senoticias\/\" target=\"_blank\">Instagram<\/a><\/em><\/strong><\/p>\n\n\n\n<p>Fonte: A8SE.com.br<\/p>\n","protected":false},"excerpt":{"rendered":"<p>O delegado da Pol\u00edcia Civil Marcelo Hercos, atingido com disparos de arma de fogo na \u00faltima ter\u00e7a-feira, 21, permanece internado na Unidade de Terapia Intensiva (UTI), do Hospital de Urg\u00eancia de Sergipe (Huse). De acordo com o \u00faltimo boletim m\u00e9dico, o paciente passou por uma interven\u00e7\u00e3o cir\u00fargica e encontra-se sedado, entubado e respirando com a [&hellip;]<\/p>\n","protected":false},"author":6557,"featured_media":0,"comment_status":"closed","ping_status":"closed","sticky":false,"template":"","format":"standard","meta":{"footnotes":""},"categories":[15,7,1],"tags":[34989,34998,12900],"class_list":{"0":"post-129940","1":"post","2":"type-post","3":"status-publish","4":"format-standard","6":"category-destaques","7":"category-policia","8":"category-sem-categoria","9":"tag-delegado-baleado","10":"tag-delegado-da-policia-civil-marcelo-hercos","11":"tag-delegado-marcelo-hercos"},"_links":{"self":[{"href":"https:\/\/senoticias.com.br\/se\/wp-json\/wp\/v2\/posts\/129940"}],"collection":[{"href":"https:\/\/senoticias.com.br\/se\/wp-json\/wp\/v2\/posts"}],"about":[{"href":"https:\/\/senoticias.com.br\/se\/wp-json\/wp\/v2\/types\/post"}],"author":[{"embeddable":true,"href":"https:\/\/senoticias.com.br\/se\/wp-json\/wp\/v2\/users\/6557"}],"replies":[{"embeddable":true,"href":"https:\/\/senoticias.com.br\/se\/wp-json\/wp\/v2\/comments?post=129940"}],"version-history":[{"count":0,"href":"https:\/\/senoticias.com.br\/se\/wp-json\/wp\/v2\/posts\/129940\/revisions"}],"wp:attachment":[{"href":"https:\/\/senoticias.com.br\/se\/wp-json\/wp\/v2\/media?parent=129940"}],"wp:term":[{"taxonomy":"category","embeddable":true,"href":"https:\/\/senoticias.com.br\/se\/wp-json\/wp\/v2\/categories?post=129940"},{"taxonomy":"post_tag","embeddable":true,"href":"https:\/\/senoticias.com.br\/se\/wp-json\/wp\/v2\/tags?post=129940"}],"curies":[{"name":"wp","href":"https:\/\/api.w.org\/{rel}","templated":true}]}}