{"id":129938,"date":"2021-09-22T19:05:36","date_gmt":"2021-09-22T22:05:36","guid":{"rendered":"https:\/\/senoticias.com.br\/se\/?p=129938"},"modified":"2021-09-22T19:08:56","modified_gmt":"2021-09-22T22:08:56","slug":"autores-de-tentativa-de-homicidio-do-delegado-marcelo-hercos-sao-ex-presidiarios-e-vieram-da-bahia","status":"publish","type":"post","link":"https:\/\/senoticias.com.br\/se\/autores-de-tentativa-de-homicidio-do-delegado-marcelo-hercos-sao-ex-presidiarios-e-vieram-da-bahia\/","title":{"rendered":"Autores de tentativa de homic\u00eddio do delegado Marcelo Hercos s\u00e3o ex-presidi\u00e1rios e vieram da Bahia"},"content":{"rendered":"\n<p>A Secretaria da Seguran\u00e7a P\u00fablica (SSP) detalhou, em entrevista coletiva realizada na manh\u00e3 desta quarta-feira (22), os trabalhos que est\u00e3o sendo desenvolvidos pelas for\u00e7as de seguran\u00e7a p\u00fablica para elucidar a ocorr\u00eancia e prender os envolvidos nos disparos de arma de fogo feitos contra o delegado Marcelo Hercos. A entrevista coletiva foi realizada no Centro de Opera\u00e7\u00f5es Policiais Especiais (Cope), que est\u00e1 \u00e0 frente da investiga\u00e7\u00e3o. Os envolvidos no crime, que s\u00e3o ex-presidi\u00e1rios, ser\u00e3o indiciados pelas pr\u00e1ticas de tentativa de homic\u00eddio, associa\u00e7\u00e3o criminosa e estelionato.<\/p>\n\n\n\n<figure class=\"wp-block-image size-large\"><img loading=\"lazy\" decoding=\"async\" width=\"638\" height=\"408\" src=\"https:\/\/senoticias.com.br\/se\/wp-content\/uploads\/2021\/09\/Delegado-Dernival-Eloy-SE-Noticias.jpeg\" alt=\"\" class=\"wp-image-129939\" srcset=\"https:\/\/senoticias.com.br\/se\/wp-content\/uploads\/2021\/09\/Delegado-Dernival-Eloy-SE-Noticias.jpeg 638w, https:\/\/senoticias.com.br\/se\/wp-content\/uploads\/2021\/09\/Delegado-Dernival-Eloy-SE-Noticias-300x192.jpeg 300w, https:\/\/senoticias.com.br\/se\/wp-content\/uploads\/2021\/09\/Delegado-Dernival-Eloy-SE-Noticias-190x122.jpeg 190w, https:\/\/senoticias.com.br\/se\/wp-content\/uploads\/2021\/09\/Delegado-Dernival-Eloy-SE-Noticias-120x76.jpeg 120w, https:\/\/senoticias.com.br\/se\/wp-content\/uploads\/2021\/09\/Delegado-Dernival-Eloy-SE-Noticias-265x168.jpeg 265w, https:\/\/senoticias.com.br\/se\/wp-content\/uploads\/2021\/09\/Delegado-Dernival-Eloy-SE-Noticias-220x140.jpeg 220w\" sizes=\"(max-width: 638px) 100vw, 638px\" \/><figcaption>O diretor do Cope, delegado Dernival Eloi, informou que os autores do crime agiam locando ve\u00edculos e que o carro encontrado n\u00e3o havia sido utilizado em outras investidas no estado anteriormente &#8211; Foto: SSP\/SE<\/figcaption><\/figure>\n\n\n\n<p>O crime foi praticado por tr\u00eas homens, que estavam em um posto de combust\u00edvel na Zona de Expans\u00e3o da capital, na tarde dessa ter\u00e7a-feira (21). As c\u00e2meras de seguran\u00e7a do estabelecimento comercial foram solicitadas para ajudar na identifica\u00e7\u00e3o dos autores. Ainda na ter\u00e7a-feira \u00e0 noite, o ve\u00edculo utilizado pelo grupo foi encontrado no fundo do shopping que est\u00e1 em constru\u00e7\u00e3o na Zona de Expans\u00e3o.<\/p>\n\n\n\n<p>J\u00e1 na manh\u00e3 desta quarta-feira (22), o Batalh\u00e3o de Policiamento Tur\u00edstico (BPTur) prendeu dois dos envolvidos no crime. Eles foram identificados como Manuel Santos Farias Neto e Daniel dos Santos. O autor dos disparos foi identificado como Wellington de Carvalho Bispo. As for\u00e7as de seguran\u00e7a p\u00fablica seguem as buscas pela localiza\u00e7\u00e3o dele.<\/p>\n\n\n\n<p>O secret\u00e1rio da seguran\u00e7a p\u00fablica, Jo\u00e3o Eloy de Menezes, destacou que o grupo veio a Sergipe para passar notas de dinheiro falsas. \u201cA opera\u00e7\u00e3o est\u00e1 em curso com todas as for\u00e7as de seguran\u00e7a do estado, no sentido de capturar o homem que atirou no delegado. Todos s\u00e3o ex-presidi\u00e1rios, inclusive um que constava na Bahia como preso. Eles vinham passando notas falsas tanto no interior do estado, quanto na capital, e, dessa \u00faltima vez, chegaram ontem por volta das 2h30. Com as imagens e com o trabalho excelente da nossa per\u00edcia, foram identificados os tr\u00eas suspeitos\u201d, revelou.<\/p>\n\n\n\n<p>O diretor do Cope, delegado Dernival Eloi, informou que os autores do crime agiam locando ve\u00edculos e que o carro encontrado n\u00e3o havia sido utilizado em outras investidas no estado anteriormente. \u201cO ve\u00edculo tem disparos e manchas de sangue. Segundo os presos, o terceiro envolvido foi baleado no bra\u00e7o. A arma do delegado ainda n\u00e3o foi localizada. Os presos confessaram que vieram munidos de notas falsas e que estavam fazendo v\u00e1rias compras de pequeno valor para pegar o troco dessas compras\u201d, acrescentou.<\/p>\n\n\n\n<p>O delegado-geral, Thiago Leandro, ressaltou a integra\u00e7\u00e3o entre as for\u00e7as da seguran\u00e7a p\u00fablica para a elucida\u00e7\u00e3o do caso e mencionou que o foragido foi ferido durante a pr\u00f3pria investida criminosa. \u201cO fator integra\u00e7\u00e3o \u00e9 o que nos faz vencer, junto com a persist\u00eancia. Eles permaneceram em um bar e pediram ajuda a um morador da regi\u00e3o, que orientou que eles se entregassem \u00e0 pol\u00edcia. Temos a certeza que o autor dos disparos est\u00e1 com um tiro no bra\u00e7o esquerdo e est\u00e1 de posse da pistola do delegado. O foragido \u00e9 conhecido na regi\u00e3o de Sim\u00f5es Filho (BA). O foragido tem uma condi\u00e7\u00e3o muito boa na Bahia e esbanja uma certa quantidade de dinheiro\u201d, concluiu.<\/p>\n\n\n\n<p><em><strong>Quer receber as principais not\u00edcias do<\/strong>&nbsp;<strong>SE Not\u00edcias<\/strong>&nbsp;<strong>no seu<\/strong>&nbsp;<strong>WhatsApp?<\/strong>&nbsp;<strong><a href=\"https:\/\/api.whatsapp.com\/send?phone=5579991715289\">Clique aqui<\/a><\/strong>.<\/em><\/p>\n\n\n\n<p><strong><em>Acompanhe tamb\u00e9m o SE Not\u00edcias no\u00a0<a rel=\"noreferrer noopener\" href=\"https:\/\/twitter.com\/Senoticias\" target=\"_blank\">Twitter<\/a>,\u00a0<a rel=\"noreferrer noopener\" href=\"https:\/\/www.facebook.com\/senoticias1\" target=\"_blank\">Facebook<\/a>\u00a0e no\u00a0<a rel=\"noreferrer noopener\" href=\"https:\/\/www.instagram.com\/senoticias\/\" target=\"_blank\">Instagram<\/a><\/em><\/strong><\/p>\n\n\n\n<p>Fonte: SSP\/SE<\/p>\n","protected":false},"excerpt":{"rendered":"<p>A Secretaria da Seguran\u00e7a P\u00fablica (SSP) detalhou, em entrevista coletiva realizada na manh\u00e3 desta quarta-feira (22), os trabalhos que est\u00e3o sendo desenvolvidos pelas for\u00e7as de seguran\u00e7a p\u00fablica para elucidar a ocorr\u00eancia e prender os envolvidos nos disparos de arma de fogo feitos contra o delegado Marcelo Hercos. A entrevista coletiva foi realizada no Centro de [&hellip;]<\/p>\n","protected":false},"author":6557,"featured_media":0,"comment_status":"closed","ping_status":"closed","sticky":false,"template":"","format":"standard","meta":{"footnotes":""},"categories":[15,7,1],"tags":[12900,34997,8327,34996],"class_list":{"0":"post-129938","1":"post","2":"type-post","3":"status-publish","4":"format-standard","6":"category-destaques","7":"category-policia","8":"category-sem-categoria","9":"tag-delegado-marcelo-hercos","10":"tag-marcelo-hercos","11":"tag-secretaria-da-seguranca-publica","12":"tag-tentativa-de-homicidio-contra-delegado"},"_links":{"self":[{"href":"https:\/\/senoticias.com.br\/se\/wp-json\/wp\/v2\/posts\/129938"}],"collection":[{"href":"https:\/\/senoticias.com.br\/se\/wp-json\/wp\/v2\/posts"}],"about":[{"href":"https:\/\/senoticias.com.br\/se\/wp-json\/wp\/v2\/types\/post"}],"author":[{"embeddable":true,"href":"https:\/\/senoticias.com.br\/se\/wp-json\/wp\/v2\/users\/6557"}],"replies":[{"embeddable":true,"href":"https:\/\/senoticias.com.br\/se\/wp-json\/wp\/v2\/comments?post=129938"}],"version-history":[{"count":0,"href":"https:\/\/senoticias.com.br\/se\/wp-json\/wp\/v2\/posts\/129938\/revisions"}],"wp:attachment":[{"href":"https:\/\/senoticias.com.br\/se\/wp-json\/wp\/v2\/media?parent=129938"}],"wp:term":[{"taxonomy":"category","embeddable":true,"href":"https:\/\/senoticias.com.br\/se\/wp-json\/wp\/v2\/categories?post=129938"},{"taxonomy":"post_tag","embeddable":true,"href":"https:\/\/senoticias.com.br\/se\/wp-json\/wp\/v2\/tags?post=129938"}],"curies":[{"name":"wp","href":"https:\/\/api.w.org\/{rel}","templated":true}]}}