{"id":129936,"date":"2021-09-22T18:54:52","date_gmt":"2021-09-22T21:54:52","guid":{"rendered":"https:\/\/senoticias.com.br\/se\/?p=129936"},"modified":"2021-09-22T18:54:58","modified_gmt":"2021-09-22T21:54:58","slug":"primavera-chega-a-sergipe-com-temperaturas-acima-da-media","status":"publish","type":"post","link":"https:\/\/senoticias.com.br\/se\/primavera-chega-a-sergipe-com-temperaturas-acima-da-media\/","title":{"rendered":"Primavera chega a Sergipe com temperaturas acima da m\u00e9dia"},"content":{"rendered":"\n<p>Esta \u00e9 a esta\u00e7\u00e3o mais florida, rom\u00e2ntica, colorida e convidativa \u00e0s atividades de lazer em parques e praias nos per\u00edodos diurnos. Na primavera os dias e as noites possuem basicamente a mesma dura\u00e7\u00e3o e a varia\u00e7\u00e3o dos term\u00f4metros j\u00e1 \u00e9 sido percebida pelos sergipanos.<\/p>\n\n\n\n<figure class=\"wp-block-image size-large\"><img loading=\"lazy\" decoding=\"async\" width=\"588\" height=\"392\" src=\"https:\/\/senoticias.com.br\/se\/wp-content\/uploads\/2021\/09\/Primavera-SE-Noticias.jpg\" alt=\"\" class=\"wp-image-129937\" srcset=\"https:\/\/senoticias.com.br\/se\/wp-content\/uploads\/2021\/09\/Primavera-SE-Noticias.jpg 588w, https:\/\/senoticias.com.br\/se\/wp-content\/uploads\/2021\/09\/Primavera-SE-Noticias-300x200.jpg 300w, https:\/\/senoticias.com.br\/se\/wp-content\/uploads\/2021\/09\/Primavera-SE-Noticias-90x60.jpg 90w, https:\/\/senoticias.com.br\/se\/wp-content\/uploads\/2021\/09\/Primavera-SE-Noticias-180x120.jpg 180w, https:\/\/senoticias.com.br\/se\/wp-content\/uploads\/2021\/09\/Primavera-SE-Noticias-95x64.jpg 95w\" sizes=\"(max-width: 588px) 100vw, 588px\" \/><figcaption>Chuvas em torno ou acima da m\u00e9dia ser\u00e3o as principais caracter\u00edsticas da Primavera em Sergipe &#8211; Foto: ascom\/Sedurbs<\/figcaption><\/figure>\n\n\n\n<p>\u201cGosto muito da primavera, para mim \u00e9 a melhor esta\u00e7\u00e3o para praticar atividades ao ar livre, mas desde os \u00faltimos dias sinto que o calor tem aumentado. Caminho e corro no mesmo hor\u00e1rio, e estou mais suada e cansada que o normal. A partir de agora farei meus exerc\u00edcios uma hora mais tarde\u201d, declara administradora Joana Lima, que pratica caminhadas e corridas di\u00e1rias, notando que as temperaturas j\u00e1 se mostram elevadas.<\/p>\n\n\n\n<p>Tendo o in\u00edcio do equin\u00f3cio de Primavera, a partir das 16h21 desta quarta-feira, 22, o trimestre entre os \u00faltimos dias do m\u00eas de setembro at\u00e9 o final de novembro ser\u00e1 marcado pela ocorr\u00eancia de chuvas em torno ou acima da climatologia, com temperaturas dentro da m\u00e9dia para o per\u00edodo.<\/p>\n\n\n\n<p>De acordo com os estudos meteorol\u00f3gicos do Instituto Nacional de Pesquisas Espaciais (Inpe), nos estados do interior do Nordeste, parte de Mato Grosso do Sul e S\u00e3o Paulo, sul de Minas Gerais e Oeste do Paran\u00e1 e de Santa Catarina, as chuvas ocorrer\u00e3o bem abaixo da m\u00e9dia hist\u00f3rica, diferente dos dois \u00faltimos anos em que elas ocorreram com frequ\u00eancia consider\u00e1vel.<\/p>\n\n\n\n<p>Segundo o Instituto Nacional de Meteorologia (Inmet), durante a primavera deste ano, os efeitos do fen\u00f4meno clim\u00e1tico La Ni\u00f1a ser\u00e3o sentidos em grande parte do pa\u00eds, podendo afetar a regularidade das chuvas em Sergipe, visto que elas ocorrer\u00e3o de forma eventual com caracter\u00edsticas convectivas &#8211; que s\u00e3o chuvas em grande intensidade em um curto per\u00edodo de tempo e bem localizadas, ou seja, pontuais em determinadas regi\u00f5es do Estado. Outro fator provocado pelo fen\u00f4meno ser\u00e1 o aumento das temperaturas, que na parte central e no interior do Nordeste do pa\u00eds ser\u00e3o as mais altas do que a m\u00e9dia hist\u00f3rica registrada durante a esta\u00e7\u00e3o.<\/p>\n\n\n\n<p><strong>Efeitos j\u00e1 sendo sentidos<\/strong><\/p>\n\n\n\n<p>A Primavera chega em Sergipe com os term\u00f4metros registrando aumento na temperatura. O clima da nova esta\u00e7\u00e3o deve trazer menos chuvas e mais calor para todas as regi\u00f5es do estado. Mais conhecida como a Esta\u00e7\u00e3o das Flores, a Primavera \u00e9 o per\u00edodo de transi\u00e7\u00e3o do clima frio do inverno para o quente do ver\u00e3o. Ela possui como caracter\u00edsticas principais a ocorr\u00eancia de chuvas de trovoadas ocorridas com mais const\u00e2ncia no final da esta\u00e7\u00e3o. O calor que aumenta gradativamente, como uma esp\u00e9cie de prepara\u00e7\u00e3o na natureza para o ver\u00e3o, iniciando em meados de dezembro.&nbsp;<\/p>\n\n\n\n<p>Adepta das caminhadas vespertinas, a dona de casa, Ju\u00e7ara Carlota Lima tamb\u00e9m vem notando o aumento da temperatura. \u201cGeralmente caminho a partir das quatro horas da tarde e nos \u00faltimos dias est\u00e3o mais quentes, abafados, creio que j\u00e1 \u00e9 o efeito da primavera, mas continuarei com a s minhas atividades\u201d, afirma.<\/p>\n\n\n\n<p><em><strong>Quer receber as principais not\u00edcias do<\/strong>&nbsp;<strong>SE Not\u00edcias<\/strong>&nbsp;<strong>no seu<\/strong>&nbsp;<strong>WhatsApp?<\/strong>&nbsp;<strong><a href=\"https:\/\/api.whatsapp.com\/send?phone=5579991715289\">Clique aqui<\/a><\/strong>.<\/em><\/p>\n\n\n\n<p><strong><em>Acompanhe tamb\u00e9m o SE Not\u00edcias no\u00a0<a rel=\"noreferrer noopener\" href=\"https:\/\/twitter.com\/Senoticias\" target=\"_blank\">Twitter<\/a>,\u00a0<a rel=\"noreferrer noopener\" href=\"https:\/\/www.facebook.com\/senoticias1\" target=\"_blank\">Facebook<\/a>\u00a0e no\u00a0<a rel=\"noreferrer noopener\" href=\"https:\/\/www.instagram.com\/senoticias\/\" target=\"_blank\">Instagram<\/a><\/em><\/strong><\/p>\n\n\n\n<p>Fonte: Ag\u00eancia Sergipe de Not\u00edcias<\/p>\n","protected":false},"excerpt":{"rendered":"<p>Esta \u00e9 a esta\u00e7\u00e3o mais florida, rom\u00e2ntica, colorida e convidativa \u00e0s atividades de lazer em parques e praias nos per\u00edodos diurnos. Na primavera os dias e as noites possuem basicamente a mesma dura\u00e7\u00e3o e a varia\u00e7\u00e3o dos term\u00f4metros j\u00e1 \u00e9 sido percebida pelos sergipanos. \u201cGosto muito da primavera, para mim \u00e9 a melhor esta\u00e7\u00e3o para [&hellip;]<\/p>\n","protected":false},"author":6557,"featured_media":0,"comment_status":"closed","ping_status":"closed","sticky":false,"template":"","format":"standard","meta":{"footnotes":""},"categories":[15,6],"tags":[34995,6030],"class_list":{"0":"post-129936","1":"post","2":"type-post","3":"status-publish","4":"format-standard","6":"category-destaques","7":"category-politica","8":"tag-estacao-primavera","9":"tag-primavera"},"_links":{"self":[{"href":"https:\/\/senoticias.com.br\/se\/wp-json\/wp\/v2\/posts\/129936"}],"collection":[{"href":"https:\/\/senoticias.com.br\/se\/wp-json\/wp\/v2\/posts"}],"about":[{"href":"https:\/\/senoticias.com.br\/se\/wp-json\/wp\/v2\/types\/post"}],"author":[{"embeddable":true,"href":"https:\/\/senoticias.com.br\/se\/wp-json\/wp\/v2\/users\/6557"}],"replies":[{"embeddable":true,"href":"https:\/\/senoticias.com.br\/se\/wp-json\/wp\/v2\/comments?post=129936"}],"version-history":[{"count":0,"href":"https:\/\/senoticias.com.br\/se\/wp-json\/wp\/v2\/posts\/129936\/revisions"}],"wp:attachment":[{"href":"https:\/\/senoticias.com.br\/se\/wp-json\/wp\/v2\/media?parent=129936"}],"wp:term":[{"taxonomy":"category","embeddable":true,"href":"https:\/\/senoticias.com.br\/se\/wp-json\/wp\/v2\/categories?post=129936"},{"taxonomy":"post_tag","embeddable":true,"href":"https:\/\/senoticias.com.br\/se\/wp-json\/wp\/v2\/tags?post=129936"}],"curies":[{"name":"wp","href":"https:\/\/api.w.org\/{rel}","templated":true}]}}