{"id":129904,"date":"2021-09-20T15:57:39","date_gmt":"2021-09-20T18:57:39","guid":{"rendered":"https:\/\/senoticias.com.br\/se\/?p=129904"},"modified":"2021-09-20T16:01:52","modified_gmt":"2021-09-20T19:01:52","slug":"acao-conjunta-apreende-37kg-de-maconha-enterrados-em-casa-na-barra-dos-coqueiros","status":"publish","type":"post","link":"https:\/\/senoticias.com.br\/se\/acao-conjunta-apreende-37kg-de-maconha-enterrados-em-casa-na-barra-dos-coqueiros\/","title":{"rendered":"A\u00e7\u00e3o conjunta apreende 37kg de maconha enterrados em casa na Barra dos Coqueiros"},"content":{"rendered":"\n<p>Equipes do Centro Integrado de Seguran\u00e7a P\u00fablica (Cisp) da cidade de Barra dos Coqueiros prenderam em flagrante Emerson dos Santos, conhecido como \u201cBoca\u201d, por tr\u00e1fico de drogas. A a\u00e7\u00e3o policial, que ocorreu em conjunto entre as pol\u00edcias Civil e Militar, ocorreu nesta segunda-feira (20) e tamb\u00e9m gerou o cumprimento de um mandado de pris\u00e3o contra o investigado. A pris\u00e3o ocorreu no Loteamento Suzana Azevedo.<\/p>\n\n\n\n<figure class=\"wp-block-image size-large\"><img loading=\"lazy\" decoding=\"async\" width=\"576\" height=\"324\" src=\"https:\/\/senoticias.com.br\/se\/wp-content\/uploads\/2021\/09\/Drogas-SE-Noticias.jpeg\" alt=\"\" class=\"wp-image-129905\" srcset=\"https:\/\/senoticias.com.br\/se\/wp-content\/uploads\/2021\/09\/Drogas-SE-Noticias.jpeg 576w, https:\/\/senoticias.com.br\/se\/wp-content\/uploads\/2021\/09\/Drogas-SE-Noticias-300x169.jpeg 300w\" sizes=\"(max-width: 576px) 100vw, 576px\" \/><figcaption>Al\u00e9m de cumprir um mandado de pris\u00e3o e de busca e apreens\u00e3o, o suspeito tamb\u00e9m acabou preso em flagrante em posse dos entorpecentes &#8211; Foto: SSP\/SE<\/figcaption><\/figure>\n\n\n\n<p>A a\u00e7\u00e3o policial ocorreu de forma conjunta entre a 11\u00aa Delegacia Metropolitana (11\u00aa DM) e a 2\u00aa Companhia Independente de Pol\u00edcia Militar (2\u00aa CIPM). De acordo com o delegado Werner Azevedo, foram apreendidos 37,016 quilos de maconha, 320 gramas de crack e 583 gramas de coca\u00edna. O entorpecente estava enterrado na casa do investigado.<\/p>\n\n\n\n<p>\u201cEm cumprimento a mandados de pris\u00e3o e de busca e apreens\u00e3o conseguimos apreender drogas, em posse do investigado. Ele fazia parte de uma organiza\u00e7\u00e3o criminosa que est\u00e1vamos investigando e estamos aos poucos tentando dissolver esse grupo, prendendo seus integrantes e diminuindo o tr\u00e1fico de drogas na regi\u00e3o\u201d, explicou.<\/p>\n\n\n\n<p>O major Matheus Soares informou que o entorpecente foi encaminhado para a unidade policial, onde foram adotados os demais procedimentos legais. \u201cPela manh\u00e3, tivemos uma opera\u00e7\u00e3o conjunta com a equipe de policiais civis e policiais militares. Nesse cumprimento de mandado, que resultou na pris\u00e3o do investigado, foram apreendidas as drogas, que foram encaminhadas ao Cisp\u201d, concluiu.<\/p>\n\n\n\n<p><em><strong>Quer receber as principais not\u00edcias do<\/strong>&nbsp;<strong>SE Not\u00edcias<\/strong>&nbsp;<strong>no seu<\/strong>&nbsp;<strong>WhatsApp?<\/strong>&nbsp;<strong><a href=\"https:\/\/api.whatsapp.com\/send?phone=5579991715289\">Clique aqui<\/a><\/strong>.<\/em><\/p>\n\n\n\n<p><strong><em>Acompanhe tamb\u00e9m o SE Not\u00edcias no\u00a0<a rel=\"noreferrer noopener\" href=\"https:\/\/twitter.com\/Senoticias\" target=\"_blank\">Twitter<\/a>,\u00a0<a rel=\"noreferrer noopener\" href=\"https:\/\/www.facebook.com\/senoticias1\" target=\"_blank\">Facebook<\/a>\u00a0e no\u00a0<a rel=\"noreferrer noopener\" href=\"https:\/\/www.instagram.com\/senoticias\/\" target=\"_blank\">Instagram<\/a><\/em><\/strong><\/p>\n\n\n\n<p>Fonte: SSP\/SE<\/p>\n","protected":false},"excerpt":{"rendered":"<p>Equipes do Centro Integrado de Seguran\u00e7a P\u00fablica (Cisp) da cidade de Barra dos Coqueiros prenderam em flagrante Emerson dos Santos, conhecido como \u201cBoca\u201d, por tr\u00e1fico de drogas. A a\u00e7\u00e3o policial, que ocorreu em conjunto entre as pol\u00edcias Civil e Militar, ocorreu nesta segunda-feira (20) e tamb\u00e9m gerou o cumprimento de um mandado de pris\u00e3o contra [&hellip;]<\/p>\n","protected":false},"author":6557,"featured_media":0,"comment_status":"closed","ping_status":"closed","sticky":false,"template":"","format":"standard","meta":{"footnotes":""},"categories":[15,7,1],"tags":[3948,3141,34980],"class_list":{"0":"post-129904","1":"post","2":"type-post","3":"status-publish","4":"format-standard","6":"category-destaques","7":"category-policia","8":"category-sem-categoria","9":"tag-apreensao-de-drogas","10":"tag-barra-dos-coqueiros","11":"tag-maconha-enterrada"},"_links":{"self":[{"href":"https:\/\/senoticias.com.br\/se\/wp-json\/wp\/v2\/posts\/129904"}],"collection":[{"href":"https:\/\/senoticias.com.br\/se\/wp-json\/wp\/v2\/posts"}],"about":[{"href":"https:\/\/senoticias.com.br\/se\/wp-json\/wp\/v2\/types\/post"}],"author":[{"embeddable":true,"href":"https:\/\/senoticias.com.br\/se\/wp-json\/wp\/v2\/users\/6557"}],"replies":[{"embeddable":true,"href":"https:\/\/senoticias.com.br\/se\/wp-json\/wp\/v2\/comments?post=129904"}],"version-history":[{"count":0,"href":"https:\/\/senoticias.com.br\/se\/wp-json\/wp\/v2\/posts\/129904\/revisions"}],"wp:attachment":[{"href":"https:\/\/senoticias.com.br\/se\/wp-json\/wp\/v2\/media?parent=129904"}],"wp:term":[{"taxonomy":"category","embeddable":true,"href":"https:\/\/senoticias.com.br\/se\/wp-json\/wp\/v2\/categories?post=129904"},{"taxonomy":"post_tag","embeddable":true,"href":"https:\/\/senoticias.com.br\/se\/wp-json\/wp\/v2\/tags?post=129904"}],"curies":[{"name":"wp","href":"https:\/\/api.w.org\/{rel}","templated":true}]}}