{"id":129875,"date":"2021-09-17T06:52:34","date_gmt":"2021-09-17T09:52:34","guid":{"rendered":"https:\/\/senoticias.com.br\/se\/?p=129875"},"modified":"2021-09-17T06:58:53","modified_gmt":"2021-09-17T09:58:53","slug":"anvisa-nao-recomenda-mudar-orientacao-sobre-vacinacao-de-adolescentes","status":"publish","type":"post","link":"https:\/\/senoticias.com.br\/se\/anvisa-nao-recomenda-mudar-orientacao-sobre-vacinacao-de-adolescentes\/","title":{"rendered":"Anvisa n\u00e3o recomenda mudar orienta\u00e7\u00e3o sobre vacina\u00e7\u00e3o de adolescentes"},"content":{"rendered":"\n<p><\/p>\n\n\n\n<p>Depois do Minist\u00e9rio da Sa\u00fade suspender a orienta\u00e7\u00e3o de vacina\u00e7\u00e3o de adolescentes sem comorbidades contra a covid-19, a Ag\u00eancia Nacional de Vigil\u00e2ncia Sanit\u00e1ria (Anvisa) emitiu comunicado em que diz n\u00e3o ver raz\u00e3o para mudar as condi\u00e7\u00f5es aprovadas pelo \u00f3rg\u00e3o para a vacina da Pfizer\/BioNTech.<\/p>\n\n\n\n<figure class=\"wp-block-image size-large\"><img loading=\"lazy\" decoding=\"async\" width=\"577\" height=\"350\" src=\"https:\/\/senoticias.com.br\/se\/wp-content\/uploads\/2021\/09\/Vacinas-SE-Noticias.jpg\" alt=\"\" class=\"wp-image-129876\" srcset=\"https:\/\/senoticias.com.br\/se\/wp-content\/uploads\/2021\/09\/Vacinas-SE-Noticias.jpg 577w, https:\/\/senoticias.com.br\/se\/wp-content\/uploads\/2021\/09\/Vacinas-SE-Noticias-300x182.jpg 300w\" sizes=\"(max-width: 577px) 100vw, 577px\" \/><figcaption>Minist\u00e9rio da Sa\u00fade suspendeu orienta\u00e7\u00e3o para a vacina\u00e7\u00e3o &#8211; Foto: Denis Balibouse\/Abr<\/figcaption><\/figure>\n\n\n\n<p>\u201cCom os dados dispon\u00edveis at\u00e9 o momento, n\u00e3o existem evid\u00eancias que subsidiem ou demandem altera\u00e7\u00f5es da bula aprovada, destacadamente, quanto \u00e0 indica\u00e7\u00e3o de uso da vacina da Pfizer na popula\u00e7\u00e3o entre 12 e 17 anos\u201d, diz a Anvisa.<\/p>\n\n\n\n<p>Em junho deste ano, o imunizante teve o uso em pessoas com 12 anos de idade ou mais autorizado pela ag\u00eancia. A aplica\u00e7\u00e3o nesse p\u00fablico, em pessoas com e sem comorbidades, foi ent\u00e3o indicada pelo Minist\u00e9rio da Sa\u00fade para iniciar ontem (15). <strong><a href=\"https:\/\/senoticias.com.br\/se\/ministerio-da-saude-volta-atras-e-passa-a-nao-recomendar-vacinacao-de-adolescentes-sem-comorbidades\/\">Mas a pasta voltou atr\u00e1s sob argumentos de adotar cautela para esse p\u00fablico<\/a><\/strong>.<\/p>\n\n\n\n<p>No comunicado, a Anvisa diz que investiga o caso do adolescente paulista morto ap\u00f3s ser vacinado com uma dose da Pfizer\/BioNTech, um dos epis\u00f3dios que chamou a aten\u00e7\u00e3o para poss\u00edveis efeitos.<\/p>\n\n\n\n<p>A ag\u00eancia ressalta que ainda n\u00e3o h\u00e1 uma rela\u00e7\u00e3o de causa encontrada entre a morte e a aplica\u00e7\u00e3o da vacina. Os dados obtidos ainda s\u00e3o \u201cpreliminares\u201d e precisam ser analisados para confirmar ou descartar uma suposta rela\u00e7\u00e3o entre os dois epis\u00f3dios, disse a Anvisa.<\/p>\n\n\n\n<p>O \u00f3rg\u00e3o acrescenta que todas as vacinas autorizadas no Brasil s\u00e3o monitoradas constantemente a partir da notifica\u00e7\u00e3o de efeitos adversos. \u201cAt\u00e9 o momento, os achados apontam para a manuten\u00e7\u00e3o da rela\u00e7\u00e3o benef\u00edcio versus o risco para todas as vacinas, ou seja, os benef\u00edcios da vacina\u00e7\u00e3o excedem significativamente os seus potenciais riscos\u201d.<\/p>\n\n\n\n<p>A Anvisa lembra que a aprova\u00e7\u00e3o do uso da vacina da Pfizer\/BioNTech em adolescentes levou em considera\u00e7\u00e3o estudo com 1.972 pessoas nessa faixa et\u00e1ria, com efic\u00e1cia de 100% nos grupos avaliados.<\/p>\n\n\n\n<p><em><br>Quer receber as principais not\u00edcias do&nbsp;<strong>SE Not\u00edcias<\/strong>&nbsp;no seu&nbsp;<strong>WhatsApp?<\/strong>&nbsp;<strong><a href=\"https:\/\/api.whatsapp.com\/send?phone=5579991715289\">Clique aqui<\/a><\/strong>.<\/em><\/p>\n\n\n\n<p><strong><em>Acompanhe tamb\u00e9m o SE Not\u00edcias no\u00a0<a rel=\"noreferrer noopener\" href=\"https:\/\/twitter.com\/Senoticias\" target=\"_blank\">Twitter<\/a>,\u00a0<a rel=\"noreferrer noopener\" href=\"https:\/\/www.facebook.com\/senoticias1\" target=\"_blank\">Facebook<\/a>\u00a0e no\u00a0<a rel=\"noreferrer noopener\" href=\"https:\/\/www.instagram.com\/senoticias\/\" target=\"_blank\">Instagram<\/a><\/em><\/strong><\/p>\n\n\n\n<p>Fonte: Ag\u00eancia Brasil<\/p>\n","protected":false},"excerpt":{"rendered":"<p>Depois do Minist\u00e9rio da Sa\u00fade suspender a orienta\u00e7\u00e3o de vacina\u00e7\u00e3o de adolescentes sem comorbidades contra a covid-19, a Ag\u00eancia Nacional de Vigil\u00e2ncia Sanit\u00e1ria (Anvisa) emitiu comunicado em que diz n\u00e3o ver raz\u00e3o para mudar as condi\u00e7\u00f5es aprovadas pelo \u00f3rg\u00e3o para a vacina da Pfizer\/BioNTech. \u201cCom os dados dispon\u00edveis at\u00e9 o momento, n\u00e3o existem evid\u00eancias que [&hellip;]<\/p>\n","protected":false},"author":6557,"featured_media":0,"comment_status":"closed","ping_status":"closed","sticky":false,"template":"","format":"standard","meta":{"footnotes":""},"categories":[15,2961,1],"tags":[812,544,34387,2882,34961],"class_list":{"0":"post-129875","1":"post","2":"type-post","3":"status-publish","4":"format-standard","6":"category-destaques","7":"category-nacional","8":"category-sem-categoria","9":"tag-anvisa","10":"tag-ministerio-da-saude","11":"tag-pfizer","12":"tag-vacinacao","13":"tag-vacinacao-de-adolescentes"},"_links":{"self":[{"href":"https:\/\/senoticias.com.br\/se\/wp-json\/wp\/v2\/posts\/129875"}],"collection":[{"href":"https:\/\/senoticias.com.br\/se\/wp-json\/wp\/v2\/posts"}],"about":[{"href":"https:\/\/senoticias.com.br\/se\/wp-json\/wp\/v2\/types\/post"}],"author":[{"embeddable":true,"href":"https:\/\/senoticias.com.br\/se\/wp-json\/wp\/v2\/users\/6557"}],"replies":[{"embeddable":true,"href":"https:\/\/senoticias.com.br\/se\/wp-json\/wp\/v2\/comments?post=129875"}],"version-history":[{"count":0,"href":"https:\/\/senoticias.com.br\/se\/wp-json\/wp\/v2\/posts\/129875\/revisions"}],"wp:attachment":[{"href":"https:\/\/senoticias.com.br\/se\/wp-json\/wp\/v2\/media?parent=129875"}],"wp:term":[{"taxonomy":"category","embeddable":true,"href":"https:\/\/senoticias.com.br\/se\/wp-json\/wp\/v2\/categories?post=129875"},{"taxonomy":"post_tag","embeddable":true,"href":"https:\/\/senoticias.com.br\/se\/wp-json\/wp\/v2\/tags?post=129875"}],"curies":[{"name":"wp","href":"https:\/\/api.w.org\/{rel}","templated":true}]}}