{"id":129845,"date":"2021-09-15T10:30:07","date_gmt":"2021-09-15T13:30:07","guid":{"rendered":"https:\/\/senoticias.com.br\/se\/?p=129845"},"modified":"2021-09-15T21:35:31","modified_gmt":"2021-09-16T00:35:31","slug":"vacinacao-de-adolescentes-de-15-a-17-anos-inicia-nesta-quarta-15-em-sao-cristovao","status":"publish","type":"post","link":"https:\/\/senoticias.com.br\/se\/vacinacao-de-adolescentes-de-15-a-17-anos-inicia-nesta-quarta-15-em-sao-cristovao\/","title":{"rendered":"Vacina\u00e7\u00e3o de adolescentes de 15 a 17 anos inicia nesta quarta (15) em S\u00e3o Crist\u00f3v\u00e3o"},"content":{"rendered":"\n<p>A vacina\u00e7\u00e3o para os adolescentes de 15 a 17 anos come\u00e7a nesta quarta (15) em S\u00e3o Crist\u00f3v\u00e3o, a partir das 13h em todos os pontos de vacina\u00e7\u00e3o do munic\u00edpio.<\/p>\n\n\n\n<p>A vacina\u00e7\u00e3o deste p\u00fablico \u00e9 feita exclusivamente com a vacina Pfizer e para receber o imunizante os adolescentes na faixa et\u00e1ria liberada devem estar acompanhados de seus pais ou respons\u00e1veis no momento da vacina\u00e7\u00e3o.<\/p>\n\n\n\n<figure class=\"wp-block-image size-large\"><img loading=\"lazy\" decoding=\"async\" width=\"1024\" height=\"682\" src=\"https:\/\/senoticias.com.br\/se\/wp-content\/uploads\/2021\/09\/Vacina-SE-noticias-1024x682.jpeg\" alt=\"\" class=\"wp-image-129846\"\/><figcaption>A vacina\u00e7\u00e3o come\u00e7ou \u00e0s 13h em todos os pontos de vacina\u00e7\u00e3o do munic\u00edpio &#8211; Foto: Dani Santos \/ ascom \/PMSC<\/figcaption><\/figure>\n\n\n\n<p><strong>Documenta\u00e7\u00e3o<\/strong><\/p>\n\n\n\n<p>Para se vacinar \u00e9 preciso apresentar comprovante de resid\u00eancia de S\u00e3o Crist\u00f3v\u00e3o, documento de identidade, e cart\u00e3o SUS ou CPF. O respons\u00e1vel acompanhante do menor tamb\u00e9m deve apresentar documenta\u00e7\u00e3o de identidade.<\/p>\n\n\n\n<p><strong>Locais de vacina\u00e7\u00e3o<\/strong><\/p>\n\n\n\n<p>Todos os pontos de vacina\u00e7\u00e3o do munic\u00edpio estar\u00e3o vacinando o p\u00fablico de adolescentes, confira os locais:<\/p>\n\n\n\n<ul class=\"wp-block-list\"><li>Universidade Federal de Sergipe- UFS (Centro de Viv\u00eancia); segunda a s\u00e1bado<\/li><li>UBS Mariano Nascimento (Rosa Maria); seg. a sexta<\/li><li>Sal\u00e3o da par\u00f3quia do Loreto (Eduardo Gomes); segunda a s\u00e1bado<\/li><li>UBS Jairo Teixeira (Centro); segunda a s\u00e1bado<\/li><li>UBS Ir\u00f4nia Maria Arag\u00e3o (Romualdo Prado); seg. a sexta<\/li><li>UBS Sinval Jos\u00e9 de Oliveira (S\u00e3o Gon\u00e7alo); seg. a sexta<\/li><li>UBS Raimundo Arag\u00e3o (Divineia);seg. a sexta<\/li><li>UBS Sa\u00fade Luiz Alves (Luiz Alves) segunda, quarta e sexta;<\/li><li>Par\u00f3quia Nossa Senhora das Gra\u00e7as (pr\u00f3ximo a UBS Ant\u00f4nio Flor\u00eancio &#8211; Tijuquinha) &#8211; segunda, quarta, quinta e sexta;<\/li><\/ul>\n\n\n\n<p><strong>Segundas doses p\u00fablico geral<\/strong><\/p>\n\n\n\n<p>Para receber a segunda dose basta apresentar a identidade e o cart\u00e3o de vacina\u00e7\u00e3o com o registro da primeira dose.<\/p>\n\n\n\n<p>A aplica\u00e7\u00e3o da segunda dose da AstraZeneca acontece em todos os pontos de vacina\u00e7\u00e3o do munic\u00edpio.<\/p>\n\n\n\n<p>J\u00e1 as segundas doses da Pfizer e CoronaVac podem ser encontradas em tr\u00eas pontos de vacina\u00e7\u00e3o da cidade, confira:<\/p>\n\n\n\n<ul class=\"wp-block-list\"><li>Universidade Federal de Sergipe- UFS (Centro de Viv\u00eancia); segunda a s\u00e1bado<\/li><li>Sal\u00e3o da par\u00f3quia do Loreto (Eduardo Gomes); segunda a s\u00e1bado<\/li><li>UBS Jairo Teixeira (Centro); segunda a s\u00e1bado<\/li><\/ul>\n\n\n\n<p><em>Quer receber as principais not\u00edcias do&nbsp;<strong>SE Not\u00edcias<\/strong>&nbsp;no seu&nbsp;<strong>WhatsApp?<\/strong>&nbsp;<strong><a href=\"https:\/\/api.whatsapp.com\/send?phone=5579991715289\">Clique aqui<\/a><\/strong>.<\/em><\/p>\n\n\n\n<p><strong><em>Acompanhe tamb\u00e9m o SE Not\u00edcias no&nbsp;<a rel=\"noreferrer noopener\" href=\"https:\/\/twitter.com\/Senoticias\" target=\"_blank\">Twitter<\/a>,&nbsp;<a rel=\"noreferrer noopener\" href=\"https:\/\/www.facebook.com\/senoticias1\" target=\"_blank\">Facebook<\/a>&nbsp;e no&nbsp;<a rel=\"noreferrer noopener\" href=\"https:\/\/www.instagram.com\/senoticias\/\" target=\"_blank\">Instagram<\/a><\/em><\/strong><\/p>\n\n\n\n<p>Fonte: Site da Prefeitura de S\u00e3o Cristov\u00e3o<\/p>\n","protected":false},"excerpt":{"rendered":"<p>A vacina\u00e7\u00e3o para os adolescentes de 15 a 17 anos come\u00e7a nesta quarta (15) em S\u00e3o Crist\u00f3v\u00e3o, a partir das 13h em todos os pontos de vacina\u00e7\u00e3o do munic\u00edpio. A vacina\u00e7\u00e3o deste p\u00fablico \u00e9 feita exclusivamente com a vacina Pfizer e para receber o imunizante os adolescentes na faixa et\u00e1ria liberada devem estar acompanhados de [&hellip;]<\/p>\n","protected":false},"author":6557,"featured_media":0,"comment_status":"closed","ping_status":"closed","sticky":false,"template":"","format":"standard","meta":{"footnotes":""},"categories":[15,38],"tags":[14270,34828,34804],"class_list":{"0":"post-129845","1":"post","2":"type-post","3":"status-publish","4":"format-standard","6":"category-destaques","7":"category-municipios","8":"tag-covid-19","9":"tag-vacinacao-em-adolescentes","10":"tag-vacinacao-em-sao-cristovao"},"_links":{"self":[{"href":"https:\/\/senoticias.com.br\/se\/wp-json\/wp\/v2\/posts\/129845"}],"collection":[{"href":"https:\/\/senoticias.com.br\/se\/wp-json\/wp\/v2\/posts"}],"about":[{"href":"https:\/\/senoticias.com.br\/se\/wp-json\/wp\/v2\/types\/post"}],"author":[{"embeddable":true,"href":"https:\/\/senoticias.com.br\/se\/wp-json\/wp\/v2\/users\/6557"}],"replies":[{"embeddable":true,"href":"https:\/\/senoticias.com.br\/se\/wp-json\/wp\/v2\/comments?post=129845"}],"version-history":[{"count":0,"href":"https:\/\/senoticias.com.br\/se\/wp-json\/wp\/v2\/posts\/129845\/revisions"}],"wp:attachment":[{"href":"https:\/\/senoticias.com.br\/se\/wp-json\/wp\/v2\/media?parent=129845"}],"wp:term":[{"taxonomy":"category","embeddable":true,"href":"https:\/\/senoticias.com.br\/se\/wp-json\/wp\/v2\/categories?post=129845"},{"taxonomy":"post_tag","embeddable":true,"href":"https:\/\/senoticias.com.br\/se\/wp-json\/wp\/v2\/tags?post=129845"}],"curies":[{"name":"wp","href":"https:\/\/api.w.org\/{rel}","templated":true}]}}