{"id":129843,"date":"2021-09-15T10:19:06","date_gmt":"2021-09-15T13:19:06","guid":{"rendered":"https:\/\/senoticias.com.br\/se\/?p=129843"},"modified":"2021-09-15T10:19:15","modified_gmt":"2021-09-15T13:19:15","slug":"variante-delta-secretaria-de-saude-reforca-a-necessidade-das-medidas-de-protecao-e-vacinacao","status":"publish","type":"post","link":"https:\/\/senoticias.com.br\/se\/variante-delta-secretaria-de-saude-reforca-a-necessidade-das-medidas-de-protecao-e-vacinacao\/","title":{"rendered":"Variante Delta: Secret\u00e1ria de Sa\u00fade refor\u00e7a a necessidade das medidas de prote\u00e7\u00e3o e vacina\u00e7\u00e3o"},"content":{"rendered":"\n<p>Ap\u00f3s a confirma\u00e7\u00e3o do primeiro caso da variante Delta da Cavid-19 em Sergipe na ter\u00e7a, 14, a secret\u00e1ria da sa\u00fade, M\u00e9rcia Feitosa, falou sobre a import\u00e2ncia de manter os cuidados como uso de m\u00e1scara e evitar aglomera\u00e7\u00f5es, mas enfatizou a necessidade de vacinar a popula\u00e7\u00e3o.<\/p>\n\n\n\n<figure class=\"wp-block-image size-large\"><img loading=\"lazy\" decoding=\"async\" width=\"599\" height=\"399\" src=\"https:\/\/senoticias.com.br\/se\/wp-content\/uploads\/2021\/09\/Secretaria-de-saude-se-noticias-e1631711732901.jpeg\" alt=\"\" class=\"wp-image-129844\"\/><figcaption>Secret\u00e1ria de Sa\u00fade refor\u00e7a a necessidade das medidas de prote\u00e7\u00e3o e vacina\u00e7\u00e3o<\/figcaption><\/figure>\n\n\n\n<p>\u201cN\u00f3s recebemos o relat\u00f3rio da Fiocruz e, no elenco de mais de trinta amostras, tivemos uma amostra positiva da variante Delta. N\u00f3s temos duas situa\u00e7\u00f5es que s\u00e3o fundamentais. O uso das medidas sanit\u00e1rias e a vacina\u00e7\u00e3o. N\u00e3o estamos numa bolha e h\u00e1 quatro meses a variante Delta circula no Brasil, mas, nesse momento, a gente tem ferramentas para evitar a propaga\u00e7\u00e3o da variante em Sergipe\u201d, disse.<\/p>\n\n\n\n<p>A amostra foi coletada no dia 31 de julho. A paciente buscou um hospital particular da capital apresentando sintomas gripais leves, evoluindo de forma satisfat\u00f3ria, sem complica\u00e7\u00f5es. Por ter relatado contato com filho que tinha hist\u00f3rico de viagem recente para o Rio de Janeiro, ela teve a amostra coletada e enviada ao laborat\u00f3rio.<\/p>\n\n\n\n<p>A Secretaria de Sa\u00fade, atrav\u00e9s do Laborat\u00f3rio Central, segue realizando a vigil\u00e2ncia laboratorial dos casos Covid-19 para detectar a presen\u00e7a de variantes de interesse no estado. Essa vigil\u00e2ncia possibilita identificar precocemente os casos, orientar corretamente o isolamento de pacientes e reconhecer cedo uma poss\u00edvel transmiss\u00e3o de linhagens de interesse.<\/p>\n\n\n\n<p>M\u00e9rcia Feitosa destacou a necessidade de que a popula\u00e7\u00e3o complete seu ciclo vacinal. \u201cQuem n\u00e3o recebeu a primeira dose, v\u00e1 \u00e0s unidades de sa\u00fade. N\u00f3s temos vacinas. A pessoa tem que assumir esse compromisso com si pr\u00f3prio, com a sua sa\u00fade. N\u00f3s estamos observando redu\u00e7\u00e3o de interna\u00e7\u00f5es e \u00f3bitos. Isso j\u00e1 \u00e9 o resultado positivo da vacina\u00e7\u00e3o\u201d, disse.<\/p>\n\n\n\n<p>De acordo com o \u00faltimo boletim epidemiol\u00f3gico, 65,22% da popula\u00e7\u00e3o sergipana j\u00e1 tomou a primeira dose da vacina e 30,79% est\u00e1 com a imuniza\u00e7\u00e3o completa. A secret\u00e1ria de sa\u00fade enfatizou o trabalho de vigil\u00e2ncia epidemiol\u00f3gica realizado pela SES. \u201cDiariamente a gente acompanha a evolu\u00e7\u00e3o da vacina\u00e7\u00e3o nos munic\u00edpios sergipanos. Observamos que h\u00e1 um n\u00famero elevado de faltosos para a segunda dose. Orientamos os munic\u00edpios a fazer esse resgate, de pessoa a pessoa, para que o estado tenha uma cobertura vacinal homog\u00eanea, ou seja, todos os munic\u00edpios devem alcan\u00e7ar a cobertura ideal\u201d, enfatizou.<\/p>\n\n\n\n<p>Com rela\u00e7\u00e3o ao acompanhamento da variante Delta em Sergipe, M\u00e9rcia Feitosa, disse que a SES vai intensificar a vigil\u00e2ncia epidemiol\u00f3gica e destaca a import\u00e2ncia da testagem no monitoramento da Covid-19. \u201c\u00c9 atrav\u00e9s da testagem que a gente envia amostras para a Fiocruz fazer o sequenciamento gen\u00f4mico. Mas, a vacina\u00e7\u00e3o \u00e9 a principal barreira de prote\u00e7\u00e3o contra a doen\u00e7a\u201d, finalizou.<\/p>\n\n\n\n<p><em>Quer receber as principais not\u00edcias do&nbsp;<strong>SE Not\u00edcias<\/strong>&nbsp;no seu&nbsp;<strong>WhatsApp?<\/strong>&nbsp;<strong><a href=\"https:\/\/api.whatsapp.com\/send?phone=5579991715289\">Clique aqui<\/a><\/strong>.<\/em><\/p>\n\n\n\n<p><strong><em>Acompanhe tamb\u00e9m o SE Not\u00edcias no\u00a0<a rel=\"noreferrer noopener\" href=\"https:\/\/twitter.com\/Senoticias\" target=\"_blank\">Twitter<\/a>,\u00a0<a rel=\"noreferrer noopener\" href=\"https:\/\/www.facebook.com\/senoticias1\" target=\"_blank\">Facebook<\/a>\u00a0e no\u00a0<a rel=\"noreferrer noopener\" href=\"https:\/\/www.instagram.com\/senoticias\/\" target=\"_blank\">Instagram<\/a><\/em><\/strong><\/p>\n\n\n\n<p>Fonte: Secretaria de Estado da Sa\u00fade<\/p>\n","protected":false},"excerpt":{"rendered":"<p>Ap\u00f3s a confirma\u00e7\u00e3o do primeiro caso da variante Delta da Cavid-19 em Sergipe na ter\u00e7a, 14, a secret\u00e1ria da sa\u00fade, M\u00e9rcia Feitosa, falou sobre a import\u00e2ncia de manter os cuidados como uso de m\u00e1scara e evitar aglomera\u00e7\u00f5es, mas enfatizou a necessidade de vacinar a popula\u00e7\u00e3o. \u201cN\u00f3s recebemos o relat\u00f3rio da Fiocruz e, no elenco de [&hellip;]<\/p>\n","protected":false},"author":6557,"featured_media":0,"comment_status":"closed","ping_status":"closed","sticky":false,"template":"","format":"standard","meta":{"footnotes":""},"categories":[8],"tags":[14270,14369,554,34843],"class_list":{"0":"post-129843","1":"post","2":"type-post","3":"status-publish","4":"format-standard","6":"category-esporte-e-cultura","7":"tag-covid-19","8":"tag-pandemia","9":"tag-vacina","10":"tag-variante-delta"},"_links":{"self":[{"href":"https:\/\/senoticias.com.br\/se\/wp-json\/wp\/v2\/posts\/129843"}],"collection":[{"href":"https:\/\/senoticias.com.br\/se\/wp-json\/wp\/v2\/posts"}],"about":[{"href":"https:\/\/senoticias.com.br\/se\/wp-json\/wp\/v2\/types\/post"}],"author":[{"embeddable":true,"href":"https:\/\/senoticias.com.br\/se\/wp-json\/wp\/v2\/users\/6557"}],"replies":[{"embeddable":true,"href":"https:\/\/senoticias.com.br\/se\/wp-json\/wp\/v2\/comments?post=129843"}],"version-history":[{"count":0,"href":"https:\/\/senoticias.com.br\/se\/wp-json\/wp\/v2\/posts\/129843\/revisions"}],"wp:attachment":[{"href":"https:\/\/senoticias.com.br\/se\/wp-json\/wp\/v2\/media?parent=129843"}],"wp:term":[{"taxonomy":"category","embeddable":true,"href":"https:\/\/senoticias.com.br\/se\/wp-json\/wp\/v2\/categories?post=129843"},{"taxonomy":"post_tag","embeddable":true,"href":"https:\/\/senoticias.com.br\/se\/wp-json\/wp\/v2\/tags?post=129843"}],"curies":[{"name":"wp","href":"https:\/\/api.w.org\/{rel}","templated":true}]}}