{"id":129840,"date":"2021-09-14T20:37:01","date_gmt":"2021-09-14T23:37:01","guid":{"rendered":"https:\/\/senoticias.com.br\/se\/?p=129840"},"modified":"2021-09-15T06:53:24","modified_gmt":"2021-09-15T09:53:24","slug":"governo-realiza-concurso-de-agente-e-escrivao-da-policia-civil-de-sergipe-neste-domingo-19","status":"publish","type":"post","link":"https:\/\/senoticias.com.br\/se\/governo-realiza-concurso-de-agente-e-escrivao-da-policia-civil-de-sergipe-neste-domingo-19\/","title":{"rendered":"Governo realiza concurso de agente e escriv\u00e3o da Pol\u00edcia Civil de Sergipe neste domingo, 19"},"content":{"rendered":"\n<p>Acontece neste domingo (19), a partir das 14h, as provas do concurso p\u00fablico para provimento de vagas nos cargos de Agente de Pol\u00edcia Judici\u00e1ria e de Escriv\u00e3o da Pol\u00edcia Civil do Estado de Sergipe. O concurso \u00e9 uma realiza\u00e7\u00e3o do Governo do Estado por meio da Secretaria de Estado da Administra\u00e7\u00e3o (Sead).<\/p>\n\n\n\n<figure class=\"wp-block-image size-large\"><img loading=\"lazy\" decoding=\"async\" width=\"574\" height=\"383\" src=\"https:\/\/senoticias.com.br\/se\/wp-content\/uploads\/2021\/09\/Policia-Civil-SE-Noticias-1.jpeg\" alt=\"\" class=\"wp-image-129841\" srcset=\"https:\/\/senoticias.com.br\/se\/wp-content\/uploads\/2021\/09\/Policia-Civil-SE-Noticias-1.jpeg 574w, https:\/\/senoticias.com.br\/se\/wp-content\/uploads\/2021\/09\/Policia-Civil-SE-Noticias-1-300x200.jpeg 300w, https:\/\/senoticias.com.br\/se\/wp-content\/uploads\/2021\/09\/Policia-Civil-SE-Noticias-1-90x60.jpeg 90w, https:\/\/senoticias.com.br\/se\/wp-content\/uploads\/2021\/09\/Policia-Civil-SE-Noticias-1-180x120.jpeg 180w, https:\/\/senoticias.com.br\/se\/wp-content\/uploads\/2021\/09\/Policia-Civil-SE-Noticias-1-95x64.jpeg 95w\" sizes=\"(max-width: 574px) 100vw, 574px\" \/><figcaption>Locais de aplica\u00e7\u00e3o das provas objetivas e discursiva estar\u00e3o dispon\u00edveis para consulta a partir desta quarta-feira, 15 &#8211; Foto: SSP\/SE<\/figcaption><\/figure>\n\n\n\n<p>Os locais de aplica\u00e7\u00e3o das provas objetivas e discursiva estar\u00e3o dispon\u00edveis para consulta a partir desta quarta-feira (15), atrav\u00e9s do site&nbsp;<a href=\"http:\/\/www.cebraspe.org.br\/concursos\/pc_se_21\">www.cebraspe.org.br\/concursos\/pc_se_21<\/a>.<\/p>\n\n\n\n<p>O candidato somente poder\u00e1 realizar as provas no local que for designado. Dever\u00e1 estar munido de caneta preta esferogr\u00e1fica fabricada em material transparente, do comprovante de inscri\u00e7\u00e3o e do documento de identidade original.<\/p>\n\n\n\n<p>Diante do cen\u00e1rio de pandemia da Covid-19, a prova, que ter\u00e1 dura\u00e7\u00e3o de 4 horas, dever\u00e1 ser realizada seguindo todos os protocolos de seguran\u00e7a, conforme consta no Edital.<\/p>\n\n\n\n<p>Os candidatos devem comparecer ao local de aplica\u00e7\u00e3o usando m\u00e1scara e dever\u00e3o, obrigatoriamente, permanecer assim durante todo o tempo em que estiverem nas depend\u00eancias dos locais de aplica\u00e7\u00e3o das provas.<\/p>\n\n\n\n<p><strong>Inscritos<\/strong><\/p>\n\n\n\n<p>Se inscreveram para agente de pol\u00edcia judici\u00e1ria 9.333 pessoas, sendo 2.122 na cota de candidatos negros e 256 na cota de pessoas com defici\u00eancia. J\u00e1 para escriv\u00e3o de pol\u00edcia se inscreveram 1.701 pessoas, sendo 385 na cota de negros e 58 de defici\u00eancia.<\/p>\n\n\n\n<p>O concurso p\u00fablico prover\u00e1, para o cargo de agente de pol\u00edcia judici\u00e1ria, 35 vagas em ampla concorr\u00eancia, 10 reservadas para candidatos com defici\u00eancia e cinco reservadas para candidatos que se autodeclararem afrodescendentes.<\/p>\n\n\n\n<p>J\u00e1 para o cargo de escriv\u00e3o de pol\u00edcia, o certame ir\u00e1 prover sete vagas para ampla concorr\u00eancia, duas reservadas para candidatos com defici\u00eancia e uma reservada para candidatos que se autodeclararem afrodescendentes.<\/p>\n\n\n\n<p>Confira aqui os&nbsp;<a href=\"https:\/\/www.sead.se.gov.br\/governo-realiza-concurso-de-agente-de-policia-judiciaria-e-de-escrivao-da-policia-neste-domingo-19\/locais-de-prova-pc\/\">locais de prova pc<\/a><br>Confira o edital completo:&nbsp;<a href=\"https:\/\/segrase.se.gov.br\/portal\/visualizacoes\/jornal\/4197\/#\/p:4\/e:4197\">https:\/\/segrase.se.gov.br\/portal\/visualizacoes\/jornal\/4197\/#\/p:4\/e:4197<\/a><\/p>\n\n\n\n<p><em>Quer receber as principais not\u00edcias do&nbsp;<strong>SE Not\u00edcias<\/strong>&nbsp;no seu&nbsp;<strong>WhatsApp?<\/strong>&nbsp;<strong><a href=\"https:\/\/api.whatsapp.com\/send?phone=5579991715289\">Clique aqui<\/a><\/strong>.<\/em><\/p>\n\n\n\n<p><strong><em>Acompanhe tamb\u00e9m o SE Not\u00edcias no&nbsp;<a rel=\"noreferrer noopener\" href=\"https:\/\/twitter.com\/Senoticias\" target=\"_blank\">Twitter<\/a>,&nbsp;<a rel=\"noreferrer noopener\" href=\"https:\/\/www.facebook.com\/senoticias1\" target=\"_blank\">Facebook<\/a>&nbsp;e no&nbsp;<a rel=\"noreferrer noopener\" href=\"https:\/\/www.instagram.com\/senoticias\/\" target=\"_blank\">Instagram<\/a><\/em><\/strong><\/p>\n\n\n\n<p>Fonte: Ag\u00eancia Sergipe de Not\u00edcias<\/p>\n","protected":false},"excerpt":{"rendered":"<p>Acontece neste domingo (19), a partir das 14h, as provas do concurso p\u00fablico para provimento de vagas nos cargos de Agente de Pol\u00edcia Judici\u00e1ria e de Escriv\u00e3o da Pol\u00edcia Civil do Estado de Sergipe. O concurso \u00e9 uma realiza\u00e7\u00e3o do Governo do Estado por meio da Secretaria de Estado da Administra\u00e7\u00e3o (Sead). Os locais de [&hellip;]<\/p>\n","protected":false},"author":6557,"featured_media":0,"comment_status":"closed","ping_status":"closed","sticky":false,"template":"","format":"standard","meta":{"footnotes":""},"categories":[15,7,1],"tags":[34944,34942,34943,34945,6963],"class_list":{"0":"post-129840","1":"post","2":"type-post","3":"status-publish","4":"format-standard","6":"category-destaques","7":"category-policia","8":"category-sem-categoria","9":"tag-agente-de-policia-judiciaria","10":"tag-concurso-de-agente","11":"tag-escrivao-da-policia-civil","12":"tag-escrivao-da-policia-civil-do-estado-de-sergipe","13":"tag-governo-do-estado-de-sergipe"},"_links":{"self":[{"href":"https:\/\/senoticias.com.br\/se\/wp-json\/wp\/v2\/posts\/129840"}],"collection":[{"href":"https:\/\/senoticias.com.br\/se\/wp-json\/wp\/v2\/posts"}],"about":[{"href":"https:\/\/senoticias.com.br\/se\/wp-json\/wp\/v2\/types\/post"}],"author":[{"embeddable":true,"href":"https:\/\/senoticias.com.br\/se\/wp-json\/wp\/v2\/users\/6557"}],"replies":[{"embeddable":true,"href":"https:\/\/senoticias.com.br\/se\/wp-json\/wp\/v2\/comments?post=129840"}],"version-history":[{"count":0,"href":"https:\/\/senoticias.com.br\/se\/wp-json\/wp\/v2\/posts\/129840\/revisions"}],"wp:attachment":[{"href":"https:\/\/senoticias.com.br\/se\/wp-json\/wp\/v2\/media?parent=129840"}],"wp:term":[{"taxonomy":"category","embeddable":true,"href":"https:\/\/senoticias.com.br\/se\/wp-json\/wp\/v2\/categories?post=129840"},{"taxonomy":"post_tag","embeddable":true,"href":"https:\/\/senoticias.com.br\/se\/wp-json\/wp\/v2\/tags?post=129840"}],"curies":[{"name":"wp","href":"https:\/\/api.w.org\/{rel}","templated":true}]}}