{"id":129806,"date":"2021-09-11T07:24:04","date_gmt":"2021-09-11T10:24:04","guid":{"rendered":"https:\/\/senoticias.com.br\/se\/?p=129806"},"modified":"2021-09-11T07:25:31","modified_gmt":"2021-09-11T10:25:31","slug":"cidadania-aprova-alessandro-vieira-como-pre-candidato-ao-planalto","status":"publish","type":"post","link":"https:\/\/senoticias.com.br\/se\/cidadania-aprova-alessandro-vieira-como-pre-candidato-ao-planalto\/","title":{"rendered":"Cidadania aprova Alessandro Vieira como pr\u00e9-candidato \u00e0 Presid\u00eancia em 2022"},"content":{"rendered":"\n<p><\/p>\n\n\n\n<p>A executiva nacional do Cidadania acaba de aprovar o nome de Alessandro Vieira como pr\u00e9-candidato ao Pal\u00e1cio do Planalto em 2022. A decis\u00e3o foi un\u00e2nime.<\/p>\n\n\n\n<figure class=\"wp-block-image size-large\"><img loading=\"lazy\" decoding=\"async\" width=\"585\" height=\"390\" src=\"https:\/\/senoticias.com.br\/se\/wp-content\/uploads\/2021\/09\/Alessandro-Vieira-SE-Noticias.jpg\" alt=\"\" class=\"wp-image-129807\" srcset=\"https:\/\/senoticias.com.br\/se\/wp-content\/uploads\/2021\/09\/Alessandro-Vieira-SE-Noticias.jpg 585w, https:\/\/senoticias.com.br\/se\/wp-content\/uploads\/2021\/09\/Alessandro-Vieira-SE-Noticias-300x200.jpg 300w, https:\/\/senoticias.com.br\/se\/wp-content\/uploads\/2021\/09\/Alessandro-Vieira-SE-Noticias-90x60.jpg 90w, https:\/\/senoticias.com.br\/se\/wp-content\/uploads\/2021\/09\/Alessandro-Vieira-SE-Noticias-180x120.jpg 180w, https:\/\/senoticias.com.br\/se\/wp-content\/uploads\/2021\/09\/Alessandro-Vieira-SE-Noticias-95x64.jpg 95w\" sizes=\"(max-width: 585px) 100vw, 585px\" \/><figcaption>O senador por Sergipe j\u00e1 havia apresentado seu nome no fim de agosto &#8211; Pedro Fran\u00e7a\/Ag\u00eancia Senado<\/figcaption><\/figure>\n\n\n\n<p>No \u00faltimo dia 30, como noticiamos, o senador por Sergipe apresentou sua pr\u00e9-candidatura como alternativa para a chamada terceira via nas elei\u00e7\u00f5es do ano que vem. Na ocasi\u00e3o, em nota, Vieira afirmou que \u201cn\u00e3o vamos nos omitir e fortalecer a polariza\u00e7\u00e3o\u201d.<\/p>\n\n\n\n<p>O Cidadania sonhava, novamente, com a filia\u00e7\u00e3o e candidatura de Luciano Huck, mas o apresentador optou por continuar na TV. Agora, o partido est\u00e1 unido em torno do projeto presidencial de Vieira.<\/p>\n\n\n\n<p>Em junho, Vieira chegou a anunciar sua desfilia\u00e7\u00e3o do Cidadania, ap\u00f3s a legenda afirmar que iria desistir de uma a\u00e7\u00e3o apresentada por ele ao STF questionando o \u201cor\u00e7amento secreto\u201d no governo Bolsonaro. O senador, no entanto, voltou atr\u00e1s, dizendo que \u201ca dire\u00e7\u00e3o do partido reconheceu que errou na forma como tentou desistir da a\u00e7\u00e3o\u201d.<\/p>\n\n\n\n<p>Formado em Direito, Vieira foi delegado da Pol\u00edcia Civil por 17 anos. Ele est\u00e1 em seu primeiro mandato como pol\u00edtico. Logo no in\u00edcio da legislatura, tentou tr\u00eas vezes, sem sucesso, emplacar a CPI da Lava Toga. Atualmente, tem se destacado em suas participa\u00e7\u00f5es na CPI da Covid.<\/p>\n\n\n\n<p><em>Quer receber as principais not\u00edcias do&nbsp;<strong>SE Not\u00edcias<\/strong>&nbsp;no seu&nbsp;<strong>WhatsApp?<\/strong>&nbsp;<strong><a href=\"https:\/\/api.whatsapp.com\/send?phone=5579991715289\">Clique aqui<\/a><\/strong>.<\/em><\/p>\n\n\n\n<p><strong><em>Acompanhe tamb\u00e9m o SE Not\u00edcias no&nbsp;<a rel=\"noreferrer noopener\" href=\"https:\/\/twitter.com\/Senoticias\" target=\"_blank\">Twitter<\/a>,&nbsp;<a rel=\"noreferrer noopener\" href=\"https:\/\/www.facebook.com\/senoticias1\" target=\"_blank\">Facebook<\/a>&nbsp;e no&nbsp;<a rel=\"noreferrer noopener\" href=\"https:\/\/www.instagram.com\/senoticias\/\" target=\"_blank\">Instagram<\/a><\/em><\/strong><\/p>\n\n\n\n<p>Por Diego Amorim, do oantagonista.<\/p>\n","protected":false},"excerpt":{"rendered":"<p>A executiva nacional do Cidadania acaba de aprovar o nome de Alessandro Vieira como pr\u00e9-candidato ao Pal\u00e1cio do Planalto em 2022. A decis\u00e3o foi un\u00e2nime. No \u00faltimo dia 30, como noticiamos, o senador por Sergipe apresentou sua pr\u00e9-candidatura como alternativa para a chamada terceira via nas elei\u00e7\u00f5es do ano que vem. Na ocasi\u00e3o, em nota, [&hellip;]<\/p>\n","protected":false},"author":6557,"featured_media":0,"comment_status":"closed","ping_status":"closed","sticky":false,"template":"","format":"standard","meta":{"footnotes":""},"categories":[15,6],"tags":[2946,12969,12125,11756],"class_list":{"0":"post-129806","1":"post","2":"type-post","3":"status-publish","4":"format-standard","6":"category-destaques","7":"category-politica","8":"tag-alessandro-vieira","9":"tag-cidadania","10":"tag-eleicoes-2022","11":"tag-senador-alessandro"},"_links":{"self":[{"href":"https:\/\/senoticias.com.br\/se\/wp-json\/wp\/v2\/posts\/129806"}],"collection":[{"href":"https:\/\/senoticias.com.br\/se\/wp-json\/wp\/v2\/posts"}],"about":[{"href":"https:\/\/senoticias.com.br\/se\/wp-json\/wp\/v2\/types\/post"}],"author":[{"embeddable":true,"href":"https:\/\/senoticias.com.br\/se\/wp-json\/wp\/v2\/users\/6557"}],"replies":[{"embeddable":true,"href":"https:\/\/senoticias.com.br\/se\/wp-json\/wp\/v2\/comments?post=129806"}],"version-history":[{"count":0,"href":"https:\/\/senoticias.com.br\/se\/wp-json\/wp\/v2\/posts\/129806\/revisions"}],"wp:attachment":[{"href":"https:\/\/senoticias.com.br\/se\/wp-json\/wp\/v2\/media?parent=129806"}],"wp:term":[{"taxonomy":"category","embeddable":true,"href":"https:\/\/senoticias.com.br\/se\/wp-json\/wp\/v2\/categories?post=129806"},{"taxonomy":"post_tag","embeddable":true,"href":"https:\/\/senoticias.com.br\/se\/wp-json\/wp\/v2\/tags?post=129806"}],"curies":[{"name":"wp","href":"https:\/\/api.w.org\/{rel}","templated":true}]}}