{"id":129799,"date":"2021-09-10T09:49:16","date_gmt":"2021-09-10T12:49:16","guid":{"rendered":"https:\/\/senoticias.com.br\/se\/?p=129799"},"modified":"2021-09-10T12:11:09","modified_gmt":"2021-09-10T15:11:09","slug":"centro-especializado-em-reabilitacao-tipo-quatro-recebe-os-primeiros-estudantes-da-ufs-que-farao-parte-da-equipe","status":"publish","type":"post","link":"https:\/\/senoticias.com.br\/se\/centro-especializado-em-reabilitacao-tipo-quatro-recebe-os-primeiros-estudantes-da-ufs-que-farao-parte-da-equipe\/","title":{"rendered":"Centro Especializado em Reabilita\u00e7\u00e3o Tipo Quatro recebe os primeiros estudantes da UFS que far\u00e3o parte da equipe"},"content":{"rendered":"\n<p><\/p>\n\n\n\n<p>Inaugurado no \u00faltimo dia 27 de agosto, o Centro Especializado em Reabilita\u00e7\u00e3o Tipo Quatro (CER IV) Leonel Ferreira Aquino, recebeu, na manh\u00e3 desta quinta-feira, 09, 80 estudantes dos cursos de fisioterapia e fonoaudiologia da Universidade Federal de Sergipe (UFS) para uma visita guiada. Os alunos ter\u00e3o aulas e v\u00e3o desenvolver no espa\u00e7o o est\u00e1gio curricular obrigat\u00f3rio.<\/p>\n\n\n\n<figure class=\"wp-block-image size-large\"><img loading=\"lazy\" decoding=\"async\" width=\"589\" height=\"408\" src=\"https:\/\/senoticias.com.br\/se\/wp-content\/uploads\/2021\/09\/SE-Noticias.jpeg\" alt=\"\" class=\"wp-image-129800\" srcset=\"https:\/\/senoticias.com.br\/se\/wp-content\/uploads\/2021\/09\/SE-Noticias.jpeg 589w, https:\/\/senoticias.com.br\/se\/wp-content\/uploads\/2021\/09\/SE-Noticias-300x208.jpeg 300w\" sizes=\"(max-width: 589px) 100vw, 589px\" \/><figcaption>Os alunos ter\u00e3o aulas e v\u00e3o desenvolver no espa\u00e7o o est\u00e1gio curricular obrigat\u00f3rio &#8211; Foto: Danilo Fran\u00e7a\/Supec<\/figcaption><\/figure>\n\n\n\n<p>De acordo com a vice-governadora Eliane Aquino, uma das grandes entusiastas CER IV, ter no ambiente a presen\u00e7a de alunos de uma universidade federal em um espa\u00e7o de cuidado, tamb\u00e9m p\u00fablico, \u00e9 uma grande alegria. \u201cEstar com a UFS \u00e9 um momento que estamos executando o que foi pensado l\u00e1 atr\u00e1s. A UFS, desde muito cedo, no planejamento deste centro, j\u00e1 estava envolvida. O que n\u00f3s queremos \u00e9 uma mudan\u00e7a cultural do atendimento \u00e0s pessoas com defici\u00eancia e nada melhor do que colocar esses alunos em contato direto com todas essas especificidades. Queremos que ao sair daqui esses profissionais estejam muito mais preparados e tenham muito conhecimento. Ser\u00e1 um ganho para a sociedade, para as pessoas com defici\u00eancia e principalmente para os futuros profissionais da \u00e1rea da sa\u00fade que passar\u00e3o por aqui\u201d, comemorou a vice-governadora.<\/p>\n\n\n\n<p>Segundo a coordenadora do CER IV, Sayonara Carvalho, a presen\u00e7a dos alunos no CER IV causar\u00e1 um grande impacto social no estado de Sergipe. Esse momento de in\u00edcio dos trabalhos com a universidade \u00e9 um marco para n\u00f3s. Para que possamos, de fato, fazer um SUS com qualidade e excel\u00eancia e apostar em uma forma\u00e7\u00e3o voltada para as necessidades de sa\u00fade. Chegar aqui e ver a for\u00e7a de trabalho dos nossos profissionais atuando e atendendo aos usu\u00e1rios, ver uma c\u00e2mara t\u00e9cnica de estudantes que v\u00e3o desenvolvendo o que aprenderam em sala de aula \u00e9 muito bom. Com toda certeza um grande impacto social ser\u00e1 gerado a partir deste espa\u00e7o\u201d, pontuou.<\/p>\n\n\n\n<p>\u201cSabemos que a universidade p\u00fablica tem muito a oferecer \u00e0 sociedade. E a integra\u00e7\u00e3o do ensino e da assist\u00eancia social por meio do CER IV com certeza produzir\u00e1 bons frutos tendo em vista que essa uni\u00e3o se d\u00e1 em prol do nosso paciente SUS, e o aluno que vivenciar\u00e1 um ambiente de pr\u00e1tica favor\u00e1vel ter\u00e1 um ganho consider\u00e1vel em sua forma\u00e7\u00e3o acad\u00eamica e pessoal\u201d, explicou Valderir Silva, professor do departamento de fisioterapia da UFS.<\/p>\n\n\n\n<p>O CER IV funciona em cogest\u00e3o com a Universidade Federal de Sergipe. No espa\u00e7o do centro de reabilita\u00e7\u00e3o v\u00e3o acontecer aulas para os alunos dos per\u00edodos finais de alguns cursos da \u00e1rea da sa\u00fade. Atualmente, s\u00e3o cerca de 100 alunos dos cursos de fisioterapia e fonoaudiologia em est\u00e1gio supervisionado e o objetivo \u00e9 que os estudantes possam experienciar suas futuras profiss\u00f5es em um ambiente de multicuidados, agregando conhecimentos n\u00e3o s\u00f3 na especialidade de estudo, mas de um modo global, oferecendo \u00e0 sociedade profissionais mais capacitados e humanos.<\/p>\n\n\n\n<p>Aluno do nono per\u00edodo de fisioterapia, Isac Rafael Silva acredita que a sua experi\u00eancia no CER IV ser\u00e1 a melhor poss\u00edvel.\u201cEsse espa\u00e7o j\u00e1 era muito aguardado por todos n\u00f3s, porque o vemos como um referencial para uma nova etapa do curso de fisioterapia da UFS. Existem aqui muitos equipamentos que no nosso departamento n\u00e3o tinha. Aqui ser\u00e1 poss\u00edvel, por exemplo, termos a pr\u00e1tica da fisioterapia aqu\u00e1tica com duas piscinas totalmente equipadas para o tratamento dos usu\u00e1rios. \u00c9 um divisor de \u00e1guas n\u00e3o s\u00f3 para o curso de fisioterapia mas tamb\u00e9m para toda a sociedade sergipana\u201d.<\/p>\n\n\n\n<p>\u201cEstou muito ansiosa para conhecer as novas pessoas, as hist\u00f3rias e tudo que vivenciaremos por aqui, porque mais que um espa\u00e7o de aprendizagem, este \u00e9 um lugar de reabilita\u00e7\u00e3o de vidas. Eu espero que, como profissional, sejamos o mais humanos poss\u00edvel, porque receberemos pessoas com suas demandas e dotadas de hist\u00f3rias\u201d, disse Edl\u00e2nia Borges, aluna do curso de fonoaudiologia da UFS.<\/p>\n\n\n\n<p><em>Quer receber as principais not\u00edcias do&nbsp;<strong>SE Not\u00edcias<\/strong>&nbsp;no seu&nbsp;<strong>WhatsApp?<\/strong>&nbsp;<strong><a href=\"https:\/\/api.whatsapp.com\/send?phone=5579991715289\">Clique aqui<\/a><\/strong>.<\/em><\/p>\n\n\n\n<p><strong><em>Acompanhe tamb\u00e9m o SE Not\u00edcias no\u00a0<a rel=\"noreferrer noopener\" href=\"https:\/\/twitter.com\/Senoticias\" target=\"_blank\">Twitter<\/a>,\u00a0<a rel=\"noreferrer noopener\" href=\"https:\/\/www.facebook.com\/senoticias1\" target=\"_blank\">Facebook<\/a>\u00a0e no\u00a0<a rel=\"noreferrer noopener\" href=\"https:\/\/www.instagram.com\/senoticias\/\" target=\"_blank\">Instagram<\/a><\/em><\/strong><\/p>\n\n\n\n<p>Fonte: Ag\u00eancia Sergipe de Not\u00edcias<\/p>\n","protected":false},"excerpt":{"rendered":"<p>Inaugurado no \u00faltimo dia 27 de agosto, o Centro Especializado em Reabilita\u00e7\u00e3o Tipo Quatro (CER IV) Leonel Ferreira Aquino, recebeu, na manh\u00e3 desta quinta-feira, 09, 80 estudantes dos cursos de fisioterapia e fonoaudiologia da Universidade Federal de Sergipe (UFS) para uma visita guiada. Os alunos ter\u00e3o aulas e v\u00e3o desenvolver no espa\u00e7o o est\u00e1gio curricular [&hellip;]<\/p>\n","protected":false},"author":6557,"featured_media":0,"comment_status":"closed","ping_status":"closed","sticky":false,"template":"","format":"standard","meta":{"footnotes":""},"categories":[15,6],"tags":[34929,2299,6719],"class_list":{"0":"post-129799","1":"post","2":"type-post","3":"status-publish","4":"format-standard","6":"category-destaques","7":"category-politica","8":"tag-centro-especializado-em-reabilitacao","9":"tag-ufs","10":"tag-universidade-federal-de-sergipe"},"_links":{"self":[{"href":"https:\/\/senoticias.com.br\/se\/wp-json\/wp\/v2\/posts\/129799"}],"collection":[{"href":"https:\/\/senoticias.com.br\/se\/wp-json\/wp\/v2\/posts"}],"about":[{"href":"https:\/\/senoticias.com.br\/se\/wp-json\/wp\/v2\/types\/post"}],"author":[{"embeddable":true,"href":"https:\/\/senoticias.com.br\/se\/wp-json\/wp\/v2\/users\/6557"}],"replies":[{"embeddable":true,"href":"https:\/\/senoticias.com.br\/se\/wp-json\/wp\/v2\/comments?post=129799"}],"version-history":[{"count":0,"href":"https:\/\/senoticias.com.br\/se\/wp-json\/wp\/v2\/posts\/129799\/revisions"}],"wp:attachment":[{"href":"https:\/\/senoticias.com.br\/se\/wp-json\/wp\/v2\/media?parent=129799"}],"wp:term":[{"taxonomy":"category","embeddable":true,"href":"https:\/\/senoticias.com.br\/se\/wp-json\/wp\/v2\/categories?post=129799"},{"taxonomy":"post_tag","embeddable":true,"href":"https:\/\/senoticias.com.br\/se\/wp-json\/wp\/v2\/tags?post=129799"}],"curies":[{"name":"wp","href":"https:\/\/api.w.org\/{rel}","templated":true}]}}