{"id":129778,"date":"2021-09-08T21:26:49","date_gmt":"2021-09-09T00:26:49","guid":{"rendered":"https:\/\/senoticias.com.br\/se\/?p=129778"},"modified":"2021-09-08T21:28:12","modified_gmt":"2021-09-09T00:28:12","slug":"sergipe-chega-ao-4o-dia-sem-registro-de-mortes-por-covid-19-desde-o-inicio-da-pandemia","status":"publish","type":"post","link":"https:\/\/senoticias.com.br\/se\/sergipe-chega-ao-4o-dia-sem-registro-de-mortes-por-covid-19-desde-o-inicio-da-pandemia\/","title":{"rendered":"Sergipe chega ao 4\u00ba dia sem registro de mortes por covid-19 desde o in\u00edcio da pandemia"},"content":{"rendered":"\n<p>A Secretaria de Estado da Sa\u00fade (SES) divulga, nesta quarta-feira, 08, o boletim epidemiol\u00f3gico do coronav\u00edrus sem registro de \u00f3bitos e com 11 casos novos. Em Sergipe, 277.600 pessoas j\u00e1 testaram positivo para a Covid-19 e 6.001 morreram. At\u00e9 o momento, 269.404 pacientes foram curados.<\/p>\n\n\n\n<figure class=\"wp-block-image size-large\"><img loading=\"lazy\" decoding=\"async\" width=\"599\" height=\"375\" src=\"https:\/\/senoticias.com.br\/se\/wp-content\/uploads\/2021\/01\/lacen-e1610321061926.jpg\" alt=\"\" class=\"wp-image-126261\"\/><figcaption>Sergipe continua sem registro de mortes por Covid-19 &#8211; Foto: arquivo\/ABr<\/figcaption><\/figure>\n\n\n\n<p>A rede p\u00fablica disp\u00f5e de 270 leitos, destes 120 s\u00e3o de UTI (adulto) e no momento est\u00e3o ocupados 25; 7 s\u00e3o de UTI neonatal ou pedi\u00e1trica e 1 est\u00e1 ocupado; 143 s\u00e3o leitos cl\u00ednicos ou enfermaria, sendo que 30 est\u00e3o ocupados atualmente, sendo assim, o total de leitos em uso no momento \u00e9 de 56.<\/p>\n\n\n\n<p>Na rede particular s\u00e3o 100 leitos dispon\u00edveis: 29 UTI (adulto), 9 UTI (neonatal\/pedi\u00e1trica) e 62 (leito cl\u00ednico ou enfermaria). Desse total, 17 est\u00e3o ocupados no momento. Foram realizados 595.500 exames, 277.600 positivaram, 317.900 foram negativados, 138 aguardam resultado. O total de exames \u00e9 de 634.561 e n\u00e3o h\u00e1 \u00f3bitos em investiga\u00e7\u00e3o.<\/p>\n\n\n\n<p><strong>Vacina\u00e7\u00e3o<\/strong><\/p>\n\n\n\n<p>A SES j\u00e1 distribuiu o total de 1.505.856 primeira dose aos munic\u00edpios, sendo que 1.436.753 foram aplicadas. Em rela\u00e7\u00e3o ao repasse de segunda dose, 800.786 vacinas j\u00e1 est\u00e3o em posse dos munic\u00edpios, desse n\u00famero foram aplicadas 565.854 e 39.750 dose \u00fanica foram entregues aos munic\u00edpios sendo que 39.952 foram aplicadas.<\/p>\n\n\n\n<p>Mais detalhes sobre o novo boletim epidemiol\u00f3gico da Covid-19 em sergipecontraocoronavirus.net.br.<\/p>\n\n\n\n<p><em>Quer receber as principais not\u00edcias do&nbsp;<strong>SE Not\u00edcias<\/strong>&nbsp;no seu&nbsp;<strong>WhatsApp?<\/strong>&nbsp;<strong><a href=\"https:\/\/api.whatsapp.com\/send?phone=5579991715289\">Clique aqui<\/a><\/strong>.<\/em><\/p>\n\n\n\n<p><strong><em>Acompanhe tamb\u00e9m o SE Not\u00edcias no\u00a0<a rel=\"noreferrer noopener\" href=\"https:\/\/twitter.com\/Senoticias\" target=\"_blank\">Twitter<\/a>,\u00a0<a rel=\"noreferrer noopener\" href=\"https:\/\/www.facebook.com\/senoticias1\" target=\"_blank\">Facebook<\/a>\u00a0e no\u00a0<a rel=\"noreferrer noopener\" href=\"https:\/\/www.instagram.com\/senoticias\/\" target=\"_blank\">Instagram<\/a><\/em><\/strong><\/p>\n\n\n\n<p>Fonte: Ag\u00eancia Sergipe de Not\u00edcias<\/p>\n","protected":false},"excerpt":{"rendered":"<p>A Secretaria de Estado da Sa\u00fade (SES) divulga, nesta quarta-feira, 08, o boletim epidemiol\u00f3gico do coronav\u00edrus sem registro de \u00f3bitos e com 11 casos novos. Em Sergipe, 277.600 pessoas j\u00e1 testaram positivo para a Covid-19 e 6.001 morreram. At\u00e9 o momento, 269.404 pacientes foram curados. A rede p\u00fablica disp\u00f5e de 270 leitos, destes 120 s\u00e3o [&hellip;]<\/p>\n","protected":false},"author":6557,"featured_media":0,"comment_status":"closed","ping_status":"closed","sticky":false,"template":"","format":"standard","meta":{"footnotes":""},"categories":[15,6],"tags":[34919,14279,14369,6385],"class_list":{"0":"post-129778","1":"post","2":"type-post","3":"status-publish","4":"format-standard","6":"category-destaques","7":"category-politica","8":"tag-4o-dia-sem-registro-de-mortes","9":"tag-covid19","10":"tag-pandemia","11":"tag-secretaria-de-estado-da-saude"},"_links":{"self":[{"href":"https:\/\/senoticias.com.br\/se\/wp-json\/wp\/v2\/posts\/129778"}],"collection":[{"href":"https:\/\/senoticias.com.br\/se\/wp-json\/wp\/v2\/posts"}],"about":[{"href":"https:\/\/senoticias.com.br\/se\/wp-json\/wp\/v2\/types\/post"}],"author":[{"embeddable":true,"href":"https:\/\/senoticias.com.br\/se\/wp-json\/wp\/v2\/users\/6557"}],"replies":[{"embeddable":true,"href":"https:\/\/senoticias.com.br\/se\/wp-json\/wp\/v2\/comments?post=129778"}],"version-history":[{"count":0,"href":"https:\/\/senoticias.com.br\/se\/wp-json\/wp\/v2\/posts\/129778\/revisions"}],"wp:attachment":[{"href":"https:\/\/senoticias.com.br\/se\/wp-json\/wp\/v2\/media?parent=129778"}],"wp:term":[{"taxonomy":"category","embeddable":true,"href":"https:\/\/senoticias.com.br\/se\/wp-json\/wp\/v2\/categories?post=129778"},{"taxonomy":"post_tag","embeddable":true,"href":"https:\/\/senoticias.com.br\/se\/wp-json\/wp\/v2\/tags?post=129778"}],"curies":[{"name":"wp","href":"https:\/\/api.w.org\/{rel}","templated":true}]}}