{"id":129740,"date":"2021-09-06T12:18:04","date_gmt":"2021-09-06T15:18:04","guid":{"rendered":"https:\/\/senoticias.com.br\/se\/?p=129740"},"modified":"2021-09-06T12:32:37","modified_gmt":"2021-09-06T15:32:37","slug":"senac-prestigia-desfile-do-circuito-de-moda-arte-viva","status":"publish","type":"post","link":"https:\/\/senoticias.com.br\/se\/senac-prestigia-desfile-do-circuito-de-moda-arte-viva\/","title":{"rendered":"Senac prestigia desfile do Circuito de Moda Arte Viva"},"content":{"rendered":"\n<p><\/p>\n\n\n\n<p>A moda e arte sergipana ganharam destaque na noite da \u00faltima quinta-feira, 02 de setembro, no desfile do Circuito de Moda Arte Viva, organizado pelo RioMar Aracaju. Apoiador do projeto, o Sistema Fecom\u00e9rcio\/Sesc\/Senac esteve presente para prestigiar os trabalhos dos artistas e estilistas sergipanos, j\u00e1 que o Senac se tornou uma refer\u00eancia no segmento desde que passou a ofertar o curso de Estilista de Moda, em 2017. Estiveram presentes o presidente do Sistema Fecom\u00e9rcio, La\u00e9rcio Oliveira, a diretora regional do Senac, Priscila Dias Felizola, o diretor adjunto Marcos Barreto, e o gerente da Divis\u00e3o de Educa\u00e7\u00e3o Profissional, Edson Alves.<\/p>\n\n\n\n<figure class=\"wp-block-image size-large\"><img loading=\"lazy\" decoding=\"async\" width=\"585\" height=\"344\" src=\"https:\/\/senoticias.com.br\/se\/wp-content\/uploads\/2021\/09\/Circuito-de-Moda-Arte-Viva-SE-Noticias.jpg\" alt=\"\" class=\"wp-image-129742\" srcset=\"https:\/\/senoticias.com.br\/se\/wp-content\/uploads\/2021\/09\/Circuito-de-Moda-Arte-Viva-SE-Noticias.jpg 585w, https:\/\/senoticias.com.br\/se\/wp-content\/uploads\/2021\/09\/Circuito-de-Moda-Arte-Viva-SE-Noticias-300x176.jpg 300w\" sizes=\"(max-width: 585px) 100vw, 585px\" \/><figcaption>Apoiador do projeto, o Sistema Fecom\u00e9rcio\/Sesc\/Senac esteve presente para prestigiar os trabalhos dos artistas e estilistas sergipanos &#8211; Foto: divulga\u00e7\u00e3o<\/figcaption><\/figure>\n\n\n\n<p>Al\u00e9m de apresentar as novas cole\u00e7\u00f5es das marcas do RioMar, o Circuito contou com a participa\u00e7\u00e3o dos artistas convidados Roniery, Quirino Melo, Josy Mendon\u00e7a, F\u00e1bio Sampaio de Don Kob, que fizeram interven\u00e7\u00f5es art\u00edsticas nos looks criados por Altair Santo, designer de moda respons\u00e1vel pelos cursos do Senac. As pe\u00e7as estilizadas foram apresentadas no desfile, e arrancaram aplausos do p\u00fablico presente.<\/p>\n\n\n\n<figure class=\"wp-block-image size-large\"><img loading=\"lazy\" decoding=\"async\" width=\"584\" height=\"329\" src=\"https:\/\/senoticias.com.br\/se\/wp-content\/uploads\/2021\/09\/Laercio-Oliveira-SE-Noticias.jpg\" alt=\"\" class=\"wp-image-129743\" srcset=\"https:\/\/senoticias.com.br\/se\/wp-content\/uploads\/2021\/09\/Laercio-Oliveira-SE-Noticias.jpg 584w, https:\/\/senoticias.com.br\/se\/wp-content\/uploads\/2021\/09\/Laercio-Oliveira-SE-Noticias-300x169.jpg 300w\" sizes=\"(max-width: 584px) 100vw, 584px\" \/><figcaption>Presidente do Sistema Fecom\u00e9rcio, La\u00e9rcio Oliveira, esteve presente para prestigiar os trabalhos dos artistas e estilistas sergipanos &#8211; Divulga\u00e7\u00e3o<\/figcaption><\/figure>\n\n\n\n<p>\u201cAs obras foram produzidas por artistas maravilhosos, e o Senac se sente extremamente feliz em apoiar o evento. E por, acima de tudo, atrav\u00e9s do nosso curso de Moda poder revelar tantos talentos. \u00c9 incr\u00edvel como \u00e9 percept\u00edvel a evolu\u00e7\u00e3o desse curso de Estilista promovido pelo Senac. Um verdadeiro laborat\u00f3rio, uma oficina de qualidade, que j\u00e1 nos levou a sermos premiados em um grande evento de moda no Cear\u00e1. \u00c9 por isso que temos a certeza de estar no caminho certo\u201d, reconheceu La\u00e9rcio Oliveira.<\/p>\n\n\n\n<p>Priscila Felizola tamb\u00e9m ressaltou o papel da institui\u00e7\u00e3o em participar de eventos que enriquecem e fomentam o mercado da moda sergipana, al\u00e9m de inserir seus alunos e egressos neste universo. \u201cTer a oportunidade de fazer parcerias como essa e inserir nossos alunos e egressos no mundo da moda, saindo da teoria e trazendo para o mundo real, ajuda a nos firmar cada vez mais como um centro de excel\u00eancia em educa\u00e7\u00e3o profissional\u201d, declarou a diretora.<\/p>\n\n\n\n<p><strong>Passagem pelo Senac<\/strong><\/p>\n\n\n\n<p>Kateryni Guedes \u00e9 um dos talentos que sa\u00edram das salas de aula e laborat\u00f3rios do Senac para brilhar no mundo da Moda. Egressa da primeira turma de Estilista, Kateryni deixou a arquitetura para trabalhar com Moda, na cria\u00e7\u00e3o de sua marca e de suas pr\u00f3prias cole\u00e7\u00f5es. A estilista reconheceu a relev\u00e2ncia da passagem pelo Senac em sua trajet\u00f3ria profissional.<\/p>\n\n\n\n<p>\u201cEu apostei todas as minhas fichas porque eu realmente tinha vontade de atuar nessa \u00e1rea e, portanto, o Senac foi um divisor de \u00e1guas. A bagagem dos instrutores e a estrutura que a institui\u00e7\u00e3o nos forneceu foram muito importantes para mim. Hoje tenho uma carreira na Moda, e minhas pe\u00e7as exclusivas s\u00e3o criadas e produzidas no meu pr\u00f3prio Ateli\u00ea\u201d, revelou a egressa.<\/p>\n\n\n\n<p>A estilista apresentou uma de suas cria\u00e7\u00f5es no desfile a convite de Altair Santo, respons\u00e1vel pelos cursos de Moda do Senac e curador do Circuito de Moda Arte Viva. Para ele, a moda sergipana sofreu um impacto positivo a partir da cria\u00e7\u00e3o do curso de Estilista pela institui\u00e7\u00e3o de ensino profissionalizante.<\/p>\n\n\n\n<p>\u201cA gente v\u00ea pessoas criativas, como a pr\u00f3pria Kateryni, despontando no cen\u00e1rio local, regional e nacional. Existem egressos nossos vendendo suas pe\u00e7as em outras partes do Brasil. O Senac contribui para o desenvolvimento do fazer moda e \u00e9 muito importante pois tudo come\u00e7a pela educa\u00e7\u00e3o\u201d, destacou Altair.<\/p>\n\n\n\n<p><em>Quer receber as principais not\u00edcias do&nbsp;<strong>SE Not\u00edcias<\/strong>&nbsp;no seu&nbsp;<strong>WhatsApp?<\/strong>&nbsp;<strong><a href=\"https:\/\/api.whatsapp.com\/send?phone=5579991715289\">Clique aqui<\/a><\/strong>.<\/em><\/p>\n\n\n\n<p><strong><em>Acompanhe tamb\u00e9m o SE Not\u00edcias no\u00a0<a rel=\"noreferrer noopener\" href=\"https:\/\/twitter.com\/Senoticias\" target=\"_blank\">Twitter<\/a>,\u00a0<a rel=\"noreferrer noopener\" href=\"https:\/\/www.facebook.com\/senoticias1\" target=\"_blank\">Facebook<\/a>\u00a0e no\u00a0<a rel=\"noreferrer noopener\" href=\"https:\/\/www.instagram.com\/senoticias\/\" target=\"_blank\">Instagram<\/a><\/em><\/strong><\/p>\n\n\n\n<p>Mat\u00e9ria extra\u00edda do site do Senac\/Se<\/p>\n","protected":false},"excerpt":{"rendered":"<p>A moda e arte sergipana ganharam destaque na noite da \u00faltima quinta-feira, 02 de setembro, no desfile do Circuito de Moda Arte Viva, organizado pelo RioMar Aracaju. Apoiador do projeto, o Sistema Fecom\u00e9rcio\/Sesc\/Senac esteve presente para prestigiar os trabalhos dos artistas e estilistas sergipanos, j\u00e1 que o Senac se tornou uma refer\u00eancia no segmento desde [&hellip;]<\/p>\n","protected":false},"author":6557,"featured_media":0,"comment_status":"closed","ping_status":"closed","sticky":false,"template":"","format":"standard","meta":{"footnotes":""},"categories":[15,45],"tags":[34892,3718,3021,12242,6863],"class_list":{"0":"post-129740","1":"post","2":"type-post","3":"status-publish","4":"format-standard","6":"category-destaques","7":"category-tecnologia","8":"tag-circuito-de-moda-arte-viva","9":"tag-laercio-oliveira","10":"tag-senac","11":"tag-sesc","12":"tag-sistema-fecomercio"},"_links":{"self":[{"href":"https:\/\/senoticias.com.br\/se\/wp-json\/wp\/v2\/posts\/129740"}],"collection":[{"href":"https:\/\/senoticias.com.br\/se\/wp-json\/wp\/v2\/posts"}],"about":[{"href":"https:\/\/senoticias.com.br\/se\/wp-json\/wp\/v2\/types\/post"}],"author":[{"embeddable":true,"href":"https:\/\/senoticias.com.br\/se\/wp-json\/wp\/v2\/users\/6557"}],"replies":[{"embeddable":true,"href":"https:\/\/senoticias.com.br\/se\/wp-json\/wp\/v2\/comments?post=129740"}],"version-history":[{"count":0,"href":"https:\/\/senoticias.com.br\/se\/wp-json\/wp\/v2\/posts\/129740\/revisions"}],"wp:attachment":[{"href":"https:\/\/senoticias.com.br\/se\/wp-json\/wp\/v2\/media?parent=129740"}],"wp:term":[{"taxonomy":"category","embeddable":true,"href":"https:\/\/senoticias.com.br\/se\/wp-json\/wp\/v2\/categories?post=129740"},{"taxonomy":"post_tag","embeddable":true,"href":"https:\/\/senoticias.com.br\/se\/wp-json\/wp\/v2\/tags?post=129740"}],"curies":[{"name":"wp","href":"https:\/\/api.w.org\/{rel}","templated":true}]}}