{"id":129718,"date":"2021-09-03T19:38:02","date_gmt":"2021-09-03T22:38:02","guid":{"rendered":"https:\/\/senoticias.com.br\/se\/?p=129718"},"modified":"2021-09-03T19:38:06","modified_gmt":"2021-09-03T22:38:06","slug":"confira-como-ficam-os-atendimentos-no-riomar-aracaju-e-jardins-em-sete-de-setembro","status":"publish","type":"post","link":"https:\/\/senoticias.com.br\/se\/confira-como-ficam-os-atendimentos-no-riomar-aracaju-e-jardins-em-sete-de-setembro\/","title":{"rendered":"Confira como ficam os atendimentos no RioMar Aracaju e Jardins em Sete de Setembro"},"content":{"rendered":"\n<p>O dia da Independ\u00eancia do Brasil se aproxima e a novidade \u00e9 que, para uma parte da popula\u00e7\u00e3o, vai haver feriado prolongado na comemora\u00e7\u00e3o do <strong>7 de Setembro<\/strong>. Para curtir os momentos de descanso, o RioMar Aracaju e o Jardins est\u00e3o disponibilizando uma sele\u00e7\u00e3o de itens especiais nas suas plataformas online e os shoppings funcionam em hor\u00e1rio especial, com restaurantes, pra\u00e7as de alimenta\u00e7\u00e3o e opera\u00e7\u00f5es de entretenimento abertos a partir do meio-dia na ter\u00e7a-feira, 7 de setembro.<\/p>\n\n\n\n<figure class=\"wp-block-image size-large\"><img loading=\"lazy\" decoding=\"async\" width=\"550\" height=\"412\" src=\"https:\/\/senoticias.com.br\/se\/wp-content\/uploads\/2021\/09\/Praca-de-alimentacao-se-noticias.jpg\" alt=\"\" class=\"wp-image-129719\" srcset=\"https:\/\/senoticias.com.br\/se\/wp-content\/uploads\/2021\/09\/Praca-de-alimentacao-se-noticias.jpg 550w, https:\/\/senoticias.com.br\/se\/wp-content\/uploads\/2021\/09\/Praca-de-alimentacao-se-noticias-300x225.jpg 300w, https:\/\/senoticias.com.br\/se\/wp-content\/uploads\/2021\/09\/Praca-de-alimentacao-se-noticias-45x35.jpg 45w\" sizes=\"(max-width: 550px) 100vw, 550px\" \/><figcaption>Restaurantes, pra\u00e7as de alimenta\u00e7\u00e3o e entretenimento funcionam a partir das 12h e plataformas digitais operam normalmente no feriado &#8211; Foto: arquivo\/divulga\u00e7\u00e3o<\/figcaption><\/figure>\n\n\n\n<p>At\u00e9 15 de setembro, as fam\u00edlias tamb\u00e9m t\u00eam a oportunidade de aproveitar as ofertas e benef\u00edcios exclusivos da \u2018Temporada do Cliente\u2019 nas lojas f\u00edsicas e online.<\/p>\n\n\n\n<p>Confira como fica o hor\u00e1rio de funcionamento dos shoppings RioMar Aracaju e Jardins neste feriad\u00e3o:<\/p>\n\n\n\n<p><strong>S\u00e1bado, 4 de setembro<\/strong><br>Lojas, quiosques, lazer, pra\u00e7as de alimenta\u00e7\u00e3o e restaurantes, das 10h \u00e0s 22h.<\/p>\n\n\n\n<p><strong>Domingo, 5 de setembro<\/strong><br>Pra\u00e7as de alimenta\u00e7\u00e3o, restaurantes e lazer, das 12h \u00e0s 21h;<br>Lojas e quiosques, das 14h \u00e0s 20h.<\/p>\n\n\n\n<p><strong>Segunda-feira, 6 de setembro<\/strong><br>Lojas, quiosques, lazer, pra\u00e7as de alimenta\u00e7\u00e3o e restaurantes, das 10h \u00e0s 22h.<\/p>\n\n\n\n<p><strong>Ter\u00e7a-feira, 7 de setembro<\/strong><br>Pra\u00e7as de alimenta\u00e7\u00e3o, restaurantes e lazer, das 12h \u00e0s 21h;<br>Lojas e quiosques fechados.<\/p>\n\n\n\n<p><strong>Atendimento online<\/strong><\/p>\n\n\n\n<p>Acessando os sites riomararacajuonline.com.br e shoppingjardinsonline.com.br ou os aplicativos dispon\u00edveis para IOS e Android, o consumidor encontra mais de 14 mil itens de diferentes segmentos como moda, acess\u00f3rios, gastronomia, joias, artigos esportivos, tecnologia, livros, underwear, perfumaria, cosm\u00e9ticos e bebidas especiais.<\/p>\n\n\n\n<p>As plataformas de compras online atendem a todos os bairros de Aracaju. O tempo estimado para a entrega das refei\u00e7\u00f5es \u00e9 de at\u00e9 uma hora, para os produtos, a previs\u00e3o \u00e9 de at\u00e9 um dia \u00fatil. O frete \u00e9 gr\u00e1tis na primeira compra ou nos pedidos acima de R$ 100.<\/p>\n\n\n\n<p><em>Quer receber as principais not\u00edcias do&nbsp;<strong>SE Not\u00edcias<\/strong>&nbsp;no seu&nbsp;<strong>WhatsApp?<\/strong>&nbsp;<strong><a href=\"https:\/\/api.whatsapp.com\/send?phone=5579991715289\">Clique aqui<\/a><\/strong>.<\/em><\/p>\n\n\n\n<p><strong><em>Acompanhe tamb\u00e9m o SE Not\u00edcias no\u00a0<a rel=\"noreferrer noopener\" href=\"https:\/\/twitter.com\/Senoticias\" target=\"_blank\">Twitter<\/a>,\u00a0<a rel=\"noreferrer noopener\" href=\"https:\/\/www.facebook.com\/senoticias1\" target=\"_blank\">Facebook<\/a>\u00a0e no\u00a0<a rel=\"noreferrer noopener\" href=\"https:\/\/www.instagram.com\/senoticias\/\" target=\"_blank\">Instagram<\/a><\/em><\/strong><\/p>\n\n\n\n<p>Fonte: Assessoria de imprensa \/ Lotti+Caldas Comunica\u00e7\u00e3o<\/p>\n","protected":false},"excerpt":{"rendered":"<p>O dia da Independ\u00eancia do Brasil se aproxima e a novidade \u00e9 que, para uma parte da popula\u00e7\u00e3o, vai haver feriado prolongado na comemora\u00e7\u00e3o do 7 de Setembro. Para curtir os momentos de descanso, o RioMar Aracaju e o Jardins est\u00e3o disponibilizando uma sele\u00e7\u00e3o de itens especiais nas suas plataformas online e os shoppings funcionam [&hellip;]<\/p>\n","protected":false},"author":6557,"featured_media":0,"comment_status":"closed","ping_status":"closed","sticky":false,"template":"","format":"standard","meta":{"footnotes":""},"categories":[15,21],"tags":[34881,12529,7803,4939],"class_list":{"0":"post-129718","1":"post","2":"type-post","3":"status-publish","4":"format-standard","6":"category-destaques","7":"category-entretenimento","8":"tag-feriado-de-7-de-setembro","9":"tag-riomar-aracaju","10":"tag-riomar-shopping","11":"tag-shopping-jardins"},"_links":{"self":[{"href":"https:\/\/senoticias.com.br\/se\/wp-json\/wp\/v2\/posts\/129718"}],"collection":[{"href":"https:\/\/senoticias.com.br\/se\/wp-json\/wp\/v2\/posts"}],"about":[{"href":"https:\/\/senoticias.com.br\/se\/wp-json\/wp\/v2\/types\/post"}],"author":[{"embeddable":true,"href":"https:\/\/senoticias.com.br\/se\/wp-json\/wp\/v2\/users\/6557"}],"replies":[{"embeddable":true,"href":"https:\/\/senoticias.com.br\/se\/wp-json\/wp\/v2\/comments?post=129718"}],"version-history":[{"count":0,"href":"https:\/\/senoticias.com.br\/se\/wp-json\/wp\/v2\/posts\/129718\/revisions"}],"wp:attachment":[{"href":"https:\/\/senoticias.com.br\/se\/wp-json\/wp\/v2\/media?parent=129718"}],"wp:term":[{"taxonomy":"category","embeddable":true,"href":"https:\/\/senoticias.com.br\/se\/wp-json\/wp\/v2\/categories?post=129718"},{"taxonomy":"post_tag","embeddable":true,"href":"https:\/\/senoticias.com.br\/se\/wp-json\/wp\/v2\/tags?post=129718"}],"curies":[{"name":"wp","href":"https:\/\/api.w.org\/{rel}","templated":true}]}}