{"id":129715,"date":"2021-09-03T16:29:33","date_gmt":"2021-09-03T19:29:33","guid":{"rendered":"https:\/\/senoticias.com.br\/se\/?p=129715"},"modified":"2021-09-03T16:33:50","modified_gmt":"2021-09-03T19:33:50","slug":"policia-civil-disponibiliza-plantao-na-detur-durante-o-feriado","status":"publish","type":"post","link":"https:\/\/senoticias.com.br\/se\/policia-civil-disponibiliza-plantao-na-detur-durante-o-feriado\/","title":{"rendered":"Pol\u00edcia Civil disponibiliza plant\u00e3o na Delegacia de Turismo durante o feriado"},"content":{"rendered":"\n<p><\/p>\n\n\n\n<p>Com o objetivo de ampliar o atendimento \u00e0 popula\u00e7\u00e3o no dia 7 de setembro, data comemorativa da Independ\u00eancia do Brasil, a Pol\u00edcia Civil informa que a Delegacia de Turismo (Detur) estar\u00e1 atuando como unidade plantonista \u2013 das 7h \u00e0s 19h \u2013 na pr\u00f3xima ter\u00e7a-feira, 7. O refor\u00e7o extraordin\u00e1rio ser\u00e1 usado para atender as ocorr\u00eancias policiais que forem registradas durante nas manifesta\u00e7\u00f5es previstas para o feriado.<\/p>\n\n\n\n<div class=\"wp-block-image\"><figure class=\"alignleft size-large\"><img loading=\"lazy\" decoding=\"async\" width=\"357\" height=\"210\" src=\"https:\/\/senoticias.com.br\/se\/wp-content\/uploads\/2021\/09\/Delegacia-Se-Noticias.jpeg\" alt=\"\" class=\"wp-image-129716\" srcset=\"https:\/\/senoticias.com.br\/se\/wp-content\/uploads\/2021\/09\/Delegacia-Se-Noticias.jpeg 357w, https:\/\/senoticias.com.br\/se\/wp-content\/uploads\/2021\/09\/Delegacia-Se-Noticias-300x176.jpeg 300w\" sizes=\"(max-width: 357px) 100vw, 357px\" \/><figcaption>Unidade funcionar\u00e1 recebendo casos da regi\u00e3o metropolitana e registrando ocorr\u00eancias conduzidas pela Pol\u00edcia Militar em decorr\u00eancia das manifesta\u00e7\u00f5es do dia 07 de setembro (Foto: SSP\/SE<\/figcaption><\/figure><\/div>\n\n\n\n<p>De acordo com a coordenadora operacional das delegacias da capital, delegada Nalile Castro, a unidade atuar\u00e1 recebendo os casos originados na localidade, assim como tamb\u00e9m receber\u00e1 as ocorr\u00eancias conduzidas pela Pol\u00edcia Militar.<\/p>\n\n\n\n<p>\u201cNo feriado de 7 de setembro, a Pol\u00edcia Civil contar\u00e1 com mais um plant\u00e3o, que funcionar\u00e1 na Detur, na Orla de Atalaia. L\u00e1 ser\u00e3o lavrados todos os procedimentos de Pol\u00edcia Judici\u00e1ria, como tamb\u00e9m de boletins de ocorr\u00eancia\u201d, detalhou.<\/p>\n\n\n\n<p>Nalile Castro ressaltou que o plant\u00e3o da Detur atuar\u00e1 junto ao funcionamento da Central de Flagrantes. \u201cEsse plant\u00e3o se soma ao plant\u00e3o ordin\u00e1rio da Central de Flagrantes, situada na Visconde de Maracaju, na Zona Norte da capital\u201d, complementou.<\/p>\n\n\n\n<p><em>Quer receber as principais not\u00edcias do&nbsp;<strong>SE Not\u00edcias<\/strong>&nbsp;no seu&nbsp;<strong>WhatsApp?<\/strong>&nbsp;<strong><a href=\"https:\/\/api.whatsapp.com\/send?phone=5579991715289\">Clique aqui<\/a><\/strong>.<\/em><\/p>\n\n\n\n<p><strong><em>Acompanhe tamb\u00e9m o SE Not\u00edcias no&nbsp;<a rel=\"noreferrer noopener\" href=\"https:\/\/twitter.com\/Senoticias\" target=\"_blank\">Twitter<\/a>,&nbsp;<a rel=\"noreferrer noopener\" href=\"https:\/\/www.facebook.com\/senoticias1\" target=\"_blank\">Facebook<\/a>&nbsp;e no&nbsp;<a rel=\"noreferrer noopener\" href=\"https:\/\/www.instagram.com\/senoticias\/\" target=\"_blank\">Instagram<\/a><\/em><\/strong><\/p>\n\n\n\n<p>Fonte: SSP\/SE<\/p>\n","protected":false},"excerpt":{"rendered":"<p>Com o objetivo de ampliar o atendimento \u00e0 popula\u00e7\u00e3o no dia 7 de setembro, data comemorativa da Independ\u00eancia do Brasil, a Pol\u00edcia Civil informa que a Delegacia de Turismo (Detur) estar\u00e1 atuando como unidade plantonista \u2013 das 7h \u00e0s 19h \u2013 na pr\u00f3xima ter\u00e7a-feira, 7. O refor\u00e7o extraordin\u00e1rio ser\u00e1 usado para atender as ocorr\u00eancias policiais [&hellip;]<\/p>\n","protected":false},"author":6557,"featured_media":0,"comment_status":"closed","ping_status":"closed","sticky":false,"template":"","format":"standard","meta":{"footnotes":""},"categories":[15,7],"tags":[34880,34879,78],"class_list":{"0":"post-129715","1":"post","2":"type-post","3":"status-publish","4":"format-standard","6":"category-destaques","7":"category-policia","8":"tag-delegacia-de-turismo","9":"tag-detur","10":"tag-policia-civil"},"_links":{"self":[{"href":"https:\/\/senoticias.com.br\/se\/wp-json\/wp\/v2\/posts\/129715"}],"collection":[{"href":"https:\/\/senoticias.com.br\/se\/wp-json\/wp\/v2\/posts"}],"about":[{"href":"https:\/\/senoticias.com.br\/se\/wp-json\/wp\/v2\/types\/post"}],"author":[{"embeddable":true,"href":"https:\/\/senoticias.com.br\/se\/wp-json\/wp\/v2\/users\/6557"}],"replies":[{"embeddable":true,"href":"https:\/\/senoticias.com.br\/se\/wp-json\/wp\/v2\/comments?post=129715"}],"version-history":[{"count":0,"href":"https:\/\/senoticias.com.br\/se\/wp-json\/wp\/v2\/posts\/129715\/revisions"}],"wp:attachment":[{"href":"https:\/\/senoticias.com.br\/se\/wp-json\/wp\/v2\/media?parent=129715"}],"wp:term":[{"taxonomy":"category","embeddable":true,"href":"https:\/\/senoticias.com.br\/se\/wp-json\/wp\/v2\/categories?post=129715"},{"taxonomy":"post_tag","embeddable":true,"href":"https:\/\/senoticias.com.br\/se\/wp-json\/wp\/v2\/tags?post=129715"}],"curies":[{"name":"wp","href":"https:\/\/api.w.org\/{rel}","templated":true}]}}