{"id":129689,"date":"2021-09-01T19:49:51","date_gmt":"2021-09-01T22:49:51","guid":{"rendered":"https:\/\/senoticias.com.br\/se\/?p=129689"},"modified":"2021-09-01T19:53:57","modified_gmt":"2021-09-01T22:53:57","slug":"empresario-danifica-motel-e-durante-prisao-comete-injuria-racial-e-importunacao-sexual-contra-policiais","status":"publish","type":"post","link":"https:\/\/senoticias.com.br\/se\/empresario-danifica-motel-e-durante-prisao-comete-injuria-racial-e-importunacao-sexual-contra-policiais\/","title":{"rendered":"Empres\u00e1rio danifica motel e durante pris\u00e3o comete inj\u00faria racial e importuna\u00e7\u00e3o sexual contra policiais"},"content":{"rendered":"\n<p>Um empres\u00e1rio do ramo automotivo, da cidade de Carira, foi preso na noite de ter\u00e7a-feira (31), na cidade de Itabaiana, Agreste do estado, por suspeita de cometer uma s\u00e9rie de crimes: danos a um motel, se negou a pagar conta, desacatou policiais, cometeu inj\u00faria racial e importuna\u00e7\u00e3o sexual.<\/p>\n\n\n\n<figure class=\"wp-block-image size-large\"><img loading=\"lazy\" decoding=\"async\" width=\"550\" height=\"365\" src=\"https:\/\/senoticias.com.br\/se\/wp-content\/uploads\/2019\/09\/policia_militar_arquivo_infonet_19092018-e1567429009935.jpg\" alt=\"\" class=\"wp-image-119893\"\/><figcaption>Al\u00e9m de se negar a pagar conta, ele desacatou e chamou um policial de &#8220;preto&#8221; de forma pejorativa. Al\u00e9m de se referir a uma policial como &#8220;gostosa&#8221; &#8211; Foto: arquivo\/PM\/SE<\/figcaption><\/figure>\n\n\n\n<p>Segundo a Pol\u00edcia Militar, a equipe foi acionada por volta das 20h40 com informa\u00e7\u00f5es do gerente do motel, afirmando que um homem se negava a pagar a conta e tamb\u00e9m teria danificado partes do estabelecimento. O suspeito ocupava a su\u00edte mans\u00e3o, que tem \u00e1rea externa com piscina e churrasqueira. O empres\u00e1rio manobrou o carro nesse espa\u00e7o, caiu na piscina e danificou a borda. Al\u00e9m do aluguel do quarto, ele tamb\u00e9m teria realizado consuma\u00e7\u00e3o, a exemplo de cervejas e whisky, que totalizou quase R$ 400. Ele tamb\u00e9m amassou o pole dance, o port\u00e3o da garagem e quebrou cadeiras de sol.<\/p>\n\n\n\n<p>Quando os agentes chegaram ao local, o suspeito come\u00e7ou a se exaltar. Nesse momento, desacatou um policial. A PM deu voz de pris\u00e3o em flagrante. Durante a conten\u00e7\u00e3o e coloca\u00e7\u00e3o das algemas, ele disparou de forma pejorativa contra um policial, chamando-o de &#8220;preto&#8221;, ou seja, inj\u00faria racial.<\/p>\n\n\n\n<p>J\u00e1 na delegacia, ele falou para uma policial que ela era &#8220;gostosa&#8221; e, ainda, a pediu para sentar no colo dele. Ao todo, ele pode responder por quatro crimes: pelo dano ao motel, pelo desacato, inj\u00faria racial e importuna\u00e7\u00e3o sexual. O caso \u00e9 investigado, agora, pela Pol\u00edcia Civil.<\/p>\n\n\n\n<p><em>Quer receber as principais not\u00edcias do&nbsp;<strong>SE Not\u00edcias<\/strong>&nbsp;no seu&nbsp;<strong>WhatsApp?<\/strong>&nbsp;<strong><a href=\"https:\/\/api.whatsapp.com\/send?phone=5579991715289\">Clique aqui<\/a><\/strong>.<\/em><\/p>\n\n\n\n<p><strong><em>Acompanhe tamb\u00e9m o SE Not\u00edcias no\u00a0<a rel=\"noreferrer noopener\" href=\"https:\/\/twitter.com\/Senoticias\" target=\"_blank\">Twitter<\/a>,\u00a0<a rel=\"noreferrer noopener\" href=\"https:\/\/www.facebook.com\/senoticias1\" target=\"_blank\">Facebook<\/a>\u00a0e no\u00a0<a rel=\"noreferrer noopener\" href=\"https:\/\/www.instagram.com\/senoticias\/\" target=\"_blank\">Instagram<\/a><\/em><\/strong><\/p>\n\n\n\n<p>Fonte: A8SE.com.br<\/p>\n\n\n\n<p><\/p>\n","protected":false},"excerpt":{"rendered":"<p>Um empres\u00e1rio do ramo automotivo, da cidade de Carira, foi preso na noite de ter\u00e7a-feira (31), na cidade de Itabaiana, Agreste do estado, por suspeita de cometer uma s\u00e9rie de crimes: danos a um motel, se negou a pagar conta, desacatou policiais, cometeu inj\u00faria racial e importuna\u00e7\u00e3o sexual. Segundo a Pol\u00edcia Militar, a equipe foi [&hellip;]<\/p>\n","protected":false},"author":6557,"featured_media":0,"comment_status":"closed","ping_status":"closed","sticky":false,"template":"","format":"standard","meta":{"footnotes":""},"categories":[15,7,1],"tags":[803,13777,34868],"class_list":{"0":"post-129689","1":"post","2":"type-post","3":"status-publish","4":"format-standard","6":"category-destaques","7":"category-policia","8":"category-sem-categoria","9":"tag-carira","10":"tag-importunacao-sexual","11":"tag-valentao"},"_links":{"self":[{"href":"https:\/\/senoticias.com.br\/se\/wp-json\/wp\/v2\/posts\/129689"}],"collection":[{"href":"https:\/\/senoticias.com.br\/se\/wp-json\/wp\/v2\/posts"}],"about":[{"href":"https:\/\/senoticias.com.br\/se\/wp-json\/wp\/v2\/types\/post"}],"author":[{"embeddable":true,"href":"https:\/\/senoticias.com.br\/se\/wp-json\/wp\/v2\/users\/6557"}],"replies":[{"embeddable":true,"href":"https:\/\/senoticias.com.br\/se\/wp-json\/wp\/v2\/comments?post=129689"}],"version-history":[{"count":0,"href":"https:\/\/senoticias.com.br\/se\/wp-json\/wp\/v2\/posts\/129689\/revisions"}],"wp:attachment":[{"href":"https:\/\/senoticias.com.br\/se\/wp-json\/wp\/v2\/media?parent=129689"}],"wp:term":[{"taxonomy":"category","embeddable":true,"href":"https:\/\/senoticias.com.br\/se\/wp-json\/wp\/v2\/categories?post=129689"},{"taxonomy":"post_tag","embeddable":true,"href":"https:\/\/senoticias.com.br\/se\/wp-json\/wp\/v2\/tags?post=129689"}],"curies":[{"name":"wp","href":"https:\/\/api.w.org\/{rel}","templated":true}]}}