{"id":129660,"date":"2021-08-31T18:20:06","date_gmt":"2021-08-31T21:20:06","guid":{"rendered":"https:\/\/senoticias.com.br\/se\/?p=129660"},"modified":"2021-08-31T18:25:18","modified_gmt":"2021-08-31T21:25:18","slug":"secretaria-de-estado-da-saude-envia-para-os-municipios-nesta-terca-feira-mais-de-150-mil-vacinas-contra-a-covid-19","status":"publish","type":"post","link":"https:\/\/senoticias.com.br\/se\/secretaria-de-estado-da-saude-envia-para-os-municipios-nesta-terca-feira-mais-de-150-mil-vacinas-contra-a-covid-19\/","title":{"rendered":"Secretaria de Estado da Sa\u00fade envia para os munic\u00edpios nesta ter\u00e7a-feira mais de 150 mil vacinas contra a Covid-19"},"content":{"rendered":"\n<p>A Central de Armazenamento e Distribui\u00e7\u00e3o de Imunobiol\u00f3gicos, \u00f3rg\u00e3o da Secretaria de Estado da Sa\u00fade (SES), distribuiu nesta ter\u00e7a-feira, 31, com os 75 munic\u00edpios sergipanos, 150.581 vacinas contra a Covid-19. As doses ser\u00e3o utilizadas para primeira e segunda aplica\u00e7\u00e3o de pessoas residentes no Estado de Sergipe, com 18 anos e mais.<\/p>\n\n\n\n<figure class=\"wp-block-image size-large\"><img loading=\"lazy\" decoding=\"async\" width=\"558\" height=\"243\" src=\"https:\/\/senoticias.com.br\/se\/wp-content\/uploads\/2021\/08\/Vacinas-SE-Noticias.jpg\" alt=\"\" class=\"wp-image-129661\" srcset=\"https:\/\/senoticias.com.br\/se\/wp-content\/uploads\/2021\/08\/Vacinas-SE-Noticias.jpg 558w, https:\/\/senoticias.com.br\/se\/wp-content\/uploads\/2021\/08\/Vacinas-SE-Noticias-300x131.jpg 300w\" sizes=\"(max-width: 558px) 100vw, 558px\" \/><figcaption>As doses ser\u00e3o utilizadas para primeira e segunda aplica\u00e7\u00e3o de pessoas residentes no Estado de Sergipe, com 18 anos e mais &#8211; Foto:  ascom\/SES<\/figcaption><\/figure>\n\n\n\n<p>A nova remessa enviada aos munic\u00edpios cont\u00e9m 31.596 doses da Pfizer, 55.910 da Coronavac e 63.075 da Astrazeneca, como&nbsp;destacou Ana Lira, salientando que os munic\u00edpios que comp\u00f5em as Regi\u00f5es de Sa\u00fade de Aracaju e Nossa Senhora do Socorro retiram as vacinas na Central de Armazenamento e Distribui\u00e7\u00e3o de Imunobiol\u00f3gicos, enquanto para os demais o imunizante \u00e9 dispensado nas sedes das Regi\u00f5es de Sa\u00fade a que pertencem.<\/p>\n\n\n\n<p>\u201cNosso objetivo, que se alinha ao Plano Nacional de Operacionaliza\u00e7\u00e3o da vacina\u00e7\u00e3o contra Covid-19, \u00e9 que todos os munic\u00edpios sergipanos completem os esquemas vacinais ao mesmo tempo e amplie a vacina\u00e7\u00e3o das pessoas com 18 anos e mais\u201d, concluiu Ana Lira.<\/p>\n\n\n\n<p><em>Quer receber as principais not\u00edcias do&nbsp;&nbsp;<strong>SE Not\u00edcias<\/strong>&nbsp;&nbsp;no seu&nbsp;&nbsp;<strong>WhatsApp?&nbsp;<\/strong>&nbsp;<strong><a href=\"https:\/\/api.whatsapp.com\/send?phone=5579991715289\">Clique aqui<\/a><\/strong>&nbsp;.<\/em><\/p>\n\n\n\n<p><strong><em>Acompanhe tamb\u00e9m o SE Not\u00edcias no\u00a0\u00a0<a rel=\"noreferrer noopener\" href=\"https:\/\/twitter.com\/Senoticias\" target=\"_blank\">Twitter<\/a>\u00a0,\u00a0\u00a0<a rel=\"noreferrer noopener\" href=\"https:\/\/www.facebook.com\/senoticias1\" target=\"_blank\">Facebook<\/a>\u00a0\u00a0e no\u00a0\u00a0<a rel=\"noreferrer noopener\" href=\"https:\/\/www.instagram.com\/senoticias\/\" target=\"_blank\">Instagram<\/a><\/em><\/strong><\/p>\n\n\n\n<p>Fonte: Ag\u00eancia Sergipe de Not\u00edcias<\/p>\n","protected":false},"excerpt":{"rendered":"<p>A Central de Armazenamento e Distribui\u00e7\u00e3o de Imunobiol\u00f3gicos, \u00f3rg\u00e3o da Secretaria de Estado da Sa\u00fade (SES), distribuiu nesta ter\u00e7a-feira, 31, com os 75 munic\u00edpios sergipanos, 150.581 vacinas contra a Covid-19. As doses ser\u00e3o utilizadas para primeira e segunda aplica\u00e7\u00e3o de pessoas residentes no Estado de Sergipe, com 18 anos e mais. A nova remessa enviada [&hellip;]<\/p>\n","protected":false},"author":6557,"featured_media":0,"comment_status":"closed","ping_status":"closed","sticky":false,"template":"","format":"standard","meta":{"footnotes":""},"categories":[15,6,1],"tags":[14279,14369,6385,3994],"class_list":{"0":"post-129660","1":"post","2":"type-post","3":"status-publish","4":"format-standard","6":"category-destaques","7":"category-politica","8":"category-sem-categoria","9":"tag-covid19","10":"tag-pandemia","11":"tag-secretaria-de-estado-da-saude","12":"tag-vacinas"},"_links":{"self":[{"href":"https:\/\/senoticias.com.br\/se\/wp-json\/wp\/v2\/posts\/129660"}],"collection":[{"href":"https:\/\/senoticias.com.br\/se\/wp-json\/wp\/v2\/posts"}],"about":[{"href":"https:\/\/senoticias.com.br\/se\/wp-json\/wp\/v2\/types\/post"}],"author":[{"embeddable":true,"href":"https:\/\/senoticias.com.br\/se\/wp-json\/wp\/v2\/users\/6557"}],"replies":[{"embeddable":true,"href":"https:\/\/senoticias.com.br\/se\/wp-json\/wp\/v2\/comments?post=129660"}],"version-history":[{"count":0,"href":"https:\/\/senoticias.com.br\/se\/wp-json\/wp\/v2\/posts\/129660\/revisions"}],"wp:attachment":[{"href":"https:\/\/senoticias.com.br\/se\/wp-json\/wp\/v2\/media?parent=129660"}],"wp:term":[{"taxonomy":"category","embeddable":true,"href":"https:\/\/senoticias.com.br\/se\/wp-json\/wp\/v2\/categories?post=129660"},{"taxonomy":"post_tag","embeddable":true,"href":"https:\/\/senoticias.com.br\/se\/wp-json\/wp\/v2\/tags?post=129660"}],"curies":[{"name":"wp","href":"https:\/\/api.w.org\/{rel}","templated":true}]}}