{"id":129649,"date":"2021-08-31T12:10:08","date_gmt":"2021-08-31T15:10:08","guid":{"rendered":"https:\/\/senoticias.com.br\/se\/?p=129649"},"modified":"2021-08-31T12:26:18","modified_gmt":"2021-08-31T15:26:18","slug":"governo-de-sergipe-abre-1817-vagas-para-merendeiras-executores-de-servicos-basicos-e-vigilantes","status":"publish","type":"post","link":"https:\/\/senoticias.com.br\/se\/governo-de-sergipe-abre-1817-vagas-para-merendeiras-executores-de-servicos-basicos-e-vigilantes\/","title":{"rendered":"Governo de Sergipe abre 1817 vagas para merendeiras, executores de servi\u00e7os b\u00e1sicos e vigilantes"},"content":{"rendered":"\n<p>A Secretaria de Estado da Educa\u00e7\u00e3o, do Esporte e da Cultura (Seduc) torna p\u00fablica a abertura das inscri\u00e7\u00f5es no Processo Seletivo Simplificado (PSS) para a contrata\u00e7\u00e3o tempor\u00e1ria de executor de servi\u00e7os b\u00e1sicos, merendeira(o) escolar e vigilante, por meio dos editais de n\u00famero 31, 32 e 33, respectivamente. <strong><a href=\"https:\/\/siae.seduc.se.gov.br\/siae.servicefile\/api\/File\/Downloads\/bc6dabc6-ec73-45fe-8e34-f155cfa36368\">Os editais fazem parte de uma s\u00e9rie de a\u00e7\u00f5es desempenhadas pelo Governo de Sergipe<\/a><\/strong> para garantir que as escolas estaduais obtenham uma retomada das aulas presenciais com qualidade e seguran\u00e7a.<\/p>\n\n\n\n<figure class=\"wp-block-image size-large\"><img loading=\"lazy\" decoding=\"async\" width=\"520\" height=\"385\" src=\"https:\/\/senoticias.com.br\/se\/wp-content\/uploads\/2016\/08\/Merendeiras-SE-Noticias.jpg\" alt=\"\" class=\"wp-image-95584\" srcset=\"https:\/\/senoticias.com.br\/se\/wp-content\/uploads\/2016\/08\/Merendeiras-SE-Noticias.jpg 520w, https:\/\/senoticias.com.br\/se\/wp-content\/uploads\/2016\/08\/Merendeiras-SE-Noticias-300x222.jpg 300w\" sizes=\"(max-width: 520px) 100vw, 520px\" \/><figcaption>Os editais fazem parte das a\u00e7\u00f5es desempenhadas pelo governo do estado para a retomada das aulas presenciais durante a pandemia do novo coronav\u00edrus &#8211; Foto: reprodu\u00e7\u00e3o\/Net)<\/figcaption><\/figure>\n\n\n\n<p>Os candidatos devem atentar-se ao prazo de inscri\u00e7\u00e3o do Processo Seletivo Simplificado de interesse. Para as fun\u00e7\u00f5es de executor de servi\u00e7os b\u00e1sicos a inscri\u00e7\u00e3o inicia nesta segunda-feira, 6, e segue at\u00e9 o dia 10 de setembro; os candidatos interessados a concorrer ao cargo de merendeira(o) podem se inscrever no per\u00edodo de 13 a 17 de setembro. Por fim, a inscri\u00e7\u00e3o para vigilante ser\u00e1 entre os dias 20 e 24 de setembro.<\/p>\n\n\n\n<p>Para se inscrever, o candidato dever\u00e1 acessar o portal Seduc www.seduc.se.gov.br, no qual constam o Edital, a Ficha de Inscri\u00e7\u00e3o online e os procedimentos necess\u00e1rios \u00e0 efetiva\u00e7\u00e3o da inscri\u00e7\u00e3o e upload da documenta\u00e7\u00e3o. Os tr\u00eas editais juntos somam um total de 1.817 vagas a serem preenchidas, sendo 715 para executor de servi\u00e7os b\u00e1sicos, 517 para merendeira (a) escolar e 585 para vigilante. Um cadastro reserva tamb\u00e9m ser\u00e1 composto.<\/p>\n\n\n\n<p>Jorge Costa, diretor de Recursos Humanos da Seduc, lembra que o processo seletivo \u00e9 feito com base na Lei Estadual n\u00ba 6.691, de 23 de setembro de 2009, que disp\u00f5e sobre a contrata\u00e7\u00e3o de servidores por tempo determinado para atender \u00e0s necessidades do servi\u00e7o p\u00fablico em caso de excepcional interesse da Administra\u00e7\u00e3o P\u00fablica Direta e Indireta.<\/p>\n\n\n\n<p>\u201cO processo seletivo \u00e9 feito de forma criteriosa, transparente e democr\u00e1tica para garantir que a comunidade escolar tenha mais tranquilidade no seu dia a dia. O processo \u00e9 feito em car\u00e1ter tempor\u00e1rio, j\u00e1 que as vagas s\u00e3o preenchidas somente por necessidade da escola, quando h\u00e1 um pedido de afastamento previsto em lei\u201d, explica.<\/p>\n\n\n\n<p>Ele tamb\u00e9m assegura que o PSS s\u00f3 foi lan\u00e7ado este ano porque as escolas estavam em sistema de aulas remotas. &#8220;Perder\u00edamos um ano em um trabalho imenso de se realizar um Processo Seletivo Simplificado e n\u00e3o fazia sentido por conta do prazo de contrato de um ano prorrog\u00e1vel por mais um ano. Com o retorno gradual das turmas para o ensino h\u00edbrido, faz-se necess\u00e1rio que tenhamos um cadastro reserva, a fim de que a comunidade escolar tenha mais seguran\u00e7a e conforto nas atividades di\u00e1rias da escola. \u00c9 uma nova realidade que se imp\u00f5e com limpeza di\u00e1ria e higieniza\u00e7\u00e3o de carteiras, com aferi\u00e7\u00e3o de temperatura. Antes n\u00e3o t\u00ednhamos a exig\u00eancia dessas medidas sanit\u00e1rias porque n\u00e3o eram necess\u00e1rias, mas agora o momento exige&#8221;, disse.<\/p>\n\n\n\n<p>O candidato dever\u00e1 preencher os seguintes requisitos: ter a escolaridade m\u00ednima que \u00e9 o N\u00edvel Fundamental completo nos tr\u00eas PSSs; ter sido classificado e aprovado nesse processo seletivo; ser brasileiro ou, se estrangeiro, gozar das prerrogativas legais correspondentes; ter idade m\u00ednima de 18 anos, na data da contrata\u00e7\u00e3o; se brasileiro, estar em dia com as obriga\u00e7\u00f5es eleitorais e, se do sexo masculino, estar quite com o Servi\u00e7o Militar; dentre outras exig\u00eancias.<\/p>\n\n\n\n<p>\u00c9 fundamental tomar cuidado ao escolher a vaga pretendida, pois n\u00e3o ser\u00e1 permitida a mudan\u00e7a de lota\u00e7\u00e3o ap\u00f3s o per\u00edodo de inscri\u00e7\u00e3o, podendo ser lotado em qualquer unidade de ensino da diretoria regional de educa\u00e7\u00e3o (DRE) e munic\u00edpio escolhidos. As vagas ser\u00e3o distribu\u00eddas por todas as dez diretorias regionais de educa\u00e7\u00e3o e munic\u00edpios jurisdicionados, conforme exposto em edital.<\/p>\n\n\n\n<p>O prazo de vig\u00eancia dos tr\u00eas PSSs ser\u00e1 de um ano contado da data da publica\u00e7\u00e3o da homologa\u00e7\u00e3o do resultado definitivo no Di\u00e1rio Oficial do Estado, a ser prorrogado uma \u00fanica vez, por igual per\u00edodo. A carga hor\u00e1ria ser\u00e1 de 30 horas semanais nos tr\u00eas cargos concorridos, podendo o candidato, ap\u00f3s a assinatura do contrato, exercer suas fun\u00e7\u00f5es nos turnos matutino, vespertino ou noturno, observada a necessidade da unidade de ensino onde for lotado.<\/p>\n\n\n\n<p>A remunera\u00e7\u00e3o mensal para merendeiro e executor de servi\u00e7os b\u00e1sicos corresponde a um sal\u00e1rio m\u00ednimo vigente. J\u00e1 para vigilante, o sal\u00e1rio ser\u00e1 de R$ 1.170,00, acrescido do adicional noturno para os que desenvolverem as atividades entre as 22h e 5h do dia seguinte.<\/p>\n\n\n\n<p><em>Quer receber as principais not\u00edcias do&nbsp;&nbsp;<strong>SE Not\u00edcias<\/strong>&nbsp;&nbsp;no seu&nbsp;&nbsp;<strong>WhatsApp?&nbsp;<\/strong>&nbsp;<strong><a href=\"https:\/\/api.whatsapp.com\/send?phone=5579991715289\">Clique aqui<\/a><\/strong>&nbsp;.<\/em><\/p>\n\n\n\n<p><strong><em>Acompanhe tamb\u00e9m o SE Not\u00edcias no\u00a0\u00a0<a rel=\"noreferrer noopener\" href=\"https:\/\/twitter.com\/Senoticias\" target=\"_blank\">Twitter<\/a>\u00a0,\u00a0\u00a0<a rel=\"noreferrer noopener\" href=\"https:\/\/www.facebook.com\/senoticias1\" target=\"_blank\">Facebook<\/a>\u00a0\u00a0e no\u00a0\u00a0<a rel=\"noreferrer noopener\" href=\"https:\/\/www.instagram.com\/senoticias\/\" target=\"_blank\">Instagram<\/a><\/em><\/strong><\/p>\n\n\n\n<p>Fonte: Ag\u00eancia Sergipe de Not\u00edcias<\/p>\n","protected":false},"excerpt":{"rendered":"<p>A Secretaria de Estado da Educa\u00e7\u00e3o, do Esporte e da Cultura (Seduc) torna p\u00fablica a abertura das inscri\u00e7\u00f5es no Processo Seletivo Simplificado (PSS) para a contrata\u00e7\u00e3o tempor\u00e1ria de executor de servi\u00e7os b\u00e1sicos, merendeira(o) escolar e vigilante, por meio dos editais de n\u00famero 31, 32 e 33, respectivamente. Os editais fazem parte de uma s\u00e9rie de [&hellip;]<\/p>\n","protected":false},"author":6557,"featured_media":0,"comment_status":"closed","ping_status":"closed","sticky":false,"template":"","format":"standard","meta":{"footnotes":""},"categories":[15,6,1],"tags":[3005,34863,14222],"class_list":{"0":"post-129649","1":"post","2":"type-post","3":"status-publish","4":"format-standard","6":"category-destaques","7":"category-politica","8":"category-sem-categoria","9":"tag-processo-seletivo","10":"tag-psss","11":"tag-seduc"},"_links":{"self":[{"href":"https:\/\/senoticias.com.br\/se\/wp-json\/wp\/v2\/posts\/129649"}],"collection":[{"href":"https:\/\/senoticias.com.br\/se\/wp-json\/wp\/v2\/posts"}],"about":[{"href":"https:\/\/senoticias.com.br\/se\/wp-json\/wp\/v2\/types\/post"}],"author":[{"embeddable":true,"href":"https:\/\/senoticias.com.br\/se\/wp-json\/wp\/v2\/users\/6557"}],"replies":[{"embeddable":true,"href":"https:\/\/senoticias.com.br\/se\/wp-json\/wp\/v2\/comments?post=129649"}],"version-history":[{"count":0,"href":"https:\/\/senoticias.com.br\/se\/wp-json\/wp\/v2\/posts\/129649\/revisions"}],"wp:attachment":[{"href":"https:\/\/senoticias.com.br\/se\/wp-json\/wp\/v2\/media?parent=129649"}],"wp:term":[{"taxonomy":"category","embeddable":true,"href":"https:\/\/senoticias.com.br\/se\/wp-json\/wp\/v2\/categories?post=129649"},{"taxonomy":"post_tag","embeddable":true,"href":"https:\/\/senoticias.com.br\/se\/wp-json\/wp\/v2\/tags?post=129649"}],"curies":[{"name":"wp","href":"https:\/\/api.w.org\/{rel}","templated":true}]}}