{"id":129637,"date":"2021-08-30T21:27:14","date_gmt":"2021-08-31T00:27:14","guid":{"rendered":"https:\/\/senoticias.com.br\/se\/?p=129637"},"modified":"2021-08-30T21:36:21","modified_gmt":"2021-08-31T00:36:21","slug":"quatro-adolescentes-investigados-pela-morte-de-motorista-de-aplicativo-sao-apreendidos","status":"publish","type":"post","link":"https:\/\/senoticias.com.br\/se\/quatro-adolescentes-investigados-pela-morte-de-motorista-de-aplicativo-sao-apreendidos\/","title":{"rendered":"Quatro adolescentes investigados pela morte de motorista de aplicativo s\u00e3o apreendidos"},"content":{"rendered":"\n<p><\/p>\n\n\n\n<p>O motorista de aplicativo Albert Alves dos Santos foi morto na manh\u00e3 do dia 22 de maio deste ano, no conjunto Almirante Tamandar\u00e9, zona Norte de Aracaju. Ap\u00f3s mais de tr\u00eas meses, a pol\u00edcia identificou tr\u00eas adolescentes suspeitos de cometer o crime e realizaram, nesta segunda-feira (30), a apreens\u00e3o dos investigados.<\/p>\n\n\n\n<figure class=\"wp-block-image size-large\"><img loading=\"lazy\" decoding=\"async\" width=\"594\" height=\"397\" src=\"https:\/\/senoticias.com.br\/se\/wp-content\/uploads\/2021\/08\/Policia-Civil-SE-Noticias-2.jpg\" alt=\"\" class=\"wp-image-129638\" srcset=\"https:\/\/senoticias.com.br\/se\/wp-content\/uploads\/2021\/08\/Policia-Civil-SE-Noticias-2.jpg 594w, https:\/\/senoticias.com.br\/se\/wp-content\/uploads\/2021\/08\/Policia-Civil-SE-Noticias-2-300x201.jpg 300w, https:\/\/senoticias.com.br\/se\/wp-content\/uploads\/2021\/08\/Policia-Civil-SE-Noticias-2-90x60.jpg 90w, https:\/\/senoticias.com.br\/se\/wp-content\/uploads\/2021\/08\/Policia-Civil-SE-Noticias-2-180x120.jpg 180w, https:\/\/senoticias.com.br\/se\/wp-content\/uploads\/2021\/08\/Policia-Civil-SE-Noticias-2-95x64.jpg 95w\" sizes=\"(max-width: 594px) 100vw, 594px\" \/><figcaption>Crime ocorreu em maio deste ano, no conjunto Almirante Tamandar\u00e9, zona Norte de Aracaju &#8211; Foto: SSP\/SE<\/figcaption><\/figure>\n\n\n\n<p>Segundo informa\u00e7\u00f5es policiais, a equipe j\u00e1 tinha chegado \u00e0 identifica\u00e7\u00e3o dos quatro adolescentes. Com o avan\u00e7o do trabalho investigativo, foram pedidas as decis\u00f5es judiciais de apreens\u00e3o junto ao Poder Judici\u00e1rio, sendo elas autorizadas e cumpridas. Tr\u00eas dos adolescentes s\u00e3o moradores de Nossa Senhora do Socorro, j\u00e1 o quarto reside na localidade onde o corpo foi encontrado. O adolescente apreendido morador da capital \u00e9, inclusive, suspeito da autoria do ato infracional de roubo em que um motorista de aplicativo foi esfaqueado no rosto.<\/p>\n\n\n\n<p>Em depoimento, os quatro adolescentes confessaram o ato infracional que vitimou o motorista e justificaram a a\u00e7\u00e3o dizendo que pretendiam roubar os pertences da v\u00edtima e passear com seu ve\u00edculo. Eles foram encaminhados para a Unidade Socioeducativa de Interna\u00e7\u00e3o Provis\u00f3ria (Usip).<\/p>\n\n\n\n<p><em>Quer receber as principais not\u00edcias do&nbsp;&nbsp;<strong>SE Not\u00edcias<\/strong>&nbsp;&nbsp;no seu&nbsp;&nbsp;<strong>WhatsApp?&nbsp;<\/strong>&nbsp;<strong><a href=\"https:\/\/api.whatsapp.com\/send?phone=5579991715289\">Clique aqui<\/a><\/strong>&nbsp;.<\/em><\/p>\n\n\n\n<p><strong><em>Acompanhe tamb\u00e9m o SE Not\u00edcias no\u00a0\u00a0<a rel=\"noreferrer noopener\" href=\"https:\/\/twitter.com\/Senoticias\" target=\"_blank\">Twitter<\/a>\u00a0,\u00a0\u00a0<a rel=\"noreferrer noopener\" href=\"https:\/\/www.facebook.com\/senoticias1\" target=\"_blank\">Facebook<\/a>\u00a0\u00a0e no\u00a0\u00a0<a rel=\"noreferrer noopener\" href=\"https:\/\/www.instagram.com\/senoticias\/\" target=\"_blank\">Instagram<\/a><\/em><\/strong><\/p>\n\n\n\n<p>Fonte: A8SE.com.br<\/p>\n","protected":false},"excerpt":{"rendered":"<p>O motorista de aplicativo Albert Alves dos Santos foi morto na manh\u00e3 do dia 22 de maio deste ano, no conjunto Almirante Tamandar\u00e9, zona Norte de Aracaju. Ap\u00f3s mais de tr\u00eas meses, a pol\u00edcia identificou tr\u00eas adolescentes suspeitos de cometer o crime e realizaram, nesta segunda-feira (30), a apreens\u00e3o dos investigados. Segundo informa\u00e7\u00f5es policiais, a [&hellip;]<\/p>\n","protected":false},"author":6557,"featured_media":0,"comment_status":"closed","ping_status":"closed","sticky":false,"template":"","format":"standard","meta":{"footnotes":""},"categories":[15,7,1],"tags":[34862,34861],"class_list":{"0":"post-129637","1":"post","2":"type-post","3":"status-publish","4":"format-standard","6":"category-destaques","7":"category-policia","8":"category-sem-categoria","9":"tag-menores-apreendidos","10":"tag-motorista-de-aplicativo-morto"},"_links":{"self":[{"href":"https:\/\/senoticias.com.br\/se\/wp-json\/wp\/v2\/posts\/129637"}],"collection":[{"href":"https:\/\/senoticias.com.br\/se\/wp-json\/wp\/v2\/posts"}],"about":[{"href":"https:\/\/senoticias.com.br\/se\/wp-json\/wp\/v2\/types\/post"}],"author":[{"embeddable":true,"href":"https:\/\/senoticias.com.br\/se\/wp-json\/wp\/v2\/users\/6557"}],"replies":[{"embeddable":true,"href":"https:\/\/senoticias.com.br\/se\/wp-json\/wp\/v2\/comments?post=129637"}],"version-history":[{"count":0,"href":"https:\/\/senoticias.com.br\/se\/wp-json\/wp\/v2\/posts\/129637\/revisions"}],"wp:attachment":[{"href":"https:\/\/senoticias.com.br\/se\/wp-json\/wp\/v2\/media?parent=129637"}],"wp:term":[{"taxonomy":"category","embeddable":true,"href":"https:\/\/senoticias.com.br\/se\/wp-json\/wp\/v2\/categories?post=129637"},{"taxonomy":"post_tag","embeddable":true,"href":"https:\/\/senoticias.com.br\/se\/wp-json\/wp\/v2\/tags?post=129637"}],"curies":[{"name":"wp","href":"https:\/\/api.w.org\/{rel}","templated":true}]}}