{"id":129631,"date":"2021-08-30T20:20:35","date_gmt":"2021-08-30T23:20:35","guid":{"rendered":"https:\/\/senoticias.com.br\/se\/?p=129631"},"modified":"2021-08-30T20:20:39","modified_gmt":"2021-08-30T23:20:39","slug":"centro-de-meteorologia-aponta-que-a-semana-continuara-nublada-e-com-chuva","status":"publish","type":"post","link":"https:\/\/senoticias.com.br\/se\/centro-de-meteorologia-aponta-que-a-semana-continuara-nublada-e-com-chuva\/","title":{"rendered":"Centro de Meteorologia aponta que a semana continuar\u00e1 nublada e com chuva"},"content":{"rendered":"\n<p>A semana come\u00e7ou com chuva e tempo fechado na capital sergipana, mas h\u00e1 aberturas de sol durante o dia. Para todo o estado de Sergipe a previs\u00e3o \u00e9 de presen\u00e7a de nebulosidade de densidade baixa, caracterizando tempo parcialmente nublado. As informa\u00e7\u00f5es est\u00e3o no boletim meteorol\u00f3gico, emitido periodicamente pela Secretaria de Desenvolvimento Urbano e Sustentabilidade (Sedurbs).<\/p>\n\n\n\n<figure class=\"wp-block-image size-large\"><img loading=\"lazy\" decoding=\"async\" width=\"584\" height=\"353\" src=\"https:\/\/senoticias.com.br\/se\/wp-content\/uploads\/2021\/08\/Tempo-nublado-SE-Noticias.jpg\" alt=\"\" class=\"wp-image-129632\" srcset=\"https:\/\/senoticias.com.br\/se\/wp-content\/uploads\/2021\/08\/Tempo-nublado-SE-Noticias.jpg 584w, https:\/\/senoticias.com.br\/se\/wp-content\/uploads\/2021\/08\/Tempo-nublado-SE-Noticias-300x181.jpg 300w\" sizes=\"(max-width: 584px) 100vw, 584px\" \/><figcaption>Semana deve ser de tempo nublado em Sergipe, diz meteorologia &#8211; Foto: ascom\/Sedurbs<\/figcaption><\/figure>\n\n\n\n<p>Para esta ter\u00e7a-feira, 31, pode-se observar sobre o estado de Sergipe tempo nublado durante todo o per\u00edodo e ao longo de todos os territ\u00f3rios. Na quarta-feira, primeiro de setembro, espera-se tempo nublado durante todo o per\u00edodo e ao longo de todas as regi\u00f5es sergipanas. Quinta-feira, 02, o tempo deve continuar nublado durante todo o per\u00edodo e ao longo de todos os munic\u00edpios, com ocorr\u00eancia de chuva no oeste do estado durante a manh\u00e3. J\u00e1 a sexta-feira, 03, deve ser de tempo parcialmente nublado durante a manh\u00e3 e \u00e0 tarde; \u00e0 noite espera-se tempo nublado ao longo de todos os territ\u00f3rios sergipanos.<\/p>\n\n\n\n<p>O in\u00edcio do m\u00eas de setembro ainda ser\u00e1 de temperaturas mais amenas em todas as regi\u00f5es de Sergipe, mas os term\u00f4metros podem subir um pouco no litoral, com m\u00e1ximas de 29\u00b0 e m\u00ednima de 22\u00b0 em Pirambu. No Agreste a m\u00e1xima pode chegar aos 27\u00b0 e m\u00ednima de 19\u00b0 em Itabaiana e no Centro Sul do estado a m\u00e1xima n\u00e3o deve passar de 27\u00b0 e m\u00ednima prevista de 19\u00b0, no munic\u00edpio de Lagarto.<\/p>\n\n\n\n<p><a href=\"https:\/\/sedurbs.se.gov.br\/wp-content\/uploads\/2021\/08\/PHOTO-2021-01-29-10-31-04.jpg\"><\/a><\/p>\n\n\n\n<p><\/p>\n\n\n\n<p><em>Quer receber as principais not\u00edcias do&nbsp;&nbsp;<strong>SE Not\u00edcias<\/strong>&nbsp;&nbsp;no seu&nbsp;&nbsp;<strong>WhatsApp?&nbsp;<\/strong>&nbsp;<strong><a href=\"https:\/\/api.whatsapp.com\/send?phone=5579991715289\">Clique aqui<\/a><\/strong>&nbsp;.<\/em><\/p>\n\n\n\n<p><strong><em>Acompanhe tamb\u00e9m o SE Not\u00edcias no\u00a0\u00a0<a rel=\"noreferrer noopener\" href=\"https:\/\/twitter.com\/Senoticias\" target=\"_blank\">Twitter<\/a>\u00a0,\u00a0\u00a0<a rel=\"noreferrer noopener\" href=\"https:\/\/www.facebook.com\/senoticias1\" target=\"_blank\">Facebook<\/a>\u00a0\u00a0e no\u00a0\u00a0<a rel=\"noreferrer noopener\" href=\"https:\/\/www.instagram.com\/senoticias\/\" target=\"_blank\">Instagram<\/a><\/em><\/strong><\/p>\n\n\n\n<p>Fonte: ascom\/Sedurbs<\/p>\n\n\n\n<p><a href=\"https:\/\/sedurbs.se.gov.br\/wp-content\/uploads\/2021\/08\/20210615-Sedurbs-Tempo-no-Campo-3488.jpg\"><\/a><\/p>\n","protected":false},"excerpt":{"rendered":"<p>A semana come\u00e7ou com chuva e tempo fechado na capital sergipana, mas h\u00e1 aberturas de sol durante o dia. Para todo o estado de Sergipe a previs\u00e3o \u00e9 de presen\u00e7a de nebulosidade de densidade baixa, caracterizando tempo parcialmente nublado. As informa\u00e7\u00f5es est\u00e3o no boletim meteorol\u00f3gico, emitido periodicamente pela Secretaria de Desenvolvimento Urbano e Sustentabilidade (Sedurbs). [&hellip;]<\/p>\n","protected":false},"author":6557,"featured_media":0,"comment_status":"closed","ping_status":"closed","sticky":false,"template":"","format":"standard","meta":{"footnotes":""},"categories":[15,38],"tags":[3218,3759,11171],"class_list":{"0":"post-129631","1":"post","2":"type-post","3":"status-publish","4":"format-standard","6":"category-destaques","7":"category-municipios","8":"tag-centro-de-meteorologia","9":"tag-chuva","10":"tag-tempo-nublado"},"_links":{"self":[{"href":"https:\/\/senoticias.com.br\/se\/wp-json\/wp\/v2\/posts\/129631"}],"collection":[{"href":"https:\/\/senoticias.com.br\/se\/wp-json\/wp\/v2\/posts"}],"about":[{"href":"https:\/\/senoticias.com.br\/se\/wp-json\/wp\/v2\/types\/post"}],"author":[{"embeddable":true,"href":"https:\/\/senoticias.com.br\/se\/wp-json\/wp\/v2\/users\/6557"}],"replies":[{"embeddable":true,"href":"https:\/\/senoticias.com.br\/se\/wp-json\/wp\/v2\/comments?post=129631"}],"version-history":[{"count":0,"href":"https:\/\/senoticias.com.br\/se\/wp-json\/wp\/v2\/posts\/129631\/revisions"}],"wp:attachment":[{"href":"https:\/\/senoticias.com.br\/se\/wp-json\/wp\/v2\/media?parent=129631"}],"wp:term":[{"taxonomy":"category","embeddable":true,"href":"https:\/\/senoticias.com.br\/se\/wp-json\/wp\/v2\/categories?post=129631"},{"taxonomy":"post_tag","embeddable":true,"href":"https:\/\/senoticias.com.br\/se\/wp-json\/wp\/v2\/tags?post=129631"}],"curies":[{"name":"wp","href":"https:\/\/api.w.org\/{rel}","templated":true}]}}