{"id":129598,"date":"2021-08-26T18:14:39","date_gmt":"2021-08-26T21:14:39","guid":{"rendered":"https:\/\/senoticias.com.br\/se\/?p=129598"},"modified":"2021-08-26T18:14:48","modified_gmt":"2021-08-26T21:14:48","slug":"sergipe-recebe-mais-de-67-mil-doses-de-vacinas-contra-a-covid-19-nesta-quinta-26","status":"publish","type":"post","link":"https:\/\/senoticias.com.br\/se\/sergipe-recebe-mais-de-67-mil-doses-de-vacinas-contra-a-covid-19-nesta-quinta-26\/","title":{"rendered":"Sergipe recebe mais de 67 mil doses de vacinas contra a Covid-19 nesta quinta, 26"},"content":{"rendered":"\n<p>A Secretaria de Estado da Sa\u00fade (SES) recebeu nesta quinta-feira, 26, mais dois lotes de vacinas contra a Covid-19. O primeiro lote contendo 36.000 doses do imunizante Coronavac e o segundo com 31.590 doses da Pfizer. Ao total foram 67.590 doses de vacinas.<\/p>\n\n\n\n<figure class=\"wp-block-image size-large\"><img loading=\"lazy\" decoding=\"async\" width=\"589\" height=\"416\" src=\"https:\/\/senoticias.com.br\/se\/wp-content\/uploads\/2021\/08\/Vacina-Covid19-SE-Noticias.jpeg\" alt=\"\" class=\"wp-image-129599\" srcset=\"https:\/\/senoticias.com.br\/se\/wp-content\/uploads\/2021\/08\/Vacina-Covid19-SE-Noticias.jpeg 589w, https:\/\/senoticias.com.br\/se\/wp-content\/uploads\/2021\/08\/Vacina-Covid19-SE-Noticias-300x212.jpeg 300w\" sizes=\"(max-width: 589px) 100vw, 589px\" \/><figcaption>O primeiro lote contendo 36.000 doses do imunizante Coronavac e o segundo com 31.590 doses da Pfizer. Ao total foram 67.590 doses de vacinas &#8211; Foto: Fl\u00e1via Pacheco<\/figcaption><\/figure>\n\n\n\n<p>Com essas novas doses de hoje, j\u00e1 s\u00e3o 2.323.620 unidades recebidas do Minist\u00e9rio da Sa\u00fade. A primeira dose j\u00e1 foi aplicada em 1.335.021 pessoas; a segunda dose foi aplicada em 457.579 e a dose \u00fanica em 39.485. Em Sergipe, 59.28% da popula\u00e7\u00e3o j\u00e1 foi vacinada com a primeira dose e 21.44% j\u00e1 recebeu a segunda dose ou dose \u00fanica.<\/p>\n\n\n\n<p>A Secretaria j\u00e1 distribuiu para os munic\u00edpios o total de 1.482.236 doses da primeira remessa. Referente \u00e0 segunda dose foram distribu\u00eddas 667.299, tamb\u00e9m foram distribu\u00eddas 39.750 doses \u00fanicas.<\/p>\n\n\n\n<p><em>Quer receber as principais not\u00edcias do&nbsp;&nbsp;<strong>SE Not\u00edcias<\/strong>&nbsp;&nbsp;no seu&nbsp;&nbsp;<strong>WhatsApp?&nbsp;<\/strong>&nbsp;<strong><a href=\"https:\/\/api.whatsapp.com\/send?phone=5579991715289\">Clique aqui<\/a><\/strong>&nbsp;.<\/em><\/p>\n\n\n\n<p><strong><em>Acompanhe tamb\u00e9m o SE Not\u00edcias no\u00a0\u00a0<a rel=\"noreferrer noopener\" href=\"https:\/\/twitter.com\/Senoticias\" target=\"_blank\">Twitter<\/a>\u00a0,\u00a0\u00a0<a rel=\"noreferrer noopener\" href=\"https:\/\/www.facebook.com\/senoticias1\" target=\"_blank\">Facebook<\/a>\u00a0\u00a0e no\u00a0\u00a0<a rel=\"noreferrer noopener\" href=\"https:\/\/www.instagram.com\/senoticias\/\" target=\"_blank\">Instagram<\/a><\/em><\/strong><\/p>\n\n\n\n<p>Fonte: SES<\/p>\n","protected":false},"excerpt":{"rendered":"<p>A Secretaria de Estado da Sa\u00fade (SES) recebeu nesta quinta-feira, 26, mais dois lotes de vacinas contra a Covid-19. O primeiro lote contendo 36.000 doses do imunizante Coronavac e o segundo com 31.590 doses da Pfizer. Ao total foram 67.590 doses de vacinas. Com essas novas doses de hoje, j\u00e1 s\u00e3o 2.323.620 unidades recebidas do [&hellip;]<\/p>\n","protected":false},"author":6557,"featured_media":0,"comment_status":"closed","ping_status":"closed","sticky":false,"template":"","format":"standard","meta":{"footnotes":""},"categories":[15,6],"tags":[34855,14369,6385,3994],"class_list":{"0":"post-129598","1":"post","2":"type-post","3":"status-publish","4":"format-standard","6":"category-destaques","7":"category-politica","8":"tag-cobid19","9":"tag-pandemia","10":"tag-secretaria-de-estado-da-saude","11":"tag-vacinas"},"_links":{"self":[{"href":"https:\/\/senoticias.com.br\/se\/wp-json\/wp\/v2\/posts\/129598"}],"collection":[{"href":"https:\/\/senoticias.com.br\/se\/wp-json\/wp\/v2\/posts"}],"about":[{"href":"https:\/\/senoticias.com.br\/se\/wp-json\/wp\/v2\/types\/post"}],"author":[{"embeddable":true,"href":"https:\/\/senoticias.com.br\/se\/wp-json\/wp\/v2\/users\/6557"}],"replies":[{"embeddable":true,"href":"https:\/\/senoticias.com.br\/se\/wp-json\/wp\/v2\/comments?post=129598"}],"version-history":[{"count":0,"href":"https:\/\/senoticias.com.br\/se\/wp-json\/wp\/v2\/posts\/129598\/revisions"}],"wp:attachment":[{"href":"https:\/\/senoticias.com.br\/se\/wp-json\/wp\/v2\/media?parent=129598"}],"wp:term":[{"taxonomy":"category","embeddable":true,"href":"https:\/\/senoticias.com.br\/se\/wp-json\/wp\/v2\/categories?post=129598"},{"taxonomy":"post_tag","embeddable":true,"href":"https:\/\/senoticias.com.br\/se\/wp-json\/wp\/v2\/tags?post=129598"}],"curies":[{"name":"wp","href":"https:\/\/api.w.org\/{rel}","templated":true}]}}