{"id":129597,"date":"2021-08-26T18:08:54","date_gmt":"2021-08-26T21:08:54","guid":{"rendered":"https:\/\/senoticias.com.br\/se\/?p=129597"},"modified":"2021-08-26T18:11:53","modified_gmt":"2021-08-26T21:11:53","slug":"falta-prioridade-afirma-eduardo-amorim-sobre-demora-para-construcao-do-hospital-do-cancer-de-sergipe","status":"publish","type":"post","link":"https:\/\/senoticias.com.br\/se\/falta-prioridade-afirma-eduardo-amorim-sobre-demora-para-construcao-do-hospital-do-cancer-de-sergipe\/","title":{"rendered":"&#8220;Falta prioridade&#8221;, afirma Eduardo Amorim sobre demora para constru\u00e7\u00e3o do Hospital do C\u00e2ncer de Sergipe"},"content":{"rendered":"\n<p>O presidente do PSDB Sergipe, o m\u00e9dico e ex-senador Eduardo Amorim, concedeu entrevista, nesta quinta-feira, 26, \u00e0 Xod\u00f3 FM de Propri\u00e1 e destacou sua atua\u00e7\u00e3o parlamentar para o desenvolvimento do munic\u00edpio e de toda a regi\u00e3o do Baixo S\u00e3o Francisco. Ele tamb\u00e9m falou sobre a reportagem exibida em rede nacional pelo Jornal da Record sobre o abandono da obra do Hospital do C\u00e2ncer de Sergipe.<\/p>\n\n\n\n<figure class=\"wp-block-image size-large\"><img loading=\"lazy\" decoding=\"async\" width=\"1024\" height=\"682\" src=\"https:\/\/senoticias.com.br\/se\/wp-content\/uploads\/2021\/08\/Eduardo-Amorim-SE-Noticias-1024x682.jpg\" alt=\"\" class=\"wp-image-129276\"\/><figcaption>Presidente do PSDB Sergipe, o m\u00e9dico e ex-senador Eduardo Amorim &#8211; Foto: divulga\u00e7\u00e3o<\/figcaption><\/figure>\n\n\n\n<p>\u201cJ\u00e1 se passaram dez anos da primeira emenda, mas at\u00e9 o momento o Hospital do C\u00e2ncer n\u00e3o foi constru\u00eddo. E olhe que tem dinheiro na conta, embora boa parte dos recursos tenha sido perdida porque a obra n\u00e3o foi iniciada. O que justifica isso? Falta prioridade. Enquanto isso, milhares de pessoas perderam suas vidas por falta de um tratamento oncol\u00f3gico digno\u201d, ressaltou.<\/p>\n\n\n\n<p>Sobre as pr\u00f3ximas elei\u00e7\u00f5es, o presidente do PSDB Sergipe destacou a necessidade de nomes diferentes e com capacidade administrativa para o cargo de governador, a exemplo do ex-prefeito Valmir de Francisquinho. \u201cPois os que est\u00e3o h\u00e1 anos no poder contribu\u00edram para ampliar os problemas do Estado em todas as \u00e1reas. J\u00e1 fomos refer\u00eancia, mas hoje temos os piores indicadores\u201d, frisou.<\/p>\n\n\n\n<p><strong>Recursos para Propri\u00e1<\/strong><\/p>\n\n\n\n<p>A atua\u00e7\u00e3o enquanto deputado federal e senador tamb\u00e9m foi abordada por Eduardo Amorim na entrevista. Ele lembrou de sua luta para que Sergipe contasse com um Campus da Universidade do Vale do S\u00e3o Francisco \u2013 Univasf. \u201cQue seria instalada em Propri\u00e1 para atender todo o Baixo S\u00e3o Francisco. Fui em busca disso porque acredito que a Educa\u00e7\u00e3o transforma vidas, assim como ela transformou a minha\u201d, ressaltou.<\/p>\n\n\n\n<p>Vale destacar ainda que foram mais de R$ 4,4 milh\u00f5es destinados por Eduardo Amorim para o desenvolvimento de Propri\u00e1. Emendas para o custeio e equipamentos de Sa\u00fade, pavimenta\u00e7\u00e3o de ruas, cultura, al\u00e9m da aquisi\u00e7\u00e3o de ve\u00edculos e m\u00e1quinas. \u201cTamb\u00e9m encaminhei recursos para aquisi\u00e7\u00e3o e implementa\u00e7\u00e3o de sistema de seguran\u00e7a por videomonitoramento no munic\u00edpio, atendendo a uma solicita\u00e7\u00e3o da Guarda Municipal\u201d, concluiu.<\/p>\n\n\n\n<p><em>Quer receber as principais not\u00edcias do&nbsp;&nbsp;<strong>SE Not\u00edcias<\/strong>&nbsp;&nbsp;no seu&nbsp;&nbsp;<strong>WhatsApp?&nbsp;<\/strong>&nbsp;<strong><a href=\"https:\/\/api.whatsapp.com\/send?phone=5579991715289\">Clique aqui<\/a><\/strong>&nbsp;.<\/em><\/p>\n\n\n\n<p><strong><em>Acompanhe tamb\u00e9m o SE Not\u00edcias no&nbsp;&nbsp;<a rel=\"noreferrer noopener\" href=\"https:\/\/twitter.com\/Senoticias\" target=\"_blank\">Twitter<\/a>&nbsp;,&nbsp;&nbsp;<a rel=\"noreferrer noopener\" href=\"https:\/\/www.facebook.com\/senoticias1\" target=\"_blank\">Facebook<\/a>&nbsp;&nbsp;e no&nbsp;&nbsp;<a rel=\"noreferrer noopener\" href=\"https:\/\/www.instagram.com\/senoticias\/\" target=\"_blank\">Instagram<\/a><\/em><\/strong><\/p>\n\n\n\n<p>Assessoria de Imprensa<br>Senador Eduardo Amorim (PSDB-SE)<\/p>\n","protected":false},"excerpt":{"rendered":"<p>O presidente do PSDB Sergipe, o m\u00e9dico e ex-senador Eduardo Amorim, concedeu entrevista, nesta quinta-feira, 26, \u00e0 Xod\u00f3 FM de Propri\u00e1 e destacou sua atua\u00e7\u00e3o parlamentar para o desenvolvimento do munic\u00edpio e de toda a regi\u00e3o do Baixo S\u00e3o Francisco. Ele tamb\u00e9m falou sobre a reportagem exibida em rede nacional pelo Jornal da Record sobre [&hellip;]<\/p>\n","protected":false},"author":6557,"featured_media":0,"comment_status":"closed","ping_status":"closed","sticky":false,"template":"","format":"standard","meta":{"footnotes":""},"categories":[15,6,1],"tags":[696,16255,16256],"class_list":{"0":"post-129597","1":"post","2":"type-post","3":"status-publish","4":"format-standard","6":"category-destaques","7":"category-politica","8":"category-sem-categoria","9":"tag-eduardo-amorim","10":"tag-ex-senador-eduardo-amorim","11":"tag-hospital-do-cancer-2"},"_links":{"self":[{"href":"https:\/\/senoticias.com.br\/se\/wp-json\/wp\/v2\/posts\/129597"}],"collection":[{"href":"https:\/\/senoticias.com.br\/se\/wp-json\/wp\/v2\/posts"}],"about":[{"href":"https:\/\/senoticias.com.br\/se\/wp-json\/wp\/v2\/types\/post"}],"author":[{"embeddable":true,"href":"https:\/\/senoticias.com.br\/se\/wp-json\/wp\/v2\/users\/6557"}],"replies":[{"embeddable":true,"href":"https:\/\/senoticias.com.br\/se\/wp-json\/wp\/v2\/comments?post=129597"}],"version-history":[{"count":0,"href":"https:\/\/senoticias.com.br\/se\/wp-json\/wp\/v2\/posts\/129597\/revisions"}],"wp:attachment":[{"href":"https:\/\/senoticias.com.br\/se\/wp-json\/wp\/v2\/media?parent=129597"}],"wp:term":[{"taxonomy":"category","embeddable":true,"href":"https:\/\/senoticias.com.br\/se\/wp-json\/wp\/v2\/categories?post=129597"},{"taxonomy":"post_tag","embeddable":true,"href":"https:\/\/senoticias.com.br\/se\/wp-json\/wp\/v2\/tags?post=129597"}],"curies":[{"name":"wp","href":"https:\/\/api.w.org\/{rel}","templated":true}]}}