{"id":129594,"date":"2021-08-26T14:50:17","date_gmt":"2021-08-26T17:50:17","guid":{"rendered":"https:\/\/senoticias.com.br\/se\/?p=129594"},"modified":"2021-08-26T14:54:09","modified_gmt":"2021-08-26T17:54:09","slug":"governo-do-estado-e-banese-vao-apoiar-municipios-na-realizacao-de-projetos-e-obras","status":"publish","type":"post","link":"https:\/\/senoticias.com.br\/se\/governo-do-estado-e-banese-vao-apoiar-municipios-na-realizacao-de-projetos-e-obras\/","title":{"rendered":"Governo do Estado e Banese v\u00e3o apoiar munic\u00edpios na realiza\u00e7\u00e3o de projetos e obras"},"content":{"rendered":"\n<p>O governador Belivaldo Chagas participou, nesta quarta-feira, 25, da apresenta\u00e7\u00e3o do Projetar.SE aos prefeitos sergipanos, em evento realizado pelo Governo do Estado e pelo Banese, no Museu da Gente Sergipana.<\/p>\n\n\n\n<p>A reuni\u00e3o faz parte de uma s\u00e9rie de a\u00e7\u00f5es que marcam as comemora\u00e7\u00f5es dos 60 anos do Banese neste ano, e trouxe como objetivo o detalhamento do projeto lan\u00e7ado pelo Estado e pelo Grupo Banese, que oferece assessoria t\u00e9cnica gratuita para obras p\u00fablicas municipais. O Projetar.SE \u00e9 mais uma a\u00e7\u00e3o do Programa de Recupera\u00e7\u00e3o da Economia \u2013 Avan\u00e7a Sergipe, conjunto de medidas que vem promovendo a recupera\u00e7\u00e3o econ\u00f4mica do estado, e que tem como uma de suas vertentes o fomento de investimentos p\u00fablicos.<\/p>\n\n\n\n<figure class=\"wp-block-image size-large\"><img loading=\"lazy\" decoding=\"async\" width=\"515\" height=\"344\" src=\"https:\/\/senoticias.com.br\/se\/wp-content\/uploads\/2021\/08\/Programa-projetarse-SE-Noticias.jpg\" alt=\"\" class=\"wp-image-129596\" srcset=\"https:\/\/senoticias.com.br\/se\/wp-content\/uploads\/2021\/08\/Programa-projetarse-SE-Noticias.jpg 515w, https:\/\/senoticias.com.br\/se\/wp-content\/uploads\/2021\/08\/Programa-projetarse-SE-Noticias-300x200.jpg 300w, https:\/\/senoticias.com.br\/se\/wp-content\/uploads\/2021\/08\/Programa-projetarse-SE-Noticias-90x60.jpg 90w, https:\/\/senoticias.com.br\/se\/wp-content\/uploads\/2021\/08\/Programa-projetarse-SE-Noticias-180x120.jpg 180w, https:\/\/senoticias.com.br\/se\/wp-content\/uploads\/2021\/08\/Programa-projetarse-SE-Noticias-95x64.jpg 95w\" sizes=\"(max-width: 515px) 100vw, 515px\" \/><figcaption>Projetar.SE oferece assessoria t\u00e9cnica gratuita para obras p\u00fablicas municipais e faz parte do Programa de Recupera\u00e7\u00e3o da Economia \u2013 Avan\u00e7a Sergipe &#8211; Foto: ASN<\/figcaption><\/figure>\n\n\n\n<p>\u201c\u00c9 uma equipe de qualidade que vai contribuir para que a gente fomente cada vez mais o desenvolvimento de Sergipe. Todo e qualquer munic\u00edpio, inclusive at\u00e9 o Estado, se for necess\u00e1rio em algum momento, vai poder buscar o apoio do Projetar.SE para agilizar, seus projetos. \u00c9 uma a\u00e7\u00e3o extremamente importante do Banese para ajudar no desenvolvimento dos munic\u00edpios de Sergipe e para colaborar com a gest\u00e3o de todos os munic\u00edpio\u201d, ressaltou o governador Belivaldo Chagas.<\/p>\n\n\n\n<p>O prefeito de Aracaju, Edvaldo Nogueira, tamb\u00e9m presente ao evento, parabenizou a a\u00e7\u00e3o promovida pelo Governo e Banese. \u201cO Projetar.SE \u00e9 uma iniciativa muito positiva, para auxiliar os munic\u00edpios na constru\u00e7\u00e3o dos seus projetos, para realiza\u00e7\u00e3o de obras. \u00c9 uma iniciativa que trar\u00e1 importantes resultados para as cidades, com o apoio do Banese\u201d, salientou.<\/p>\n\n\n\n<p><strong>Atividades realizadas<\/strong><\/p>\n\n\n\n<p>As atividades do ProjetarSE foram iniciadas em fevereiro de 2021 com a realiza\u00e7\u00e3o de visitas t\u00e9cnicas, estudos de viabilidade, elabora\u00e7\u00e3o de projetos e assessorias em processos de obras paralisadas de alguns munic\u00edpios.<\/p>\n\n\n\n<p>\u201cO projeto tem pouco mais de tr\u00eas meses e n\u00f3s iniciamos um piloto, para testar se a nossa hip\u00f3tese era v\u00e1lida, e conseguimos constatar que sim. Encontramos prefeituras com conv\u00eanios pr\u00f3ximos ao vencimento sem haver ainda projeto constitu\u00eddo pra usufruir dos recursos. Ent\u00e3o, a partir da\u00ed, come\u00e7amos a aplicar a metodologia do projeto que identifica esses recursos, para avaliar para qual finalidade ele \u00e9 orientado e a partir disso, construir projetos que de fato fa\u00e7am esses recursos serem investidos\u201d, explicou o presidente do Banese, Helom Silva.<\/p>\n\n\n\n<p>O projeto-piloto foi realizado no munic\u00edpio de Japoat\u00e3 e o prefeito Cl\u00e1udio Diniz Nascimento, que tamb\u00e9m estava presente no evento, agradeceu o empenho da equipe. \u201cJapoat\u00e3 recebeu o projeto-piloto do Projetar.SE e s\u00f3 temos a agradecer. A equipe fez a visita, elaborou o projeto e j\u00e1 est\u00e1 em fase final para ser licitado, que \u00e9 uma pra\u00e7a. \u00c9 um projeto que chegou na hora certa, &nbsp;para ajudar munic\u00edpios com emendas federais paradas, e Japoat\u00e3 est\u00e1 muito feliz, s\u00f3 tem a agradecer por essa a\u00e7\u00e3o\u201d, disse.<\/p>\n\n\n\n<p>Desde fevereiro, j\u00e1 receberam visita e apoio t\u00e9cnico do Projetar.SE, al\u00e9m de Japoat\u00e3, os munic\u00edpios de Muribeca, Santo Amaro das Brotas, Nossa Senhora de Lourdes, Feira Nova, S\u00e3o Crist\u00f3v\u00e3o, Cristin\u00e1polis, Nossa Senhora do Socorro, Sim\u00e3o Dias, Divina Pastora, Tomar do Geru, Itaporanga d&#8217;Ajuda, Santana do S\u00e3o Francisco e Cristin\u00e1polis.<\/p>\n\n\n\n<p>\u201cEsse n\u00facleo vem para assessorar as prefeituras na \u00e1rea de projetos e obras p\u00fablicas. Para isso, a gente criou uma equipe multidisciplinar para trabalhar junto \u00e0s equipes t\u00e9cnicas das prefeituras, identificando as demandas, os gargalos, os problemas, para ajudar no que \u00e9 necess\u00e1rio em termos de elabora\u00e7\u00e3o de projetos. Enfim, a gente diagnostica os problemas de cada munic\u00edpio e auxilia na resolu\u00e7\u00e3o\u201d, ressalta Shirley Dantas, respons\u00e1vel pelo Projetar.SE.<\/p>\n\n\n\n<p><strong>Sobre o projeto<\/strong><\/p>\n\n\n\n<p>O Projetar.SE surgiu da necessidade de resolver as dificuldades enfrentadas pelos munic\u00edpios na gest\u00e3o de obras p\u00fablicas. Um estudo realizado a partir dos dados dispon\u00edveis no Painel de Transfer\u00eancias Abertas da Plataforma +Brasil, do governo Federal, aponta que das obras iniciadas em Sergipe, no ano de 2008, com recursos da Uni\u00e3o, 42,41% ainda est\u00e3o em execu\u00e7\u00e3o, 20% foram canceladas, e apenas 20,60% foram conclu\u00eddas.<\/p>\n\n\n\n<p>Realizado pelo Instituto Banese, o Projetar.SE tem ajudado gestores municipais na elabora\u00e7\u00e3o de projetos, desde o fomento \u00e0 capta\u00e7\u00e3o de recursos at\u00e9 a presta\u00e7\u00e3o final de contas das obras assessoradas.<\/p>\n\n\n\n<p>\u201cEsse projeto vem gerar desenvolvimento, que \u00e9 um dos pilares do Banese. O Banese faz 60 anos neste ano, o Instituto Banese faz 10 anos junto com o Museu da Gente Sergipana, ent\u00e3o al\u00e9m de comemorar, o Grupo Banese d\u00e1 de presente ao estado de Sergipe um projeto estrat\u00e9gico. Tudo \u00e9 gratuito, o investimento \u00e9 todo feito pelo Grupo Banese e \u00a0entendo que ser\u00e1 um marco na gest\u00e3o p\u00fablica de Sergipe\u201d, complementou o diretor-superintendente do Instituto Banese, \u00c9zio D\u00e9da.<\/p>\n\n\n\n<p><em>Quer receber as principais not\u00edcias do&nbsp;&nbsp;<strong>SE Not\u00edcias<\/strong>&nbsp;&nbsp;no seu&nbsp;&nbsp;<strong>WhatsApp?&nbsp;<\/strong>&nbsp;<strong><a href=\"https:\/\/api.whatsapp.com\/send?phone=5579991715289\">Clique aqui<\/a><\/strong>&nbsp;.<\/em><\/p>\n\n\n\n<p><strong><em>Acompanhe tamb\u00e9m o SE Not\u00edcias no\u00a0\u00a0<a rel=\"noreferrer noopener\" href=\"https:\/\/twitter.com\/Senoticias\" target=\"_blank\">Twitter<\/a>\u00a0,\u00a0\u00a0<a rel=\"noreferrer noopener\" href=\"https:\/\/www.facebook.com\/senoticias1\" target=\"_blank\">Facebook<\/a>\u00a0\u00a0e no\u00a0\u00a0<a rel=\"noreferrer noopener\" href=\"https:\/\/www.instagram.com\/senoticias\/\" target=\"_blank\">Instagram<\/a><\/em><\/strong><\/p>\n\n\n\n<p>Fonte: Ag\u00eancia Sergipe de Not\u00edcias<\/p>\n\n\n\n<p><\/p>\n","protected":false},"excerpt":{"rendered":"<p>O governador Belivaldo Chagas participou, nesta quarta-feira, 25, da apresenta\u00e7\u00e3o do Projetar.SE aos prefeitos sergipanos, em evento realizado pelo Governo do Estado e pelo Banese, no Museu da Gente Sergipana. A reuni\u00e3o faz parte de uma s\u00e9rie de a\u00e7\u00f5es que marcam as comemora\u00e7\u00f5es dos 60 anos do Banese neste ano, e trouxe como objetivo o [&hellip;]<\/p>\n","protected":false},"author":6557,"featured_media":0,"comment_status":"closed","ping_status":"closed","sticky":false,"template":"","format":"standard","meta":{"footnotes":""},"categories":[15,38,1],"tags":[761,9463,10082,34854,34853],"class_list":{"0":"post-129594","1":"post","2":"type-post","3":"status-publish","4":"format-standard","6":"category-destaques","7":"category-municipios","8":"category-sem-categoria","9":"tag-banese","10":"tag-governador-belivaldo-chagas","11":"tag-museu-da-gente-sergipana","12":"tag-programa-de-recuperacao-da-economia","13":"tag-projetar-se"},"_links":{"self":[{"href":"https:\/\/senoticias.com.br\/se\/wp-json\/wp\/v2\/posts\/129594"}],"collection":[{"href":"https:\/\/senoticias.com.br\/se\/wp-json\/wp\/v2\/posts"}],"about":[{"href":"https:\/\/senoticias.com.br\/se\/wp-json\/wp\/v2\/types\/post"}],"author":[{"embeddable":true,"href":"https:\/\/senoticias.com.br\/se\/wp-json\/wp\/v2\/users\/6557"}],"replies":[{"embeddable":true,"href":"https:\/\/senoticias.com.br\/se\/wp-json\/wp\/v2\/comments?post=129594"}],"version-history":[{"count":0,"href":"https:\/\/senoticias.com.br\/se\/wp-json\/wp\/v2\/posts\/129594\/revisions"}],"wp:attachment":[{"href":"https:\/\/senoticias.com.br\/se\/wp-json\/wp\/v2\/media?parent=129594"}],"wp:term":[{"taxonomy":"category","embeddable":true,"href":"https:\/\/senoticias.com.br\/se\/wp-json\/wp\/v2\/categories?post=129594"},{"taxonomy":"post_tag","embeddable":true,"href":"https:\/\/senoticias.com.br\/se\/wp-json\/wp\/v2\/tags?post=129594"}],"curies":[{"name":"wp","href":"https:\/\/api.w.org\/{rel}","templated":true}]}}