{"id":129578,"date":"2021-08-25T14:40:52","date_gmt":"2021-08-25T17:40:52","guid":{"rendered":"https:\/\/senoticias.com.br\/se\/?p=129578"},"modified":"2021-08-25T15:04:35","modified_gmt":"2021-08-25T18:04:35","slug":"covid-19-3a-dose-da-vacina-comeca-a-ser-aplicada-em-15-de-setembro","status":"publish","type":"post","link":"https:\/\/senoticias.com.br\/se\/covid-19-3a-dose-da-vacina-comeca-a-ser-aplicada-em-15-de-setembro\/","title":{"rendered":"Dose de refor\u00e7o contra Covid-19 come\u00e7a em setembro para dois grupos, diz minist\u00e9rio"},"content":{"rendered":"\n<p>O Minist\u00e9rio da Sa\u00fade vai liberar a aplica\u00e7\u00e3o da terceira dose da vacina contra a covid-19 em idosos com mais de 70 anos e imunussuprimidos a partir do dia 15 de setembro. A informa\u00e7\u00e3o foi adiantada pelo ministro da Sa\u00fade, Marcelo Queiroga, nesta quarta-feira (25\/8).<\/p>\n\n\n\n<figure class=\"wp-block-image size-large\"><img loading=\"lazy\" decoding=\"async\" width=\"552\" height=\"368\" src=\"https:\/\/senoticias.com.br\/se\/wp-content\/uploads\/2021\/08\/Terceira-dose-SE-Noticias.jpeg\" alt=\"\" class=\"wp-image-129580\" srcset=\"https:\/\/senoticias.com.br\/se\/wp-content\/uploads\/2021\/08\/Terceira-dose-SE-Noticias.jpeg 552w, https:\/\/senoticias.com.br\/se\/wp-content\/uploads\/2021\/08\/Terceira-dose-SE-Noticias-300x200.jpeg 300w, https:\/\/senoticias.com.br\/se\/wp-content\/uploads\/2021\/08\/Terceira-dose-SE-Noticias-90x60.jpeg 90w, https:\/\/senoticias.com.br\/se\/wp-content\/uploads\/2021\/08\/Terceira-dose-SE-Noticias-180x120.jpeg 180w, https:\/\/senoticias.com.br\/se\/wp-content\/uploads\/2021\/08\/Terceira-dose-SE-Noticias-95x64.jpeg 95w\" sizes=\"(max-width: 552px) 100vw, 552px\" \/><figcaption>3\u00aa dose da vacina come\u00e7a a ser aplicada em 15 de setembro &#8211; Foto: Thiago Gadelha\/SVM<\/figcaption><\/figure>\n\n\n\n<p>O ministro tamb\u00e9m informou que a partir de 15 de setembro, ser\u00e1 reduzido o intervalo da aplica\u00e7\u00e3o da segunda dose dos imunizantes da Pfizer e Astrazeneca das atuais 12 semanas para oito semanas.<\/p>\n\n\n\n<p>De acordo com o ministro, no dia 10 de setembro, a pasta finalizar\u00e1 a distribui\u00e7\u00e3o de imunizantes para a aplica\u00e7\u00e3o da primeira dose em toda a popula\u00e7\u00e3o brasileira com mais de 18 anos, o que abre espa\u00e7o para a antecipa\u00e7\u00e3o e o refor\u00e7o vacinal anunciado<\/p>\n\n\n\n<p>A partir do dia 15 de setembro, ser\u00e3o enviadas aos Estados as doses de refor\u00e7o para os imunossuprimidos &#8211; pessoas com c\u00e2ncer ou transplantados, por exemplo &#8211; que tenham tomado a segunda dose h\u00e1 pelo menos 28 dias e de idosos com mais de 70 anos que tenham tomado a segunda h\u00e1 pelo menos seis meses.<br><br>A aplica\u00e7\u00e3o nos idosos seguir\u00e1 ordem cronol\u00f3gica, do mais velho para o novo. A Sa\u00fade aguarda a conclus\u00e3o de um estudo para decidir como ser\u00e1 a aplica\u00e7\u00e3o da terceira dose em profissionais de sa\u00fade e pessoas com menos de 70 anos.<\/p>\n\n\n\n<p>O Minist\u00e9rio da Sa\u00fade estudar\u00e1 ainda a possibilidade de imuniza\u00e7\u00e3o cruzada entre as vacinas da Astrazeneca e Pfizer, mas isso ser\u00e1 feito somente em caso de necessidade.<\/p>\n\n\n\n<p><strong>100% da popula\u00e7\u00e3o vacinada at\u00e9 o fim do ano<\/strong><\/p>\n\n\n\n<p>A previs\u00e3o do Minist\u00e9rio da Sa\u00fade \u00e9 imunizar todos os idosos e profissionais de sa\u00fade com a terceira dose at\u00e9 o fim do ano, popula\u00e7\u00e3o que soma 12 milh\u00f5es de pessoas. H\u00e1 ainda a possibilidade de que toda a popula\u00e7\u00e3o brasileira seja revacinada em 2022 se os estudos conclu\u00edrem que isso ser\u00e1 necess\u00e1rio. At\u00e9 o fim do ano, o Brasil receber\u00e1 600 milh\u00f5es de doses, que poder\u00e3o inclusive ser mantidas congeladas para uso numa eventual campanha de refor\u00e7o no pr\u00f3ximo ano.<\/p>\n\n\n\n<p>H\u00e1 ainda 180 milh\u00f5es de doses da Astrazeneca produzida no Brasil j\u00e1 contratadas para 2022, o que seria suficiente para uma dose de refor\u00e7o em toda a popula\u00e7\u00e3o vacin\u00e1vel no ano que vem.<\/p>\n\n\n\n<p><em>Quer receber as principais not\u00edcias do&nbsp;<strong>SE Not\u00edcias<\/strong>&nbsp;no seu&nbsp;<strong>WhatsApp?<\/strong>&nbsp;<strong><a href=\"https:\/\/api.whatsapp.com\/send?phone=5579991715289\">Clique aqui<\/a><\/strong>.<\/em><\/p>\n\n\n\n<p><strong><em>Acompanhe tamb\u00e9m o SE Not\u00edcias no\u00a0<a rel=\"noreferrer noopener\" href=\"https:\/\/twitter.com\/Senoticias\" target=\"_blank\">Twitter<\/a>,\u00a0<a rel=\"noreferrer noopener\" href=\"https:\/\/www.facebook.com\/senoticias1\" target=\"_blank\">Facebook<\/a>\u00a0e no\u00a0<a rel=\"noreferrer noopener\" href=\"https:\/\/www.instagram.com\/senoticias\/\" target=\"_blank\">Instagram<\/a><\/em><\/strong><\/p>\n\n\n\n<p>Fonte: <strong><a href=\"https:\/\/g1.globo.com\/bemestar\/coronavirus\/noticia\/2021\/08\/25\/dose-de-reforco-contra-covid-comeca-em-setembro-e-tera-foco-em-dois-grupos-diz-ministerio-da-saude-entenda-quem-podera-tomar.ghtml\">G1<\/a><\/strong><\/p>\n\n\n\n<p><\/p>\n","protected":false},"excerpt":{"rendered":"<p>O Minist\u00e9rio da Sa\u00fade vai liberar a aplica\u00e7\u00e3o da terceira dose da vacina contra a covid-19 em idosos com mais de 70 anos e imunussuprimidos a partir do dia 15 de setembro. A informa\u00e7\u00e3o foi adiantada pelo ministro da Sa\u00fade, Marcelo Queiroga, nesta quarta-feira (25\/8). O ministro tamb\u00e9m informou que a partir de 15 de [&hellip;]<\/p>\n","protected":false},"author":6557,"featured_media":0,"comment_status":"closed","ping_status":"closed","sticky":false,"template":"","format":"standard","meta":{"footnotes":""},"categories":[15,2961,1],"tags":[1869,14369,34847],"class_list":{"0":"post-129578","1":"post","2":"type-post","3":"status-publish","4":"format-standard","6":"category-destaques","7":"category-nacional","8":"category-sem-categoria","9":"tag-ministro-da-saude","10":"tag-pandemia","11":"tag-terceira-dose-covid-19"},"_links":{"self":[{"href":"https:\/\/senoticias.com.br\/se\/wp-json\/wp\/v2\/posts\/129578"}],"collection":[{"href":"https:\/\/senoticias.com.br\/se\/wp-json\/wp\/v2\/posts"}],"about":[{"href":"https:\/\/senoticias.com.br\/se\/wp-json\/wp\/v2\/types\/post"}],"author":[{"embeddable":true,"href":"https:\/\/senoticias.com.br\/se\/wp-json\/wp\/v2\/users\/6557"}],"replies":[{"embeddable":true,"href":"https:\/\/senoticias.com.br\/se\/wp-json\/wp\/v2\/comments?post=129578"}],"version-history":[{"count":0,"href":"https:\/\/senoticias.com.br\/se\/wp-json\/wp\/v2\/posts\/129578\/revisions"}],"wp:attachment":[{"href":"https:\/\/senoticias.com.br\/se\/wp-json\/wp\/v2\/media?parent=129578"}],"wp:term":[{"taxonomy":"category","embeddable":true,"href":"https:\/\/senoticias.com.br\/se\/wp-json\/wp\/v2\/categories?post=129578"},{"taxonomy":"post_tag","embeddable":true,"href":"https:\/\/senoticias.com.br\/se\/wp-json\/wp\/v2\/tags?post=129578"}],"curies":[{"name":"wp","href":"https:\/\/api.w.org\/{rel}","templated":true}]}}