{"id":129512,"date":"2021-08-21T21:18:01","date_gmt":"2021-08-22T00:18:01","guid":{"rendered":"https:\/\/senoticias.com.br\/se\/?p=129512"},"modified":"2021-08-21T21:18:11","modified_gmt":"2021-08-22T00:18:11","slug":"bolsonaro-vai-para-a-cadeia-se-tentar-golpe-diz-alessandro-vieira","status":"publish","type":"post","link":"https:\/\/senoticias.com.br\/se\/bolsonaro-vai-para-a-cadeia-se-tentar-golpe-diz-alessandro-vieira\/","title":{"rendered":"Bolsonaro vai para a cadeia se tentar golpe, diz Alessandro Vieira"},"content":{"rendered":"\n<p><\/p>\n\n\n\n<p>Suplente na Comiss\u00e3o Parlamentar de Inqu\u00e9rito da Covid, o senador Alessandro Vieira (Cidadania-SE) diz acreditar que j\u00e1 existem fatos que podem configurar crime por parte direta do presidente Jair Bolsonaro na condu\u00e7\u00e3o do combate \u00e0 pandemia do novo coronav\u00edrus. <a href=\"https:\/\/congressoemfoco.uol.com.br\/legislativo\/bolsonaro-vai-para-a-cadeia-se-tentar-golpe-diz-alessandro-vieira\/\">Em entrevista ao Congresso em Foco<\/a>, o parlamentar, por\u00e9m, diz n\u00e3o acreditar que o relat\u00f3rio da CPI resultar\u00e1 no impeachment do presidente e afirma que Bolsonaro pode vir a tentar um golpe. Se isso ocorrer, ressalta o senador, o destino do presidente dever\u00e1 ser a cadeia.<\/p>\n\n\n\n<figure class=\"wp-block-image size-large\"><img loading=\"lazy\" decoding=\"async\" width=\"576\" height=\"385\" src=\"https:\/\/senoticias.com.br\/se\/wp-content\/uploads\/2021\/08\/Senador-Alessandro-Vieira-SE-Noticias.jpg\" alt=\"\" class=\"wp-image-129513\" srcset=\"https:\/\/senoticias.com.br\/se\/wp-content\/uploads\/2021\/08\/Senador-Alessandro-Vieira-SE-Noticias.jpg 576w, https:\/\/senoticias.com.br\/se\/wp-content\/uploads\/2021\/08\/Senador-Alessandro-Vieira-SE-Noticias-300x201.jpg 300w, https:\/\/senoticias.com.br\/se\/wp-content\/uploads\/2021\/08\/Senador-Alessandro-Vieira-SE-Noticias-90x60.jpg 90w, https:\/\/senoticias.com.br\/se\/wp-content\/uploads\/2021\/08\/Senador-Alessandro-Vieira-SE-Noticias-180x120.jpg 180w, https:\/\/senoticias.com.br\/se\/wp-content\/uploads\/2021\/08\/Senador-Alessandro-Vieira-SE-Noticias-95x64.jpg 95w\" sizes=\"(max-width: 576px) 100vw, 576px\" \/><figcaption>Senador Alessandro Vieira (Cidadania-SE) &#8211; Foto: Jefferson Rudy\/Ag\u00eancia Senado<\/figcaption><\/figure>\n\n\n\n<p>\u201cEle acredita que o caminho autorit\u00e1rio \u00e9 melhor. Bolsonaro realmente mostra um absoluto desapre\u00e7o pela democracia, pelas institui\u00e7\u00f5es e n\u00e3o quer fazer um esfor\u00e7o pela democracia de negociar, dialogar, ouvir a sociedade. Isso aponta para uma postura golpista, ent\u00e3o eu acredito que Jair Bolsonaro possivelmente tentaria um golpe\u201d, declara o senador. &#8220;A postura dele \u00e9 muito baseada no seu desejo de permanecer no poder, seja atrav\u00e9s de uma reelei\u00e7\u00e3o ou seja atrav\u00e9s do golpe. Ent\u00e3o tudo que ele faz \u00e9 focado nisso, n\u00e3o tem uma base mobilizada.&#8221;<\/p>\n\n\n\n<p>O senador, entretanto, diz ter certeza que Bolsonaro n\u00e3o teria condi\u00e7\u00f5es de concluir um golpe de Estado no Brasil. \u201cTentar \u00e9 poss\u00edvel sim e acredito que vai gerar um trauma nacional muito grande. Acredito que nossas institui\u00e7\u00f5es s\u00e3o robustas o suficiente para suportar esse desafio\u201d, explica o parlamentar. \u201cS\u00e3o poucos crimes que s\u00e3o mais graves que uma tentativa de golpe. A consequ\u00eancia \u00e9 a cadeia.\u201d<\/p>\n\n\n\n<p>Para Alessandro Vieira, a CPI traz \u00e0 luz a in\u00e9rcia do governo federal ao n\u00e3o comprar vacinas quando poderia, apostando em teorias conspirat\u00f3rios e tratamentos sem comprova\u00e7\u00e3o cient\u00edfica, al\u00e9m de n\u00e3o ter feito, em nenhum momento, uma grande campanha de esclarecimento da popula\u00e7\u00e3o, o que resultou nos mais de 570 mil mortos pela covid-19 desde o in\u00edcio da pandemia.<\/p>\n\n\n\n<p>\u201cAo tomar a decis\u00e3o pol\u00edtica, pessoal de n\u00e3o fazer isso &#8211; e isso est\u00e1 demonstrado por v\u00eddeos, com postagens, por atos formais do presidente da Rep\u00fablica e do governo -, Bolsonaro retardou o combate e consequentemente aumentou o n\u00famero de contaminados e o n\u00famero de mortos\u201d, diz o senador que afirma ter clareza que o presidente participou do mercado das vacinas e adotou um comportamento criminoso. \u201cVoc\u00ea tem um crime de responsabilidade que parece muito evidente, quando se nega ao cidad\u00e3o brasileiro o direito essencial \u00e0 sa\u00fade p\u00fablica.\u201d<\/p>\n\n\n\n<p>A percep\u00e7\u00e3o do senador \u00e9 que a CPI exerceu influ\u00eancia numa mudan\u00e7a de rota do governo na condu\u00e7\u00e3o do combate ao novo coronav\u00edrus \u00e0 medida que as investiga\u00e7\u00f5es foram avan\u00e7ando. &#8220;O governo reduziu um pouco a desinforma\u00e7\u00e3o, acelerou a compra e distribui\u00e7\u00e3o de vacinas com fornecedores s\u00e9rios e cancelou todos os aventureiros que estavam ali circulando no Minist\u00e9rio da Sa\u00fade. Tivemos um resultado muito positivo nesse sentido.&#8221;<\/p>\n\n\n\n<p>Apesar das evid\u00eancias que j\u00e1 apontam a responsabilidade de Bolsonaro na neglig\u00eancia ao combate da covid-19, Alessandro Vieira acredita que ser\u00e1 necess\u00e1rio buscar caminhos alternativos ao impeachment por n\u00e3o ver a possibilidade de o processo ser pautado pelo presidente da C\u00e2mara dos Deputados, Arthur Lira (PP-AL), mesmo com pesquisas apontando que 54% dos eleitores apoiam o impeachment, de acordo com o Datafolha.<\/p>\n\n\n\n<p>\u201cEle [o processo de impeachment] come\u00e7a atrav\u00e9s de fatos graves, a irresponsabilidade do presidente e pode, ou n\u00e3o, chegar no impeachment. Voc\u00ea vem com uma s\u00e9rie de fatores e um deles \u00e9 a presen\u00e7a do povo nas ruas questionando, reclamando. Isso progressivamente est\u00e1 acontecendo\u201d, aponta o senador. \u201cDefinir como esse cidad\u00e3o [Arthur Lira] vai se comportar\u2026 A gente sabe que \u00e9 o tipo de pol\u00edtico, a corrente pol\u00edtica que \u00e9 o Centr\u00e3o, que vai se adaptando ao poder. Na hora que o Bolsonaro deixar de ser poder, \u00e9 poss\u00edvel que ele [Lira] mude o posicionamento.\u201d<\/p>\n\n\n\n<p><strong>Trunfo da CPI<\/strong><\/p>\n\n\n\n<p>Ao avaliar a condu\u00e7\u00e3o dos trabalhos da CPI da Covid, seus erros e acertos, o senador Alessandro Vieira aponta a aproxima\u00e7\u00e3o da sociedade no acompanhamento da comiss\u00e3o \u00e9 um dos pontos positivos. &#8220;Essa CPI, particularmente, chamou muita aten\u00e7\u00e3o da popula\u00e7\u00e3o, pela gravidade dos fatos. Esse acompanhamento pr\u00f3ximo, ajudou muito a comiss\u00e3o a corrigir rumos, a encontrar informa\u00e7\u00f5es que eram dif\u00edceis\u201d, explica ele.<\/p>\n\n\n\n<p>Um ponto falho apontado por Alessandro Vieira \u00e9 a falta de qualifica\u00e7\u00e3o dos senadores e das equipes no trabalho de fiscaliza\u00e7\u00e3o. Para o senador, \u00e9 necess\u00e1rio capacita\u00e7\u00e3o das equipes. \u201cAp\u00f3s a CPI, vai ser apresentada uma proposta ao presidente Pacheco [Rodrigo Pacheco] para que se crie e treine uma equipe pr\u00f3pria do congresso, do Senado para que possa assessorar e garantir que esse trabalho seja mais eficiente, mais transparente.\u201d<\/p>\n\n\n\n<p>Apesar das dificuldades e do n\u00famero reduzido de pessoas na an\u00e1lise dos documentos juntados pela CPI, o senador espera j\u00e1 ter conclu\u00eddo o relat\u00f3rio no pr\u00f3ximo m\u00eas. \u201c Acredito que n\u00f3s vamos conseguir cumprir os objetivos da CPI antes do prazo final. O prazo final \u00e9 in\u00edcio de novembro. A expectativa \u00e9 que dentro do m\u00eas de setembro conseguir ter uma conclus\u00e3o com relat\u00f3rio s\u00f3lido, respeitado, com informa\u00e7\u00f5es verdadeiras.&#8221;<\/p>\n\n\n\n<p><em>Quer receber as principais not\u00edcias do&nbsp;<strong>SE Not\u00edcias<\/strong>&nbsp;no seu&nbsp;<strong>WhatsApp?<\/strong>&nbsp;<strong><a href=\"https:\/\/api.whatsapp.com\/send?phone=5579991715289\">Clique aqui<\/a><\/strong>.<\/em><\/p>\n\n\n\n<p><strong><em>Acompanhe tamb\u00e9m o SE Not\u00edcias no&nbsp;<a rel=\"noreferrer noopener\" href=\"https:\/\/twitter.com\/Senoticias\" target=\"_blank\">Twitter<\/a>,&nbsp;<a rel=\"noreferrer noopener\" href=\"https:\/\/www.facebook.com\/senoticias1\" target=\"_blank\">Facebook<\/a>&nbsp;e no&nbsp;<a rel=\"noreferrer noopener\" href=\"https:\/\/www.instagram.com\/senoticias\/\" target=\"_blank\">Instagram<\/a><\/em><\/strong><\/p>\n\n\n\n<p><\/p>\n\n\n\n<p>Por Vanessa Lippelt e J\u00falia Schiaffarino, do Congresso em Foco<\/p>\n","protected":false},"excerpt":{"rendered":"<p>Suplente na Comiss\u00e3o Parlamentar de Inqu\u00e9rito da Covid, o senador Alessandro Vieira (Cidadania-SE) diz acreditar que j\u00e1 existem fatos que podem configurar crime por parte direta do presidente Jair Bolsonaro na condu\u00e7\u00e3o do combate \u00e0 pandemia do novo coronav\u00edrus. Em entrevista ao Congresso em Foco, o parlamentar, por\u00e9m, diz n\u00e3o acreditar que o relat\u00f3rio da [&hellip;]<\/p>\n","protected":false},"author":6557,"featured_media":0,"comment_status":"closed","ping_status":"closed","sticky":false,"template":"","format":"standard","meta":{"footnotes":""},"categories":[15,6],"tags":[34825,14279,6189,14369,11299],"class_list":{"0":"post-129512","1":"post","2":"type-post","3":"status-publish","4":"format-standard","6":"category-destaques","7":"category-politica","8":"tag-comissao-parlamentar-de-inquerito-da-covid","9":"tag-covid19","10":"tag-jair-bolsonaro","11":"tag-pandemia","12":"tag-senador-alessandro-vieira"},"_links":{"self":[{"href":"https:\/\/senoticias.com.br\/se\/wp-json\/wp\/v2\/posts\/129512"}],"collection":[{"href":"https:\/\/senoticias.com.br\/se\/wp-json\/wp\/v2\/posts"}],"about":[{"href":"https:\/\/senoticias.com.br\/se\/wp-json\/wp\/v2\/types\/post"}],"author":[{"embeddable":true,"href":"https:\/\/senoticias.com.br\/se\/wp-json\/wp\/v2\/users\/6557"}],"replies":[{"embeddable":true,"href":"https:\/\/senoticias.com.br\/se\/wp-json\/wp\/v2\/comments?post=129512"}],"version-history":[{"count":0,"href":"https:\/\/senoticias.com.br\/se\/wp-json\/wp\/v2\/posts\/129512\/revisions"}],"wp:attachment":[{"href":"https:\/\/senoticias.com.br\/se\/wp-json\/wp\/v2\/media?parent=129512"}],"wp:term":[{"taxonomy":"category","embeddable":true,"href":"https:\/\/senoticias.com.br\/se\/wp-json\/wp\/v2\/categories?post=129512"},{"taxonomy":"post_tag","embeddable":true,"href":"https:\/\/senoticias.com.br\/se\/wp-json\/wp\/v2\/tags?post=129512"}],"curies":[{"name":"wp","href":"https:\/\/api.w.org\/{rel}","templated":true}]}}