{"id":129453,"date":"2021-08-18T09:55:31","date_gmt":"2021-08-18T12:55:31","guid":{"rendered":"https:\/\/senoticias.com.br\/se\/?p=129453"},"modified":"2021-08-18T12:19:43","modified_gmt":"2021-08-18T15:19:43","slug":"129453-2","status":"publish","type":"post","link":"https:\/\/senoticias.com.br\/se\/129453-2\/","title":{"rendered":"Mais de cinco toneladas de maconha paraguaia s\u00e3o apreendidas pela Pol\u00edcia Federal no interior de Sergipe"},"content":{"rendered":"\n<p>A Pol\u00edcia Federal de Sergipe realizou opera\u00e7\u00e3o na tarde desta ter\u00e7a-feira, 17, que resultou na maior apreens\u00e3o de maconha paraguaia dos \u00faltimos anos de toda Regi\u00e3o Norte\/Nordeste. Foram aproximadamente, cinco toneladas e seiscentos quilogramas da droga il\u00edcita.<\/p>\n\n\n\n<figure class=\"wp-block-image size-large\"><img loading=\"lazy\" decoding=\"async\" width=\"587\" height=\"169\" src=\"https:\/\/senoticias.com.br\/se\/wp-content\/uploads\/2021\/08\/Apreensao-de-drogas-Policia-Federal-SE-Noticias.jpg\" alt=\"\" class=\"wp-image-129454\" srcset=\"https:\/\/senoticias.com.br\/se\/wp-content\/uploads\/2021\/08\/Apreensao-de-drogas-Policia-Federal-SE-Noticias.jpg 587w, https:\/\/senoticias.com.br\/se\/wp-content\/uploads\/2021\/08\/Apreensao-de-drogas-Policia-Federal-SE-Noticias-300x86.jpg 300w\" sizes=\"(max-width: 587px) 100vw, 587px\" \/><figcaption>\n\nSegundo a Pol\u00edcia Federal, foram aproximadamente, cinco toneladas e seiscentos quilogramas da droga il\u00edcita<\/figcaption><\/figure>\n\n\n\n<p>A apreens\u00e3o ocorreu durante uma barreira policial realizada na BR 101, pr\u00f3ximo ao trevo de acesso a <strong>cidade de Japaratuba, distante 54 Km de Aracaju<\/strong>. A droga estava escondida na carroceria de uma carreta bitrem, Volvo de cor vermelha, do Estado do Paran\u00e1, placa <strong>AXH 1210\/PR<\/strong>, que transportava uma carga l\u00edcita de argamassa.<\/p>\n\n\n\n<p>O condutor do ve\u00edculo foi preso em flagrante e indiciado pelos crimes descritos nos artigos <strong>33 e 40 V da lei 11.343\/2006<\/strong>. O preso permanece custodiado \u00e0 disposi\u00e7\u00e3o da Justi\u00e7a Estadual.<\/p>\n\n\n\n<p><em>Quer receber as principais not\u00edcias do&nbsp;<strong>SE Not\u00edcias<\/strong>&nbsp;no seu&nbsp;<strong>WhatsApp?<\/strong>&nbsp;<strong><a href=\"https:\/\/api.whatsapp.com\/send?phone=5579991715289\">Clique aqui<\/a><\/strong>.<\/em><\/p>\n\n\n\n<p><strong><em>Acompanhe tamb\u00e9m o SE Not\u00edcias no&nbsp;<a rel=\"noreferrer noopener\" href=\"https:\/\/twitter.com\/Senoticias\" target=\"_blank\">Twitter<\/a>,&nbsp;<a rel=\"noreferrer noopener\" href=\"https:\/\/www.facebook.com\/senoticias1\" target=\"_blank\">Facebook<\/a>&nbsp;e no&nbsp;<a rel=\"noreferrer noopener\" href=\"https:\/\/www.instagram.com\/senoticias\/\" target=\"_blank\">Instagram<\/a><\/em><\/strong><\/p>\n\n\n\n<p>Fonte: A8SE, com informa\u00e7\u00f5es da Pol\u00edcia Federal<\/p>\n","protected":false},"excerpt":{"rendered":"<p>A Pol\u00edcia Federal de Sergipe realizou opera\u00e7\u00e3o na tarde desta ter\u00e7a-feira, 17, que resultou na maior apreens\u00e3o de maconha paraguaia dos \u00faltimos anos de toda Regi\u00e3o Norte\/Nordeste. Foram aproximadamente, cinco toneladas e seiscentos quilogramas da droga il\u00edcita. A apreens\u00e3o ocorreu durante uma barreira policial realizada na BR 101, pr\u00f3ximo ao trevo de acesso a cidade [&hellip;]<\/p>\n","protected":false},"author":6557,"featured_media":0,"comment_status":"closed","ping_status":"closed","sticky":false,"template":"","format":"standard","meta":{"footnotes":""},"categories":[15,7,1],"tags":[3948,108,1947,5727],"class_list":{"0":"post-129453","1":"post","2":"type-post","3":"status-publish","4":"format-standard","6":"category-destaques","7":"category-policia","8":"category-sem-categoria","9":"tag-apreensao-de-drogas","10":"tag-japaratuba","11":"tag-policia-federal","12":"tag-policia-federal-de-sergipe"},"_links":{"self":[{"href":"https:\/\/senoticias.com.br\/se\/wp-json\/wp\/v2\/posts\/129453"}],"collection":[{"href":"https:\/\/senoticias.com.br\/se\/wp-json\/wp\/v2\/posts"}],"about":[{"href":"https:\/\/senoticias.com.br\/se\/wp-json\/wp\/v2\/types\/post"}],"author":[{"embeddable":true,"href":"https:\/\/senoticias.com.br\/se\/wp-json\/wp\/v2\/users\/6557"}],"replies":[{"embeddable":true,"href":"https:\/\/senoticias.com.br\/se\/wp-json\/wp\/v2\/comments?post=129453"}],"version-history":[{"count":0,"href":"https:\/\/senoticias.com.br\/se\/wp-json\/wp\/v2\/posts\/129453\/revisions"}],"wp:attachment":[{"href":"https:\/\/senoticias.com.br\/se\/wp-json\/wp\/v2\/media?parent=129453"}],"wp:term":[{"taxonomy":"category","embeddable":true,"href":"https:\/\/senoticias.com.br\/se\/wp-json\/wp\/v2\/categories?post=129453"},{"taxonomy":"post_tag","embeddable":true,"href":"https:\/\/senoticias.com.br\/se\/wp-json\/wp\/v2\/tags?post=129453"}],"curies":[{"name":"wp","href":"https:\/\/api.w.org\/{rel}","templated":true}]}}