{"id":129425,"date":"2021-08-16T20:06:12","date_gmt":"2021-08-16T23:06:12","guid":{"rendered":"https:\/\/senoticias.com.br\/se\/?p=129425"},"modified":"2021-08-16T20:08:55","modified_gmt":"2021-08-16T23:08:55","slug":"orquestra-sinfonica-de-sergipe-retoma-concertos-com-publico-presencial","status":"publish","type":"post","link":"https:\/\/senoticias.com.br\/se\/orquestra-sinfonica-de-sergipe-retoma-concertos-com-publico-presencial\/","title":{"rendered":"Orquestra Sinf\u00f4nica de Sergipe retoma concertos com p\u00fablico presencial"},"content":{"rendered":"\n<p>Um dia hist\u00f3rico para a cultura da m\u00fasica em Sergipe: assim podemos definir o dia 19 de agosto de 2021, quinta-feira. Nesta data, \u00e0s 20h30, a Orquestra Sinf\u00f4nica de Sergipe (Orsse) retomar\u00e1 seus concertos com p\u00fablico presencial, apresentando um grande repert\u00f3rio sob a reg\u00eancia do maestro titular, Guilherme Mannis. A apresenta\u00e7\u00e3o observar\u00e1 variados protocolos de seguran\u00e7a para a recep\u00e7\u00e3o do p\u00fablico, como o uso obrigat\u00f3rio de m\u00e1scaras e \u00e1lcool gel, observ\u00e2ncia de distanciamento e aferi\u00e7\u00e3o de temperatura. A orquestra, para sua performance, observar\u00e1 os Protocolos de Seguran\u00e7a Sanit\u00e1ria desenvolvidos pelo F\u00f3rum Brasileiro de \u00d3pera, Dan\u00e7a e M\u00fasica de Concerto. A Orsse \u00e9 uma realiza\u00e7\u00e3o do Governo de Sergipe, por meio da Funda\u00e7\u00e3o de Cultura e Arte Aperip\u00ea. A entrada \u00e9 franca, limitada a 50% da ocupa\u00e7\u00e3o do Teatro, conforme decretos governamentais.<\/p>\n\n\n\n<figure class=\"wp-block-image size-large\"><img loading=\"lazy\" decoding=\"async\" width=\"592\" height=\"410\" src=\"https:\/\/senoticias.com.br\/se\/wp-content\/uploads\/2021\/08\/IMG-20210816-WA0040.jpg\" alt=\"\" class=\"wp-image-129426\" srcset=\"https:\/\/senoticias.com.br\/se\/wp-content\/uploads\/2021\/08\/IMG-20210816-WA0040.jpg 592w, https:\/\/senoticias.com.br\/se\/wp-content\/uploads\/2021\/08\/IMG-20210816-WA0040-300x208.jpg 300w\" sizes=\"(max-width: 592px) 100vw, 592px\" \/><figcaption>Sinf\u00f4nica de Sergipe retoma concertos com p\u00fablico presencial, com grande repert\u00f3rio &#8211; Foto: Pritty Reis<\/figcaption><\/figure>\n\n\n\n<p>Preparando-se para a abertura de sua Temporada de Concertos 2020 no Teatro Tobias Barreto, no m\u00eas de mar\u00e7o do ano passado, o grupo foi surpreendido pelas primeiras medidas restritivas, cujo principal aspecto era o de se evitar, ao m\u00e1ximo, as aglomera\u00e7\u00f5es de pessoas. Naturalmente, todas as apresenta\u00e7\u00f5es com p\u00fablico, desde ent\u00e3o, foram canceladas, e mesmo os ensaios com orquestra completa \u2013 uma t\u00edpica aglomera\u00e7\u00e3o de artistas \u2013 foram suspensos. A partir do m\u00eas de julho do ano passado, o grupo iniciou um importante projeto de Temporada Digital de Concertos, com apresenta\u00e7\u00f5es gravadas, sem p\u00fablico, diretamente do palco do Teatro Tobias Barreto, veiculadas pela TV p\u00fablica e meios digitais (YouTube e Facebook da Orsse, @orquestra.sergipe). Os 19 programas produzidos desta forma seguir\u00e3o sendo veiculados at\u00e9 o fim do ano.<\/p>\n\n\n\n<p>O concerto deste pr\u00f3ximo dia 19 \u00e9 o primeiro concerto a ser realizado com toda a orquestra e com a presen\u00e7a de p\u00fablico, desde o in\u00edcio da pandemia da Covid-19, e alguns fatores s\u00e3o importantes para esta realiza\u00e7\u00e3o. A queda do \u00edndice de transmiss\u00e3o em Sergipe, o extenso tamanho do palco do Teatro Tobias Barreto, que possibilita o correto distanciamento entre os m\u00fasicos, e a significativa porcentagem de cidad\u00e3os vacinados possibilitam a realiza\u00e7\u00e3o do evento, com maior seguran\u00e7a para todos os envolvidos.<\/p>\n\n\n\n<p>\u201cNossa arte \u00e9 social, ela pressup\u00f5e o encontro, os di\u00e1logos musicais. Retomar este saud\u00e1vel processo, com toda a seguran\u00e7a para os envolvidos, \u00e9 motivo de muita emo\u00e7\u00e3o e orgulho para todos n\u00f3s, afirma Guilherme Mannis, diretor art\u00edstico do grupo. Que a \u2018Alvorada\u2019 de Carlos Gomes, a primeira pe\u00e7a que executaremos, traga um renascimento musical para n\u00f3s todos, de forma que consigamos reconstruir nossas vidas e nossa esperan\u00e7a\u201d, completa Mannis.<\/p>\n\n\n\n<p>No repert\u00f3rio do concerto, obras como as Dan\u00e7as H\u00fangaras de Johannes Brahms, pe\u00e7as brasileiras como Batuque e Garatuja, de Alberto Nepomuceno e Dan\u00e7a Brasileira, de Camargo Guarnieri, al\u00e9m de excertos da \u00f3pera \u201cCarmen\u201d, de Geroges Bizet, e o Danz\u00f3n n\u00ba2, do mexicano Arturo M\u00e1rquez.<\/p>\n\n\n\n<p><strong>SERVI\u00c7O<\/strong><\/p>\n\n\n\n<p>Orquestra Sinf\u00f4nica de Sergipe<br>Temporada de Concertos 2021 \u2013 \u201cAlvorada musical\u201d \u2013 Retorno aos concertos com p\u00fablico presencial<br>Quinta-feira, 19 de agosto de 2021, 20h30<br>Teatro Tobias Barreto<br>Entrada franca \u2013 limitada a 50% da lota\u00e7\u00e3o do Teatro, conforme decreto governamental<\/p>\n\n\n\n<p><strong>Guilherme Mannis, regente<\/strong><\/p>\n\n\n\n<p>Ant\u00f4nio CARLOS GOMES<br>Alvorada, da \u00f3pera \u201cLo Schiavo\u201d<br>Johannes BRAHMS<br>Dan\u00e7as H\u00fangaras n\u00ba1, 3, 5 e 10<br>Camargo GUARNIERI<br>Dan\u00e7a Brasileira<br>Alberto NEPOMUCENO<br>Abertura \u201cO Garatuja\u201d<br>Georges BIZET<br>Excertos das Su\u00edtes Sinf\u00f4nicas da \u00f3pera \u201cCarmen\u201d<br>Pr\u00e9lude e Aragonaise, Intermezzo, Habanera, Seguedille, Les Dragons d\u2019Alcala, La Garde Montante, Danse Boh\u00e8me, Les Tor\u00e9adors<br>Alberto NEPOMUCENO<br>Batuque<br>Arturo M\u00c1RQUEZ<br>Danz\u00f3n n\u00ba2<\/p>\n\n\n\n<p><em>Quer receber as principais not\u00edcias do&nbsp;<strong>SE Not\u00edcias<\/strong>&nbsp;no seu&nbsp;<strong>WhatsApp?<\/strong>&nbsp;<strong><a href=\"https:\/\/api.whatsapp.com\/send?phone=5579991715289\">Clique aqui<\/a><\/strong>.<\/em><\/p>\n\n\n\n<p><strong><em>Acompanhe tamb\u00e9m o SE Not\u00edcias no&nbsp;<a rel=\"noreferrer noopener\" href=\"https:\/\/twitter.com\/Senoticias\" target=\"_blank\">Twitter<\/a>,&nbsp;<a rel=\"noreferrer noopener\" href=\"https:\/\/www.facebook.com\/senoticias1\" target=\"_blank\">Facebook<\/a>&nbsp;e no&nbsp;<a rel=\"noreferrer noopener\" href=\"https:\/\/www.instagram.com\/senoticias\/\" target=\"_blank\">Instagram<\/a><\/em><\/strong><\/p>\n\n\n\n<p>Realiza\u00e7\u00e3o: Funda\u00e7\u00e3o de Cultura e Arte Aperip\u00ea \/ Governo de Sergipe<\/p>\n","protected":false},"excerpt":{"rendered":"<p>Um dia hist\u00f3rico para a cultura da m\u00fasica em Sergipe: assim podemos definir o dia 19 de agosto de 2021, quinta-feira. Nesta data, \u00e0s 20h30, a Orquestra Sinf\u00f4nica de Sergipe (Orsse) retomar\u00e1 seus concertos com p\u00fablico presencial, apresentando um grande repert\u00f3rio sob a reg\u00eancia do maestro titular, Guilherme Mannis. A apresenta\u00e7\u00e3o observar\u00e1 variados protocolos de [&hellip;]<\/p>\n","protected":false},"author":6557,"featured_media":129426,"comment_status":"closed","ping_status":"closed","sticky":false,"template":"","format":"standard","meta":{"footnotes":""},"categories":[15,21],"tags":[34798,12535],"class_list":{"0":"post-129425","1":"post","2":"type-post","3":"status-publish","4":"format-standard","5":"has-post-thumbnail","7":"category-destaques","8":"category-entretenimento","9":"tag-concertos-com-publico-presencial","10":"tag-orquestra-sinfonica-de-sergipe"},"_links":{"self":[{"href":"https:\/\/senoticias.com.br\/se\/wp-json\/wp\/v2\/posts\/129425"}],"collection":[{"href":"https:\/\/senoticias.com.br\/se\/wp-json\/wp\/v2\/posts"}],"about":[{"href":"https:\/\/senoticias.com.br\/se\/wp-json\/wp\/v2\/types\/post"}],"author":[{"embeddable":true,"href":"https:\/\/senoticias.com.br\/se\/wp-json\/wp\/v2\/users\/6557"}],"replies":[{"embeddable":true,"href":"https:\/\/senoticias.com.br\/se\/wp-json\/wp\/v2\/comments?post=129425"}],"version-history":[{"count":0,"href":"https:\/\/senoticias.com.br\/se\/wp-json\/wp\/v2\/posts\/129425\/revisions"}],"wp:featuredmedia":[{"embeddable":true,"href":"https:\/\/senoticias.com.br\/se\/wp-json\/wp\/v2\/media\/129426"}],"wp:attachment":[{"href":"https:\/\/senoticias.com.br\/se\/wp-json\/wp\/v2\/media?parent=129425"}],"wp:term":[{"taxonomy":"category","embeddable":true,"href":"https:\/\/senoticias.com.br\/se\/wp-json\/wp\/v2\/categories?post=129425"},{"taxonomy":"post_tag","embeddable":true,"href":"https:\/\/senoticias.com.br\/se\/wp-json\/wp\/v2\/tags?post=129425"}],"curies":[{"name":"wp","href":"https:\/\/api.w.org\/{rel}","templated":true}]}}