{"id":129423,"date":"2021-08-16T19:37:36","date_gmt":"2021-08-16T22:37:36","guid":{"rendered":"https:\/\/senoticias.com.br\/se\/?p=129423"},"modified":"2021-08-16T19:43:08","modified_gmt":"2021-08-16T22:43:08","slug":"escolas-estaduais-estao-prontas-para-o-retorno-presencial-a-partir-desta-terca-feira-17","status":"publish","type":"post","link":"https:\/\/senoticias.com.br\/se\/escolas-estaduais-estao-prontas-para-o-retorno-presencial-a-partir-desta-terca-feira-17\/","title":{"rendered":"Escolas estaduais est\u00e3o prontas para o retorno presencial a partir desta ter\u00e7a-feira, 17"},"content":{"rendered":"\n<p>Desde que as aulas presenciais da Rede P\u00fablica Estadual de Ensino de Sergipe foram autorizadas a retornarem a partir desta ter\u00e7a-feira, 17 de agosto, pelo Comit\u00ea T\u00e9cnico-Cient\u00edfico e de Atividades Especiais (CTCAE), as escolas iniciaram uma for\u00e7a-tarefa para subsidiar este momento. No bojo das a\u00e7\u00f5es desempenhadas pela Secretaria de Estado da Educa\u00e7\u00e3o, do Esporte e da Cultura (Seduc), o repasse de recursos oriundos do Programa de Transfer\u00eancia de Recursos Financeiros Diretamente \u00e0s Escolas P\u00fablicas Estaduais (Profin) foi fundamental para a adequa\u00e7\u00e3o de todas as 324 escolas p\u00fablicas estaduais de Sergipe.<\/p>\n\n\n\n<figure class=\"wp-block-image size-large\"><img loading=\"lazy\" decoding=\"async\" width=\"576\" height=\"384\" src=\"https:\/\/senoticias.com.br\/se\/wp-content\/uploads\/2021\/08\/Aulas-presenciais-SE-Noticias.jpeg\" alt=\"\" class=\"wp-image-129424\" srcset=\"https:\/\/senoticias.com.br\/se\/wp-content\/uploads\/2021\/08\/Aulas-presenciais-SE-Noticias.jpeg 576w, https:\/\/senoticias.com.br\/se\/wp-content\/uploads\/2021\/08\/Aulas-presenciais-SE-Noticias-300x200.jpeg 300w, https:\/\/senoticias.com.br\/se\/wp-content\/uploads\/2021\/08\/Aulas-presenciais-SE-Noticias-90x60.jpeg 90w, https:\/\/senoticias.com.br\/se\/wp-content\/uploads\/2021\/08\/Aulas-presenciais-SE-Noticias-180x120.jpeg 180w, https:\/\/senoticias.com.br\/se\/wp-content\/uploads\/2021\/08\/Aulas-presenciais-SE-Noticias-95x64.jpeg 95w\" sizes=\"(max-width: 576px) 100vw, 576px\" \/><figcaption>Aulas voltam ao normal amanh\u00e3 na rede estadual &#8211; Foto: ascom\/Seduc<\/figcaption><\/figure>\n\n\n\n<p>No Col\u00e9gio Estadual Jo\u00e3o XXIII, situado no munic\u00edpio de Ribeir\u00f3polis, territ\u00f3rio Agreste de Sergipe, as aulas presenciais foram programadas para o dia 30 deste m\u00eas, e os recursos do Profin s\u00e3o respons\u00e1veis por toda a adequa\u00e7\u00e3o de preven\u00e7\u00e3o \u00e0 covid-19 na obten\u00e7\u00e3o de materiais como totem, dispensa em todas as salas para armazenar \u00e1lcool em gel, sinaliza\u00e7\u00f5es; e insumos necess\u00e1rios, al\u00e9m da distribui\u00e7\u00e3o de um pote de \u00e1lcool e m\u00e1scara para todos os 315 estudantes cujas fam\u00edlias optaram pelo retorno presencial.<\/p>\n\n\n\n<p>\u201cN\u00f3s recebemos recursos do Profin para termos insumos suficientes e garantirmos os protocolos de seguran\u00e7a. Ent\u00e3o, adquirimos tudo que foi necess\u00e1rio para higieniza\u00e7\u00e3o do ambiente, apoio tecnol\u00f3gico aos professores e para manter essa seguran\u00e7a. As aulas presenciais aqui na escola acontecem desde o ano passado com as turmas de 3\u00aa s\u00e9rie do Ensino M\u00e9dio de forma bem tranquila, e por isso continuamos tranquilos diante da retomada agora em 2021 com todas as turmas de Ensino Fundamental e Ensino M\u00e9dio\u201d, relatou a gestora da unidade Jo\u00e3o XXIII, Deidiane Jesus de Andrade.<\/p>\n\n\n\n<p>A gestora explica que, al\u00e9m disso, o plano de a\u00e7\u00e3o da unidade para esta retomada de aulas presenciais foi feito com base nos guias pedag\u00f3gicos, decretos e portarias, documentos que versam sobre as diretrizes. \u201cPara o segundo semestre voltamos a reunir o comit\u00ea escolar a fim de que os membros possam visitar a escola e averiguar se os protocolos sanit\u00e1rios est\u00e3o sendo garantidos e seguidos. N\u00f3s nos embasamos nos documentos da Seduc e preparamos nosso plano de retomada que ser\u00e1 novamente discutido com o comit\u00ea, de modo que a nossa comunidade tenha seguran\u00e7a diante desse momento\u201d, concluiu Deidiane.<\/p>\n\n\n\n<p>Para as escolas realizarem essa frente de trabalho, o Governo de Sergipe liberou um montante de R$ 7.115.780,71 referente \u00e0 parcela complementar do Profin Custeio. Desse total, R$ 5.904.660,00 s\u00e3o do Profin Pandemia, por meio do qual as escolas tiveram autonomia para complementar os investimentos feitos em 2020 e adquirirem equipamentos de prote\u00e7\u00e3o individual e coletiva, insumos e servi\u00e7os de desinfec\u00e7\u00e3o ambiental. Completam os investimentos R$ 1.211.120,71 referentes ao Vale-G\u00e1s, para que as escolas possam fazer a aquisi\u00e7\u00e3o do g\u00e1s de cozinha e preparo da merenda.<\/p>\n\n\n\n<p>A Escola Estadual Prof. Diomedes S. da Silva, localizada no conjunto Fernando Collor, em Nossa Senhora do Socorro, tamb\u00e9m j\u00e1 est\u00e1 pronta para receber a comunidade escolar no dia 13 de setembro. Neste momento, 50% das crian\u00e7as matriculadas nessa unidade voltar\u00e3o para a sala de aula. Segundo a gestora Magna Elisia dos Santos, ser\u00e1 estabelecido o Ensino H\u00edbrido nas turmas de anos iniciais em fun\u00e7\u00e3o do apoio tecnol\u00f3gico que ir\u00e1 subsidiar e complementar as aulas presenciais.<\/p>\n\n\n\n<p>As aulas remotas devem permanecer diariamente na maioria das unidades de ensino, e as aulas presenciais ocorrer\u00e3o em sistema de rod\u00edzio semanal. Para isso, os estudantes ser\u00e3o distribu\u00eddos em grupos, que far\u00e3o revezamento com aulas presenciais e remotas. Na unidade Diomedes da Silva, a gestora explica que \u201cnesse momento as aulas presenciais e remotas acontecer\u00e3o em um sistema de rod\u00edzio, sendo que na primeira semana vir\u00e3o os alunos do 1\u00ba ao 3\u00ba ano e na segunda semana, as turmas de 4\u00ba e 5\u00ba ano. Ent\u00e3o, os alunos ter\u00e3o aulas presenciais e atividades online, j\u00e1 que os professores ter\u00e3o acesso ao material e apoio tecnol\u00f3gico que o Governo estar\u00e1 possibilitando\u201d, disse Magna.<\/p>\n\n\n\n<p>Para a retomada das aulas presenciais, al\u00e9m dos recursos do Profin que viabilizaram ajustar os espa\u00e7os de cuidados na Escola Estadual Prof. Diomedes S. da Silva e a aquisi\u00e7\u00e3o de material essencial de prote\u00e7\u00e3o para alunos, professores e demais funcion\u00e1rios, a unidade tamb\u00e9m ganhou refor\u00e7o de recursos humanos ao receber um servidor para a fun\u00e7\u00e3o de executor de servi\u00e7os b\u00e1sicos e o outro para a vigil\u00e2ncia da escola. \u201cPara mim esse momento de pandemia \u00e9 delicado, mas tamb\u00e9m nos d\u00e1 for\u00e7a para que o nosso trabalho pedag\u00f3gico e o da Seduc, que nos deu apoio com os protocolos sanit\u00e1rios e recursos financeiro e humano, sejam realizados, e assim o ensino presencial de fato aconte\u00e7a. Dessa maneira, os professores podem confiar no trabalho que as equipes pedag\u00f3gica e diretiva da escola est\u00e3o fazendo, assim como pais ou respons\u00e1veis\u201d, concluiu Magna.<\/p>\n\n\n\n<p>As medidas adotadas pelo Governo de Sergipe para garantir seguran\u00e7a a alunos, professores e funcion\u00e1rios no retorno das aulas presenciais s\u00e3o consideradas as melhores do pa\u00eds, de acordo com um grupo de pesquisadores da Rede de Pesquisa Solid\u00e1ria, que monitora as pol\u00edticas de enfrentamento da pandemia. Sergipe e Cear\u00e1 est\u00e3o empatados com 77 pontos, num \u00edndice de 0 a 100. Quanto maior a nota, mais pr\u00f3ximas as pol\u00edticas p\u00fablicas est\u00e3o das recomenda\u00e7\u00f5es da Organiza\u00e7\u00e3o Mundial da Sa\u00fade (OMS) e de autoridades sanit\u00e1rias dos EUA e da Europa. A pesquisa foi publicada pela Folha de S\u00e3o Paulo no dia 11 de julho.<\/p>\n\n\n\n<p>O Estado de Sergipe foi apontado como o que tem rigoroso protocolo de seguran\u00e7a e injeta nos cofres das escolas recursos financeiros pr\u00f3prios, al\u00e9m de eficientes manuais, planos, portarias e comunica\u00e7\u00e3o oficial. Foram analisadas pol\u00edticas divulgadas pelos governos at\u00e9 o dia 21 de junho de 2021.<\/p>\n\n\n\n<p><em>Quer receber as principais not\u00edcias do&nbsp;<strong>SE Not\u00edcias<\/strong>&nbsp;no seu&nbsp;<strong>WhatsApp?<\/strong>&nbsp;<strong><a href=\"https:\/\/api.whatsapp.com\/send?phone=5579991715289\">Clique aqui<\/a><\/strong>.<\/em><\/p>\n\n\n\n<p><strong><em>Acompanhe tamb\u00e9m o SE Not\u00edcias no\u00a0<a rel=\"noreferrer noopener\" href=\"https:\/\/twitter.com\/Senoticias\" target=\"_blank\">Twitter<\/a>,\u00a0<a rel=\"noreferrer noopener\" href=\"https:\/\/www.facebook.com\/senoticias1\" target=\"_blank\">Facebook<\/a>\u00a0e no\u00a0<a rel=\"noreferrer noopener\" href=\"https:\/\/www.instagram.com\/senoticias\/\" target=\"_blank\">Instagram<\/a><\/em><\/strong><\/p>\n\n\n\n<p>Fonte: Ag\u00eancia Sergipe de Not\u00edcias<\/p>\n","protected":false},"excerpt":{"rendered":"<p>Desde que as aulas presenciais da Rede P\u00fablica Estadual de Ensino de Sergipe foram autorizadas a retornarem a partir desta ter\u00e7a-feira, 17 de agosto, pelo Comit\u00ea T\u00e9cnico-Cient\u00edfico e de Atividades Especiais (CTCAE), as escolas iniciaram uma for\u00e7a-tarefa para subsidiar este momento. No bojo das a\u00e7\u00f5es desempenhadas pela Secretaria de Estado da Educa\u00e7\u00e3o, do Esporte e [&hellip;]<\/p>\n","protected":false},"author":6557,"featured_media":0,"comment_status":"closed","ping_status":"closed","sticky":false,"template":"","format":"standard","meta":{"footnotes":""},"categories":[15,38,1],"tags":[15706,34797,34761,34796],"class_list":{"0":"post-129423","1":"post","2":"type-post","3":"status-publish","4":"format-standard","6":"category-destaques","7":"category-municipios","8":"category-sem-categoria","9":"tag-aulas-presenciais","10":"tag-rede-estadual","11":"tag-rede-publica-estadual-de-ensino","12":"tag-retorno-as-aulas-2"},"_links":{"self":[{"href":"https:\/\/senoticias.com.br\/se\/wp-json\/wp\/v2\/posts\/129423"}],"collection":[{"href":"https:\/\/senoticias.com.br\/se\/wp-json\/wp\/v2\/posts"}],"about":[{"href":"https:\/\/senoticias.com.br\/se\/wp-json\/wp\/v2\/types\/post"}],"author":[{"embeddable":true,"href":"https:\/\/senoticias.com.br\/se\/wp-json\/wp\/v2\/users\/6557"}],"replies":[{"embeddable":true,"href":"https:\/\/senoticias.com.br\/se\/wp-json\/wp\/v2\/comments?post=129423"}],"version-history":[{"count":0,"href":"https:\/\/senoticias.com.br\/se\/wp-json\/wp\/v2\/posts\/129423\/revisions"}],"wp:attachment":[{"href":"https:\/\/senoticias.com.br\/se\/wp-json\/wp\/v2\/media?parent=129423"}],"wp:term":[{"taxonomy":"category","embeddable":true,"href":"https:\/\/senoticias.com.br\/se\/wp-json\/wp\/v2\/categories?post=129423"},{"taxonomy":"post_tag","embeddable":true,"href":"https:\/\/senoticias.com.br\/se\/wp-json\/wp\/v2\/tags?post=129423"}],"curies":[{"name":"wp","href":"https:\/\/api.w.org\/{rel}","templated":true}]}}