{"id":129413,"date":"2021-08-16T13:47:17","date_gmt":"2021-08-16T16:47:17","guid":{"rendered":"https:\/\/senoticias.com.br\/se\/?p=129413"},"modified":"2021-08-16T13:55:45","modified_gmt":"2021-08-16T16:55:45","slug":"129413-2","status":"publish","type":"post","link":"https:\/\/senoticias.com.br\/se\/129413-2\/","title":{"rendered":"Explos\u00e3o deixa duas pessoas feridas no Hospital Universit\u00e1rio de Aracaju"},"content":{"rendered":"\n<p>Uma explos\u00e3o foi registrada na manh\u00e3 desta segunda-feira, 16, no Hospital Universit\u00e1rio da Universidade Federal de Sergipe (HU\/UFS), em Aracaju.<\/p>\n\n\n\n<p>Ao menos duas pessoas ficaram feridas, segundo informa\u00e7\u00f5es passadas pelo Servi\u00e7o de Atendimento M\u00f3vel de Urg\u00eancias (Samu).<\/p>\n\n\n\n<figure class=\"wp-block-image size-large\"><img loading=\"lazy\" decoding=\"async\" width=\"500\" height=\"281\" src=\"https:\/\/senoticias.com.br\/se\/wp-content\/uploads\/2021\/08\/Hospital-Universitario-Aracaju-SE-Noticias.jpg\" alt=\"\" class=\"wp-image-129414\" srcset=\"https:\/\/senoticias.com.br\/se\/wp-content\/uploads\/2021\/08\/Hospital-Universitario-Aracaju-SE-Noticias.jpg 500w, https:\/\/senoticias.com.br\/se\/wp-content\/uploads\/2021\/08\/Hospital-Universitario-Aracaju-SE-Noticias-300x169.jpg 300w\" sizes=\"(max-width: 500px) 100vw, 500px\" \/><figcaption>O Corpo de Bombeiros Militar de Sergipe (CBM\/SE) informou que n\u00e3o foi acionado para a ocorr\u00eancia (Foto: Ascom\/HU\/Aracaju)<\/figcaption><\/figure>\n\n\n\n<p>Segundo informa\u00e7\u00f5es obtidas pela reportagem, a explos\u00e3o ocorreu entre o Anexo Hospitalar e o pr\u00e9dio da Unidade Materno-Infantil, mas at\u00e9 o momento n\u00e3o h\u00e1 informa\u00e7\u00e3o do que teria provocado a explos\u00e3o.<\/p>\n\n\n\n<p>O Corpo de Bombeiros Militar de Sergipe (CBM\/SE) confirmou a ocorr\u00eancia, mas informou que n\u00e3o foi acionado para o caso.<\/p>\n\n\n\n<p>A Secretaria de Estado da Sa\u00fade (SES) salientou que o Servi\u00e7o de Atendimento M\u00f3vel de Urg\u00eancia (Samu) foi acionado, mas os feridos estavam sendo atendidos pelo pr\u00f3prio Hospital. \u201cN\u00e3o houve necessidade de atendimento ou remo\u00e7\u00e3o\u201d, diz a SES.<\/p>\n\n\n\n<p><em>Quer receber as principais not\u00edcias do&nbsp;<strong>SE Not\u00edcias<\/strong>&nbsp;no seu&nbsp;<strong>WhatsApp?<\/strong>&nbsp;<strong><a href=\"https:\/\/api.whatsapp.com\/send?phone=5579991715289\">Clique aqui<\/a><\/strong>.<\/em><\/p>\n\n\n\n<p><strong><em>Acompanhe tamb\u00e9m o SE Not\u00edcias no\u00a0<a rel=\"noreferrer noopener\" href=\"https:\/\/twitter.com\/Senoticias\" target=\"_blank\">Twitter<\/a>,\u00a0<a rel=\"noreferrer noopener\" href=\"https:\/\/www.facebook.com\/senoticias1\" target=\"_blank\">Facebook<\/a>\u00a0e no\u00a0<a rel=\"noreferrer noopener\" href=\"https:\/\/www.instagram.com\/senoticias\/\" target=\"_blank\">Instagram<\/a><\/em><\/strong><\/p>\n\n\n\n<p>Mat\u00e9ria produzida originalmente pelo jornalista Jo\u00e3o Paulo Schneider, do portal <strong><a href=\"https:\/\/infonet.com.br\/noticias\/cidade\/explosao-deixa-duas-pessoas-feridas-no-hospital-universitario\/\">Infonet<\/a><\/strong><\/p>\n","protected":false},"excerpt":{"rendered":"<p>Uma explos\u00e3o foi registrada na manh\u00e3 desta segunda-feira, 16, no Hospital Universit\u00e1rio da Universidade Federal de Sergipe (HU\/UFS), em Aracaju. Ao menos duas pessoas ficaram feridas, segundo informa\u00e7\u00f5es passadas pelo Servi\u00e7o de Atendimento M\u00f3vel de Urg\u00eancias (Samu). Segundo informa\u00e7\u00f5es obtidas pela reportagem, a explos\u00e3o ocorreu entre o Anexo Hospitalar e o pr\u00e9dio da Unidade Materno-Infantil, [&hellip;]<\/p>\n","protected":false},"author":6557,"featured_media":0,"comment_status":"closed","ping_status":"closed","sticky":false,"template":"","format":"standard","meta":{"footnotes":""},"categories":[15,6,1],"tags":[34792,6041,2678],"class_list":{"0":"post-129413","1":"post","2":"type-post","3":"status-publish","4":"format-standard","6":"category-destaques","7":"category-politica","8":"category-sem-categoria","9":"tag-explosao-no-hospital-universitario","10":"tag-hospital-universitario","11":"tag-hospital-universitario-de-aracaju"},"_links":{"self":[{"href":"https:\/\/senoticias.com.br\/se\/wp-json\/wp\/v2\/posts\/129413"}],"collection":[{"href":"https:\/\/senoticias.com.br\/se\/wp-json\/wp\/v2\/posts"}],"about":[{"href":"https:\/\/senoticias.com.br\/se\/wp-json\/wp\/v2\/types\/post"}],"author":[{"embeddable":true,"href":"https:\/\/senoticias.com.br\/se\/wp-json\/wp\/v2\/users\/6557"}],"replies":[{"embeddable":true,"href":"https:\/\/senoticias.com.br\/se\/wp-json\/wp\/v2\/comments?post=129413"}],"version-history":[{"count":0,"href":"https:\/\/senoticias.com.br\/se\/wp-json\/wp\/v2\/posts\/129413\/revisions"}],"wp:attachment":[{"href":"https:\/\/senoticias.com.br\/se\/wp-json\/wp\/v2\/media?parent=129413"}],"wp:term":[{"taxonomy":"category","embeddable":true,"href":"https:\/\/senoticias.com.br\/se\/wp-json\/wp\/v2\/categories?post=129413"},{"taxonomy":"post_tag","embeddable":true,"href":"https:\/\/senoticias.com.br\/se\/wp-json\/wp\/v2\/tags?post=129413"}],"curies":[{"name":"wp","href":"https:\/\/api.w.org\/{rel}","templated":true}]}}