{"id":129382,"date":"2021-08-15T10:33:28","date_gmt":"2021-08-15T13:33:28","guid":{"rendered":"https:\/\/senoticias.com.br\/se\/?p=129382"},"modified":"2021-08-15T11:01:08","modified_gmt":"2021-08-15T14:01:08","slug":"motorista-com-sintomas-de-embriaguez-provoca-acidente-na-rodovia-dos-naufragos","status":"publish","type":"post","link":"https:\/\/senoticias.com.br\/se\/motorista-com-sintomas-de-embriaguez-provoca-acidente-na-rodovia-dos-naufragos\/","title":{"rendered":"Motorista com sintomas de embriaguez provoca acidente na Rodovia dos N\u00e1ufragos"},"content":{"rendered":"\n<p><\/p>\n\n\n\n<p>Um acidente foi registrado na manh\u00e3 deste domingo, 15, quando um condutor do veiculo tipo Vectra perdeu o controle da dire\u00e7\u00e3o do ve\u00edculo, colidiu com caminh\u00e3o e atingiu um terceiro ve\u00edculo tipo Saveiro que estava estacionado.<\/p>\n\n\n\n<figure class=\"wp-block-image size-large\"><img loading=\"lazy\" decoding=\"async\" width=\"589\" height=\"359\" src=\"https:\/\/senoticias.com.br\/se\/wp-content\/uploads\/2021\/08\/Acidente-de-transito-SE-Noticias.jpg\" alt=\"\" class=\"wp-image-129383\" srcset=\"https:\/\/senoticias.com.br\/se\/wp-content\/uploads\/2021\/08\/Acidente-de-transito-SE-Noticias.jpg 589w, https:\/\/senoticias.com.br\/se\/wp-content\/uploads\/2021\/08\/Acidente-de-transito-SE-Noticias-300x183.jpg 300w\" sizes=\"(max-width: 589px) 100vw, 589px\" \/><figcaption>O impacto do acidente foi t\u00e3o violento que o eixo traseiro do caminh\u00e3o se soltou da carroceria &#8211; Foto: CPTran<\/figcaption><\/figure>\n\n\n\n<p>Segundo os policias da Companhia de Pol\u00edcia de Tr\u00e2nsito (CPTran), o condutor do Vectra, tinha sintomas de haver ingerido bebida alco\u00f3lica se recusou a fazer o baf\u00f4metro e foi atendido pelo SAMU.<\/p>\n\n\n\n<figure class=\"wp-block-image size-large\"><img loading=\"lazy\" decoding=\"async\" width=\"589\" height=\"358\" src=\"https:\/\/senoticias.com.br\/se\/wp-content\/uploads\/2021\/08\/Acidente-de-transito-SE-Noticias-1.jpg\" alt=\"\" class=\"wp-image-129386\" srcset=\"https:\/\/senoticias.com.br\/se\/wp-content\/uploads\/2021\/08\/Acidente-de-transito-SE-Noticias-1.jpg 589w, https:\/\/senoticias.com.br\/se\/wp-content\/uploads\/2021\/08\/Acidente-de-transito-SE-Noticias-1-300x182.jpg 300w\" sizes=\"(max-width: 589px) 100vw, 589px\" \/><figcaption>Acidente aconteceu na Rodovia dos N\u00e1ufragos, na zona de expans\u00e3o &#8211; Foto: CPTran<\/figcaption><\/figure>\n\n\n\n<p>Ainda segundo a CPTran, o caso foi encaminhado a delegacia plantonista para os devidos procedimentos legais.<\/p>\n\n\n\n<p><em>Quer receber as principais not\u00edcias do&nbsp;<strong>SE Not\u00edcias<\/strong>&nbsp;no seu&nbsp;<strong>WhatsApp?<\/strong>&nbsp;<strong><a href=\"https:\/\/api.whatsapp.com\/send?phone=5579991715289\">Clique aqui<\/a><\/strong>.<\/em><\/p>\n\n\n\n<p><strong><em>Acompanhe tamb\u00e9m o SE Not\u00edcias no\u00a0<a rel=\"noreferrer noopener\" href=\"https:\/\/twitter.com\/Senoticias\" target=\"_blank\">Twitter<\/a>,\u00a0<a rel=\"noreferrer noopener\" href=\"https:\/\/www.facebook.com\/senoticias1\" target=\"_blank\">Facebook<\/a>\u00a0e no\u00a0<a rel=\"noreferrer noopener\" href=\"https:\/\/www.instagram.com\/senoticias\/\" target=\"_blank\">Instagram<\/a><\/em><\/strong><\/p>\n\n\n\n<p>Fonte: CPTran<\/p>\n","protected":false},"excerpt":{"rendered":"<p>Um acidente foi registrado na manh\u00e3 deste domingo, 15, quando um condutor do veiculo tipo Vectra perdeu o controle da dire\u00e7\u00e3o do ve\u00edculo, colidiu com caminh\u00e3o e atingiu um terceiro ve\u00edculo tipo Saveiro que estava estacionado. Segundo os policias da Companhia de Pol\u00edcia de Tr\u00e2nsito (CPTran), o condutor do Vectra, tinha sintomas de haver ingerido [&hellip;]<\/p>\n","protected":false},"author":6557,"featured_media":0,"comment_status":"closed","ping_status":"closed","sticky":false,"template":"","format":"standard","meta":{"footnotes":""},"categories":[15,7,1],"tags":[4203,8684,631,16943,11226],"class_list":{"0":"post-129382","1":"post","2":"type-post","3":"status-publish","4":"format-standard","6":"category-destaques","7":"category-policia","8":"category-sem-categoria","9":"tag-acidente-de-transito","10":"tag-companhia-de-policia-de-transito","11":"tag-cptran","12":"tag-rodovia-dos-naufragos","13":"tag-violencia-no-transito"},"_links":{"self":[{"href":"https:\/\/senoticias.com.br\/se\/wp-json\/wp\/v2\/posts\/129382"}],"collection":[{"href":"https:\/\/senoticias.com.br\/se\/wp-json\/wp\/v2\/posts"}],"about":[{"href":"https:\/\/senoticias.com.br\/se\/wp-json\/wp\/v2\/types\/post"}],"author":[{"embeddable":true,"href":"https:\/\/senoticias.com.br\/se\/wp-json\/wp\/v2\/users\/6557"}],"replies":[{"embeddable":true,"href":"https:\/\/senoticias.com.br\/se\/wp-json\/wp\/v2\/comments?post=129382"}],"version-history":[{"count":0,"href":"https:\/\/senoticias.com.br\/se\/wp-json\/wp\/v2\/posts\/129382\/revisions"}],"wp:attachment":[{"href":"https:\/\/senoticias.com.br\/se\/wp-json\/wp\/v2\/media?parent=129382"}],"wp:term":[{"taxonomy":"category","embeddable":true,"href":"https:\/\/senoticias.com.br\/se\/wp-json\/wp\/v2\/categories?post=129382"},{"taxonomy":"post_tag","embeddable":true,"href":"https:\/\/senoticias.com.br\/se\/wp-json\/wp\/v2\/tags?post=129382"}],"curies":[{"name":"wp","href":"https:\/\/api.w.org\/{rel}","templated":true}]}}