{"id":129317,"date":"2021-08-11T06:16:39","date_gmt":"2021-08-11T09:16:39","guid":{"rendered":"https:\/\/senoticias.com.br\/se\/?p=129317"},"modified":"2021-08-11T06:16:47","modified_gmt":"2021-08-11T09:16:47","slug":"suspeito-de-trafico-de-drogas-morre-em-confronto-com-a-policia-na-barra-dos-coqueiros","status":"publish","type":"post","link":"https:\/\/senoticias.com.br\/se\/suspeito-de-trafico-de-drogas-morre-em-confronto-com-a-policia-na-barra-dos-coqueiros\/","title":{"rendered":"Suspeito de tr\u00e1fico de drogas morre em confronto com a pol\u00edcia na Barra dos Coqueiros"},"content":{"rendered":"\n<p>Em continuidade \u00e0 opera\u00e7\u00e3o que apreendeu 20 kg de maconha na segunda-feira (2), em Nossa Senhora do Socorro, o Departamento de Narc\u00f3ticos (Denarc) identificou o propriet\u00e1rio do entorpecente. O investigado Rafael Silva foi encontrado na manh\u00e3 desta ter\u00e7a-feira (10), em posse de tabletes da droga e uma arma de grosso calibre, uma pistola com alongador com capacidade para 30 muni\u00e7\u00f5es e que poderia ser utilizada em sistema autom\u00e1tico como uma submetralhadora.<\/p>\n\n\n\n<figure class=\"wp-block-image size-large\"><img loading=\"lazy\" decoding=\"async\" width=\"538\" height=\"355\" src=\"https:\/\/senoticias.com.br\/se\/wp-content\/uploads\/2021\/08\/Arma-apreendida-SE-Noticias.jpeg\" alt=\"\" class=\"wp-image-129318\" srcset=\"https:\/\/senoticias.com.br\/se\/wp-content\/uploads\/2021\/08\/Arma-apreendida-SE-Noticias.jpeg 538w, https:\/\/senoticias.com.br\/se\/wp-content\/uploads\/2021\/08\/Arma-apreendida-SE-Noticias-300x198.jpeg 300w, https:\/\/senoticias.com.br\/se\/wp-content\/uploads\/2021\/08\/Arma-apreendida-SE-Noticias-90x60.jpeg 90w, https:\/\/senoticias.com.br\/se\/wp-content\/uploads\/2021\/08\/Arma-apreendida-SE-Noticias-180x120.jpeg 180w, https:\/\/senoticias.com.br\/se\/wp-content\/uploads\/2021\/08\/Arma-apreendida-SE-Noticias-95x64.jpeg 95w\" sizes=\"(max-width: 538px) 100vw, 538px\" \/><figcaption>Segundo o delegado, a arma de grosso calibre tem uma capacidade de 30 muni\u00e7\u00f5es e ele utilizava um seletor de rajadas &#8211; Foto: SSP\/SE<\/figcaption><\/figure>\n\n\n\n<p>Segundo o delegado Andr\u00e9 David, ap\u00f3s a <strong>pris\u00e3o de Damila Jeise Farias Santos<\/strong> foi iniciada a apura\u00e7\u00e3o para identificar o verdadeiro propriet\u00e1rio da droga. \u201cCom esse flagrante, conseguimos a informa\u00e7\u00e3o de que a droga pertencia a <strong>Rafael Silva<\/strong> e representamos pela pris\u00e3o dele. Rafael ia levar uma amostra da droga para comercializa\u00e7\u00e3o, identificamos o ve\u00edculo dele e ele reagiu \u00e0 abordagem com uma arma de grosso calibre&#8221;, detalhou. A pol\u00edcia prontamente revidou a a\u00e7\u00e3o, <strong>Rafael foi atingido e socorrido, mas acabou vindo a \u00f3bito.<\/strong><\/p>\n\n\n\n<p>Andr\u00e9 David ressaltou que, pelas condi\u00e7\u00f5es onde houve a apreens\u00e3o da droga, em posse de Damila, foi poss\u00edvel atestar que o entorpecente apenas estava sendo guardado por ela. \u201cToda apreens\u00e3o de drogas se desdobra em outra. Sab\u00edamos que, pelas condi\u00e7\u00f5es onde foi encontrada a droga anteriormente, at\u00e9 pelo local, que era apenas o armazenamento. Conseguimos saber o verdadeiro propriet\u00e1rio da droga, que era o Rafael\u201d, complementou.<\/p>\n\n\n\n<p>Al\u00e9m do tr\u00e1fico de drogas, a arma que foi apreendida com Rafael n\u00e3o tem uso legal permitido pelas pol\u00edcias, conforme acrescentou o delegado. \u201cN\u00e3o \u00e9 permitido que a pol\u00edcia utilize esse armamento, inclusive. A arma de grosso calibre tem uma capacidade de 30 muni\u00e7\u00f5es e ele utilizava um seletor de rajadas, que possibilita os disparos em quest\u00e3o de dez segundos\u201d, revelou Andr\u00e9 David.<\/p>\n\n\n\n<p><strong><em>Acompanhe tamb\u00e9m o SE Not\u00edcias no&nbsp;<a rel=\"noreferrer noopener\" href=\"https:\/\/twitter.com\/Senoticias\" target=\"_blank\">Twitter<\/a>,&nbsp;<a rel=\"noreferrer noopener\" href=\"https:\/\/www.facebook.com\/senoticias1\" target=\"_blank\">Facebook<\/a>&nbsp;e no&nbsp;<a rel=\"noreferrer noopener\" href=\"https:\/\/www.instagram.com\/senoticias\/\" target=\"_blank\">Instagram<\/a><\/em><\/strong><\/p>\n\n\n\n<p>Fonte: SSP\/SE<\/p>\n\n\n\n<p><\/p>\n","protected":false},"excerpt":{"rendered":"<p>Em continuidade \u00e0 opera\u00e7\u00e3o que apreendeu 20 kg de maconha na segunda-feira (2), em Nossa Senhora do Socorro, o Departamento de Narc\u00f3ticos (Denarc) identificou o propriet\u00e1rio do entorpecente. O investigado Rafael Silva foi encontrado na manh\u00e3 desta ter\u00e7a-feira (10), em posse de tabletes da droga e uma arma de grosso calibre, uma pistola com alongador [&hellip;]<\/p>\n","protected":false},"author":6557,"featured_media":0,"comment_status":"closed","ping_status":"closed","sticky":false,"template":"","format":"standard","meta":{"footnotes":""},"categories":[15,7],"tags":[13897,76,13072,78,15696],"class_list":{"0":"post-129317","1":"post","2":"type-post","3":"status-publish","4":"format-standard","6":"category-destaques","7":"category-policia","8":"tag-delegado-andre-david","9":"tag-denarc","10":"tag-morto-em-confronto","11":"tag-policia-civil","12":"tag-sspse-2"},"_links":{"self":[{"href":"https:\/\/senoticias.com.br\/se\/wp-json\/wp\/v2\/posts\/129317"}],"collection":[{"href":"https:\/\/senoticias.com.br\/se\/wp-json\/wp\/v2\/posts"}],"about":[{"href":"https:\/\/senoticias.com.br\/se\/wp-json\/wp\/v2\/types\/post"}],"author":[{"embeddable":true,"href":"https:\/\/senoticias.com.br\/se\/wp-json\/wp\/v2\/users\/6557"}],"replies":[{"embeddable":true,"href":"https:\/\/senoticias.com.br\/se\/wp-json\/wp\/v2\/comments?post=129317"}],"version-history":[{"count":0,"href":"https:\/\/senoticias.com.br\/se\/wp-json\/wp\/v2\/posts\/129317\/revisions"}],"wp:attachment":[{"href":"https:\/\/senoticias.com.br\/se\/wp-json\/wp\/v2\/media?parent=129317"}],"wp:term":[{"taxonomy":"category","embeddable":true,"href":"https:\/\/senoticias.com.br\/se\/wp-json\/wp\/v2\/categories?post=129317"},{"taxonomy":"post_tag","embeddable":true,"href":"https:\/\/senoticias.com.br\/se\/wp-json\/wp\/v2\/tags?post=129317"}],"curies":[{"name":"wp","href":"https:\/\/api.w.org\/{rel}","templated":true}]}}