{"id":129297,"date":"2021-08-10T13:44:56","date_gmt":"2021-08-10T16:44:56","guid":{"rendered":"https:\/\/senoticias.com.br\/se\/?p=129297"},"modified":"2021-08-10T13:48:13","modified_gmt":"2021-08-10T16:48:13","slug":"mec-divulga-resultado-do-sisu-2021","status":"publish","type":"post","link":"https:\/\/senoticias.com.br\/se\/mec-divulga-resultado-do-sisu-2021\/","title":{"rendered":"Minist\u00e9rio da Educa\u00e7\u00e3o divulga resultado do Sisu 2021"},"content":{"rendered":"\n<p>O Minist\u00e9rio da Educa\u00e7\u00e3o divulgou hoje (10) o resultado da chamada regular do Sistema de Sele\u00e7\u00e3o Unificada (Sisu) referente ao segundo semestre de 2021. O Sisu \u00e9 o principal mecanismo de acesso a cursos de universidades, centros universit\u00e1rios e faculdades p\u00fablicas. Ele toma como refer\u00eancia a nota obtida pelo aluno no Exame Nacional do Ensino M\u00e9dio (Enem).<\/p>\n\n\n\n<figure class=\"wp-block-image size-large\"><img loading=\"lazy\" decoding=\"async\" width=\"585\" height=\"350\" src=\"https:\/\/senoticias.com.br\/se\/wp-content\/uploads\/2021\/08\/Sisu-resultado-SE-Noticias.jpg\" alt=\"\" class=\"wp-image-129298\" srcset=\"https:\/\/senoticias.com.br\/se\/wp-content\/uploads\/2021\/08\/Sisu-resultado-SE-Noticias.jpg 585w, https:\/\/senoticias.com.br\/se\/wp-content\/uploads\/2021\/08\/Sisu-resultado-SE-Noticias-300x179.jpg 300w\" sizes=\"(max-width: 585px) 100vw, 585px\" \/><figcaption>Sistema de Sele\u00e7\u00e3o Unificada (Sisu) para o segundo semestre de 2021 &#8211; Foto: Marcello Casal\/ABr<\/figcaption><\/figure>\n\n\n\n<p>A consulta do resultado pode ser feita na <strong><a href=\"https:\/\/sisu.mec.gov.br\/#\/\">p\u00e1gina do Sisu<\/a><\/strong> e nas institui\u00e7\u00f5es para as quais fizeram a inscri\u00e7\u00e3o.<\/p>\n\n\n\n<p>A matr\u00edcula dos selecionados deve ser feita a partir de amanh\u00e3 (11), at\u00e9 o dia 16 de agosto. \u201cDevem ser observados os dias, hor\u00e1rios e locais de atendimento definidos por cada institui\u00e7\u00e3o em seu edital pr\u00f3prio\u201d, informou, em nota, o Minist\u00e9rio da Educa\u00e7\u00e3o.<\/p>\n\n\n\n<p>Os candidatos n\u00e3o selecionados na chamada \u00fanica poder\u00e3o ainda manifestar interesse por meio da lista de espera do Sisu, entre os dias 10 e 16 de agosto. Essa lista de espera \u00e9 utilizada, prioritariamente, pelas institui\u00e7\u00f5es participantes do programa para preenchimento das vagas eventualmente n\u00e3o ocupadas na chamada regular.<\/p>\n\n\n\n<p>O resultado dessa rela\u00e7\u00e3o ser\u00e1 divulgado no dia 18, com a convoca\u00e7\u00e3o para a matr\u00edcula no dia 19.<\/p>\n\n\n\n<p>Foram disponibilizadas 62.365 vagas em universidades e outras institui\u00e7\u00f5es de ensino superior, este ano. Cada candidato p\u00f4de escolher at\u00e9 dois cursos superiores, com a possibilidade de alterar as op\u00e7\u00f5es at\u00e9 o encerramento das inscri\u00e7\u00f5es.<\/p>\n\n\n\n<p>Pode participar do Sisu quem fez o Enem e n\u00e3o tirou zero na reda\u00e7\u00e3o. A sele\u00e7\u00e3o \u00e9 feita com base nas notas que o candidato obteve na prova, mas o m\u00e9todo de escolha varia conforme o curso e a institui\u00e7\u00e3o. Isso porque os pesos das notas em cada mat\u00e9ria s\u00e3o diferentes, conforme a \u00e1rea de interesse.<\/p>\n\n\n\n<p><em>Quer receber as principais not\u00edcias do&nbsp;<strong>SE Not\u00edcias<\/strong>&nbsp;no seu&nbsp;<strong>WhatsApp?<\/strong>&nbsp;<strong><a href=\"https:\/\/api.whatsapp.com\/send?phone=5579991715289\">Clique aqui<\/a><\/strong>.<\/em><\/p>\n\n\n\n<p><strong><em>Acompanhe tamb\u00e9m o SE Not\u00edcias no\u00a0<a rel=\"noreferrer noopener\" href=\"https:\/\/twitter.com\/Senoticias\" target=\"_blank\">Twitter<\/a>,\u00a0<a rel=\"noreferrer noopener\" href=\"https:\/\/www.facebook.com\/senoticias1\" target=\"_blank\">Facebook<\/a>\u00a0e no\u00a0<a rel=\"noreferrer noopener\" href=\"https:\/\/www.instagram.com\/senoticias\/\" target=\"_blank\">Instagram<\/a><\/em><\/strong><\/p>\n\n\n\n<p>Fonte: Ag\u00eancia Brasil<\/p>\n\n\n\n<p><\/p>\n","protected":false},"excerpt":{"rendered":"<p>O Minist\u00e9rio da Educa\u00e7\u00e3o divulgou hoje (10) o resultado da chamada regular do Sistema de Sele\u00e7\u00e3o Unificada (Sisu) referente ao segundo semestre de 2021. O Sisu \u00e9 o principal mecanismo de acesso a cursos de universidades, centros universit\u00e1rios e faculdades p\u00fablicas. Ele toma como refer\u00eancia a nota obtida pelo aluno no Exame Nacional do Ensino [&hellip;]<\/p>\n","protected":false},"author":6557,"featured_media":0,"comment_status":"closed","ping_status":"closed","sticky":false,"template":"","format":"standard","meta":{"footnotes":""},"categories":[15,2961],"tags":[2677,16946,883],"class_list":{"0":"post-129297","1":"post","2":"type-post","3":"status-publish","4":"format-standard","6":"category-destaques","7":"category-nacional","8":"tag-ministerio-da-educacao","9":"tag-sistema-de-selecao-unificada","10":"tag-sisu"},"_links":{"self":[{"href":"https:\/\/senoticias.com.br\/se\/wp-json\/wp\/v2\/posts\/129297"}],"collection":[{"href":"https:\/\/senoticias.com.br\/se\/wp-json\/wp\/v2\/posts"}],"about":[{"href":"https:\/\/senoticias.com.br\/se\/wp-json\/wp\/v2\/types\/post"}],"author":[{"embeddable":true,"href":"https:\/\/senoticias.com.br\/se\/wp-json\/wp\/v2\/users\/6557"}],"replies":[{"embeddable":true,"href":"https:\/\/senoticias.com.br\/se\/wp-json\/wp\/v2\/comments?post=129297"}],"version-history":[{"count":0,"href":"https:\/\/senoticias.com.br\/se\/wp-json\/wp\/v2\/posts\/129297\/revisions"}],"wp:attachment":[{"href":"https:\/\/senoticias.com.br\/se\/wp-json\/wp\/v2\/media?parent=129297"}],"wp:term":[{"taxonomy":"category","embeddable":true,"href":"https:\/\/senoticias.com.br\/se\/wp-json\/wp\/v2\/categories?post=129297"},{"taxonomy":"post_tag","embeddable":true,"href":"https:\/\/senoticias.com.br\/se\/wp-json\/wp\/v2\/tags?post=129297"}],"curies":[{"name":"wp","href":"https:\/\/api.w.org\/{rel}","templated":true}]}}