{"id":129290,"date":"2021-08-10T09:10:32","date_gmt":"2021-08-10T12:10:32","guid":{"rendered":"https:\/\/senoticias.com.br\/se\/?p=129290"},"modified":"2021-08-10T09:15:54","modified_gmt":"2021-08-10T12:15:54","slug":"policia-civil-cumpre-mandado-de-prisao-de-pastor-investigado-por-estupro-no-interior-de-sergipe","status":"publish","type":"post","link":"https:\/\/senoticias.com.br\/se\/policia-civil-cumpre-mandado-de-prisao-de-pastor-investigado-por-estupro-no-interior-de-sergipe\/","title":{"rendered":"Pol\u00edcia Civil cumpre mandado de pris\u00e3o de pastor investigado por estupro no interior de Sergipe"},"content":{"rendered":"\n<p>Em continuidade \u00e0s a\u00e7\u00f5es da <strong>Opera\u00e7\u00e3o Ressurrei\u00e7\u00e3o<\/strong>, foi dado cumprimento ao mandado de pris\u00e3o de um homem, pastor de uma igreja evang\u00e9lica, investigado pelo crime de estupro contra uma adolescente, atualmente com 15 anos. O suspeito foi preso na manh\u00e3 desta ter\u00e7a-feira (10), em Umba\u00faba.<\/p>\n\n\n\n<figure class=\"wp-block-image size-large\"><img loading=\"lazy\" decoding=\"async\" width=\"512\" height=\"341\" src=\"https:\/\/senoticias.com.br\/se\/wp-content\/uploads\/2020\/04\/pc-pc-2.jpg\" alt=\"\" class=\"wp-image-123118\" srcset=\"https:\/\/senoticias.com.br\/se\/wp-content\/uploads\/2020\/04\/pc-pc-2.jpg 512w, https:\/\/senoticias.com.br\/se\/wp-content\/uploads\/2020\/04\/pc-pc-2-300x200.jpg 300w, https:\/\/senoticias.com.br\/se\/wp-content\/uploads\/2020\/04\/pc-pc-2-90x60.jpg 90w, https:\/\/senoticias.com.br\/se\/wp-content\/uploads\/2020\/04\/pc-pc-2-180x120.jpg 180w, https:\/\/senoticias.com.br\/se\/wp-content\/uploads\/2020\/04\/pc-pc-2-95x64.jpg 95w\" sizes=\"(max-width: 512px) 100vw, 512px\" \/><figcaption> Segundo Pol\u00edcia Civil, o suposto crime foi praticado contra uma adolescente &#8211; Foto: Ascom Pol\u00edcia Civil <\/figcaption><\/figure>\n\n\n\n<p>Segundo os delegados <strong>Gustavo Mendes e Rafael Brito<\/strong>, a v\u00edtima compareceu na delegacia, no dia 22 de junho deste ano, e relatou que frequentava uma igreja evang\u00e9lica local e que estava sofrendo abusos sexuais cometidos por parte de um pastor, que frequentava sua resid\u00eancia enquanto a m\u00e3e dela n\u00e3o estava.<\/p>\n\n\n\n<p>Ap\u00f3s oitivas, tanto por termos de declara\u00e7\u00e3o e termos de depoimentos, foi poss\u00edvel encontrar amparo legal para que o procedimento investigativo policial fosse instaurado, com o intuito de reunir elementos para a investiga\u00e7\u00e3o. J\u00e1 com o resultado dos exames periciais, foi representada a pris\u00e3o tempor\u00e1ria do investigado.<\/p>\n\n\n\n<p>Ap\u00f3s a pris\u00e3o, devidamente qualificado e interrogado, o investigado apresentou sua vers\u00e3o do fato e encontra-se \u00e0 disposi\u00e7\u00e3o do Poder Judici\u00e1rio. A Pol\u00edcia Civil solicita que informa\u00e7\u00f5es e den\u00fancias sobre crimes e suspeitos de a\u00e7\u00f5es criminosas sejam repassadas por meio do <strong>Disque-Den\u00fancia (181<\/strong>). O sigilo \u00e9 garantido.<\/p>\n\n\n\n<p><em>Quer receber as principais not\u00edcias do&nbsp;<strong>SE Not\u00edcias<\/strong>&nbsp;no seu&nbsp;<strong>WhatsApp?<\/strong>&nbsp;<strong><a href=\"https:\/\/api.whatsapp.com\/send?phone=5579991715289\">Clique aqui<\/a><\/strong>.<\/em><\/p>\n\n\n\n<p><strong><em>Acompanhe tamb\u00e9m o SE Not\u00edcias no\u00a0<a rel=\"noreferrer noopener\" href=\"https:\/\/twitter.com\/Senoticias\" target=\"_blank\">Twitter<\/a>,\u00a0<a rel=\"noreferrer noopener\" href=\"https:\/\/www.facebook.com\/senoticias1\" target=\"_blank\">Facebook<\/a>\u00a0e no\u00a0<a rel=\"noreferrer noopener\" href=\"https:\/\/www.instagram.com\/senoticias\/\" target=\"_blank\">Instagram<\/a><\/em><\/strong><\/p>\n\n\n\n<p>Fonte: SSP\/SE<\/p>\n","protected":false},"excerpt":{"rendered":"<p>Em continuidade \u00e0s a\u00e7\u00f5es da Opera\u00e7\u00e3o Ressurrei\u00e7\u00e3o, foi dado cumprimento ao mandado de pris\u00e3o de um homem, pastor de uma igreja evang\u00e9lica, investigado pelo crime de estupro contra uma adolescente, atualmente com 15 anos. O suspeito foi preso na manh\u00e3 desta ter\u00e7a-feira (10), em Umba\u00faba. Segundo os delegados Gustavo Mendes e Rafael Brito, a v\u00edtima [&hellip;]<\/p>\n","protected":false},"author":6557,"featured_media":0,"comment_status":"closed","ping_status":"closed","sticky":false,"template":"","format":"standard","meta":{"footnotes":""},"categories":[15,7],"tags":[34755,34756,78,16059],"class_list":{"0":"post-129290","1":"post","2":"type-post","3":"status-publish","4":"format-standard","6":"category-destaques","7":"category-policia","8":"tag-operacao-ressurreicao","9":"tag-pastor-investigado-por-estupro","10":"tag-policia-civil","11":"tag-umbauba-2"},"_links":{"self":[{"href":"https:\/\/senoticias.com.br\/se\/wp-json\/wp\/v2\/posts\/129290"}],"collection":[{"href":"https:\/\/senoticias.com.br\/se\/wp-json\/wp\/v2\/posts"}],"about":[{"href":"https:\/\/senoticias.com.br\/se\/wp-json\/wp\/v2\/types\/post"}],"author":[{"embeddable":true,"href":"https:\/\/senoticias.com.br\/se\/wp-json\/wp\/v2\/users\/6557"}],"replies":[{"embeddable":true,"href":"https:\/\/senoticias.com.br\/se\/wp-json\/wp\/v2\/comments?post=129290"}],"version-history":[{"count":0,"href":"https:\/\/senoticias.com.br\/se\/wp-json\/wp\/v2\/posts\/129290\/revisions"}],"wp:attachment":[{"href":"https:\/\/senoticias.com.br\/se\/wp-json\/wp\/v2\/media?parent=129290"}],"wp:term":[{"taxonomy":"category","embeddable":true,"href":"https:\/\/senoticias.com.br\/se\/wp-json\/wp\/v2\/categories?post=129290"},{"taxonomy":"post_tag","embeddable":true,"href":"https:\/\/senoticias.com.br\/se\/wp-json\/wp\/v2\/tags?post=129290"}],"curies":[{"name":"wp","href":"https:\/\/api.w.org\/{rel}","templated":true}]}}