{"id":129266,"date":"2021-08-09T17:37:22","date_gmt":"2021-08-09T20:37:22","guid":{"rendered":"https:\/\/senoticias.com.br\/se\/?p=129266"},"modified":"2021-08-09T17:40:13","modified_gmt":"2021-08-09T20:40:13","slug":"secretaria-de-estado-da-saude-recebeu-nesta-segunda-09-a-primeira-remessa-da-semana-de-vacinas-contra-a-covid-19","status":"publish","type":"post","link":"https:\/\/senoticias.com.br\/se\/secretaria-de-estado-da-saude-recebeu-nesta-segunda-09-a-primeira-remessa-da-semana-de-vacinas-contra-a-covid-19\/","title":{"rendered":"Secretaria de Estado da Sa\u00fade recebeu nesta segunda, 09, a primeira remessa da semana de vacinas contra a Covid-19"},"content":{"rendered":"\n<p>A Secretaria de Estado da Sa\u00fade (SES) recebeu do Minist\u00e9rio da Sa\u00fade nesta segunda, 09, o primeiro lote programado na pauta de entregas desta semana. Foram 17.400 doses da Coronavac para aplica\u00e7\u00e3o em primeira e segunda dose. Para ter\u00e7a, 10, a previs\u00e3o \u00e9 que Sergipe receba 36.270 doses da vacina da Pfizer, para primeira dose.<\/p>\n\n\n\n<figure class=\"wp-block-image size-large\"><img loading=\"lazy\" decoding=\"async\" width=\"576\" height=\"407\" src=\"https:\/\/senoticias.com.br\/se\/wp-content\/uploads\/2021\/06\/vacina-se-noticias.jpeg\" alt=\"\" class=\"wp-image-128610\" srcset=\"https:\/\/senoticias.com.br\/se\/wp-content\/uploads\/2021\/06\/vacina-se-noticias.jpeg 576w, https:\/\/senoticias.com.br\/se\/wp-content\/uploads\/2021\/06\/vacina-se-noticias-300x212.jpeg 300w\" sizes=\"(max-width: 576px) 100vw, 576px\" \/><figcaption>\n\nForam 17.400 doses da Coronavac para aplica\u00e7\u00e3o em primeira e segunda dose\n\n\n\n<\/figcaption><\/figure>\n\n\n\n<p>A soma de todas essas entregas da semana, contabiliza 53.670 doses de vacinas contra a Covid-19 para o estado de Sergipe. Com essas novas doses recebidas hoje, j\u00e1 s\u00e3o 1.829.910 unidades recebidas do governo federal at\u00e9 o momento e desse total, 1.661.431 imunobiol\u00f3gicos (primeira, segunda e dose \u00fanica) foram enviados aos munic\u00edpios.<\/p>\n\n\n\n<p>A primeira dose j\u00e1 foi aplicada em 1.092.823 pessoas e somando o quantitativo de segunda dose e dose \u00fanica aplicadas, o estado alcan\u00e7a 398.408 sergipanos e sergipanas com o ciclo vacinal completo. Em Sergipe, 48,81% da popula\u00e7\u00e3o j\u00e1 foi vacinada com a primeira dose. 17,18% j\u00e1 receberam a segunda dose ou dose \u00fanica.<\/p>\n\n\n\n<p><em>Quer receber as principais not\u00edcias do&nbsp;<strong>SE Not\u00edcias<\/strong>&nbsp;no seu&nbsp;<strong>WhatsApp?<\/strong>&nbsp;<strong><a href=\"https:\/\/api.whatsapp.com\/send?phone=5579991715289\">Clique aqui<\/a><\/strong>.<\/em><\/p>\n\n\n\n<p><strong><em>Acompanhe tamb\u00e9m o SE Not\u00edcias no\u00a0<a rel=\"noreferrer noopener\" href=\"https:\/\/twitter.com\/Senoticias\" target=\"_blank\">Twitter<\/a>,\u00a0<a rel=\"noreferrer noopener\" href=\"https:\/\/www.facebook.com\/senoticias1\" target=\"_blank\">Facebook<\/a>\u00a0e no\u00a0<a rel=\"noreferrer noopener\" href=\"https:\/\/www.instagram.com\/senoticias\/\" target=\"_blank\">Instagram<\/a><\/em><\/strong><\/p>\n\n\n\n<p>Fonte: Ag\u00eancia Sergipe not\u00edcias <\/p>\n","protected":false},"excerpt":{"rendered":"<p>A Secretaria de Estado da Sa\u00fade (SES) recebeu do Minist\u00e9rio da Sa\u00fade nesta segunda, 09, o primeiro lote programado na pauta de entregas desta semana. Foram 17.400 doses da Coronavac para aplica\u00e7\u00e3o em primeira e segunda dose. Para ter\u00e7a, 10, a previs\u00e3o \u00e9 que Sergipe receba 36.270 doses da vacina da Pfizer, para primeira dose. [&hellip;]<\/p>\n","protected":false},"author":6557,"featured_media":0,"comment_status":"closed","ping_status":"closed","sticky":false,"template":"","format":"standard","meta":{"footnotes":""},"categories":[15,6],"tags":[14279,14369,6385,554],"class_list":{"0":"post-129266","1":"post","2":"type-post","3":"status-publish","4":"format-standard","6":"category-destaques","7":"category-politica","8":"tag-covid19","9":"tag-pandemia","10":"tag-secretaria-de-estado-da-saude","11":"tag-vacina"},"_links":{"self":[{"href":"https:\/\/senoticias.com.br\/se\/wp-json\/wp\/v2\/posts\/129266"}],"collection":[{"href":"https:\/\/senoticias.com.br\/se\/wp-json\/wp\/v2\/posts"}],"about":[{"href":"https:\/\/senoticias.com.br\/se\/wp-json\/wp\/v2\/types\/post"}],"author":[{"embeddable":true,"href":"https:\/\/senoticias.com.br\/se\/wp-json\/wp\/v2\/users\/6557"}],"replies":[{"embeddable":true,"href":"https:\/\/senoticias.com.br\/se\/wp-json\/wp\/v2\/comments?post=129266"}],"version-history":[{"count":0,"href":"https:\/\/senoticias.com.br\/se\/wp-json\/wp\/v2\/posts\/129266\/revisions"}],"wp:attachment":[{"href":"https:\/\/senoticias.com.br\/se\/wp-json\/wp\/v2\/media?parent=129266"}],"wp:term":[{"taxonomy":"category","embeddable":true,"href":"https:\/\/senoticias.com.br\/se\/wp-json\/wp\/v2\/categories?post=129266"},{"taxonomy":"post_tag","embeddable":true,"href":"https:\/\/senoticias.com.br\/se\/wp-json\/wp\/v2\/tags?post=129266"}],"curies":[{"name":"wp","href":"https:\/\/api.w.org\/{rel}","templated":true}]}}