{"id":129161,"date":"2021-08-04T11:06:12","date_gmt":"2021-08-04T14:06:12","guid":{"rendered":"https:\/\/senoticias.com.br\/se\/?p=129161"},"modified":"2021-08-04T11:10:42","modified_gmt":"2021-08-04T14:10:42","slug":"ameacas-de-morte-a-delegada-danielle-garcia-em-redes-sociais-partiram-de-dentro-do-presidio-de-sao-cristovao","status":"publish","type":"post","link":"https:\/\/senoticias.com.br\/se\/ameacas-de-morte-a-delegada-danielle-garcia-em-redes-sociais-partiram-de-dentro-do-presidio-de-sao-cristovao\/","title":{"rendered":"Amea\u00e7as de morte \u00e0 delegada Danielle Garcia em redes sociais partiram de dentro do pres\u00eddio de S\u00e3o Crist\u00f3v\u00e3o"},"content":{"rendered":"\n<p>O autor das <strong><a href=\"https:\/\/senoticias.com.br\/se\/delegada-danielle-garcia-diz-que-foi-ameacada-de-morte\/\">amea\u00e7as de morte feitas \u00e0 delegada Danielle Garcia<\/a><\/strong>, por meio de uma rede social, foi identificado como Diego Santos Silva. Ele j\u00e1 se encontrava preso no Complexo Penitenci\u00e1rio Dr. Manoel Carvalho Neto (Copemcan), onde cumpre pena pelo crime de latroc\u00ednio. As amea\u00e7as ocorreram no dia 5 de maio e a investiga\u00e7\u00e3o foi conduzida pela Delegacia de Sim\u00e3o Dias, com o apoio da Pol\u00edcia Penal. Houve revista na unidade prisional e materiais ilegais foram apreendidos.<\/p>\n\n\n\n<figure class=\"wp-block-image size-large\"><img loading=\"lazy\" decoding=\"async\" width=\"578\" height=\"434\" src=\"https:\/\/senoticias.com.br\/se\/wp-content\/uploads\/2021\/08\/Armas-no-copemcam-SE-Noticias.jpg\" alt=\"\" class=\"wp-image-129162\" srcset=\"https:\/\/senoticias.com.br\/se\/wp-content\/uploads\/2021\/08\/Armas-no-copemcam-SE-Noticias.jpg 578w, https:\/\/senoticias.com.br\/se\/wp-content\/uploads\/2021\/08\/Armas-no-copemcam-SE-Noticias-300x225.jpg 300w, https:\/\/senoticias.com.br\/se\/wp-content\/uploads\/2021\/08\/Armas-no-copemcam-SE-Noticias-45x35.jpg 45w\" sizes=\"(max-width: 578px) 100vw, 578px\" \/><figcaption>Armas e celulares encontrados em cela do Copemcan, onde estava suspeito de amea\u00e7ar a delegada Danielle Garcia \u2014 Foto: SSP\/SE<\/figcaption><\/figure>\n\n\n\n<p>Segundo o delegado Clever Farias, o perfil falso foi identificado e chegou-se \u00e0 verdadeira identifica\u00e7\u00e3o do autor do crime. \u201cAs amea\u00e7as ocorreram por meio do perfil falso de Kayc Santos. Com as informa\u00e7\u00f5es fornecidas pelos operadores de telefonia, descobrimos que o presidi\u00e1rio Diego Santos Silva foi o autor da amea\u00e7a, utilizando um aparelho celular dentro do Copemcan, onde se encontra preso desde 2012 pelo crime de latroc\u00ednio\u201d, detalhou.<\/p>\n\n\n\n<p>No dia 8 de julho, a Pol\u00edcia Penal realizou revista na cela onde ele estava custodiado na unidade prisional e foram apreendidos tanto o celular utilizado para realizar as amea\u00e7as, quanto outros telefones celulares. Diego Santos Silva ser\u00e1 indiciado pelo crime de falsa identidade, amea\u00e7a e ingresso ilegal de celular um unidade prisional.<\/p>\n\n\n\n<p><em>Quer receber as principais not\u00edcias do&nbsp;<strong>SE Not\u00edcias<\/strong>&nbsp;no seu&nbsp;<strong>WhatsApp?<\/strong>&nbsp;<strong><a href=\"https:\/\/api.whatsapp.com\/send?phone=5579991715289\">Clique aqui<\/a><\/strong>.<\/em><\/p>\n\n\n\n<p><strong><em>Acompanhe tamb\u00e9m o SE Not\u00edcias no\u00a0<a rel=\"noreferrer noopener\" href=\"https:\/\/twitter.com\/Senoticias\" target=\"_blank\">Twitter<\/a>,\u00a0<a rel=\"noreferrer noopener\" href=\"https:\/\/www.facebook.com\/senoticias1\" target=\"_blank\">Facebook<\/a>\u00a0e no\u00a0<a rel=\"noreferrer noopener\" href=\"https:\/\/www.instagram.com\/senoticias\/\" target=\"_blank\">Instagram<\/a><\/em><\/strong><\/p>\n\n\n\n<p>Fonte: SSP\/SE<\/p>\n","protected":false},"excerpt":{"rendered":"<p>O autor das amea\u00e7as de morte feitas \u00e0 delegada Danielle Garcia, por meio de uma rede social, foi identificado como Diego Santos Silva. Ele j\u00e1 se encontrava preso no Complexo Penitenci\u00e1rio Dr. Manoel Carvalho Neto (Copemcan), onde cumpre pena pelo crime de latroc\u00ednio. As amea\u00e7as ocorreram no dia 5 de maio e a investiga\u00e7\u00e3o foi [&hellip;]<\/p>\n","protected":false},"author":6557,"featured_media":0,"comment_status":"closed","ping_status":"closed","sticky":false,"template":"","format":"standard","meta":{"footnotes":""},"categories":[15,7,1],"tags":[34725,4275,624,2325],"class_list":{"0":"post-129161","1":"post","2":"type-post","3":"status-publish","4":"format-standard","6":"category-destaques","7":"category-policia","8":"category-sem-categoria","9":"tag-ameacas-de-morte","10":"tag-copemcan","11":"tag-delegada-danielle-garcia","12":"tag-presidio-de-sao-cristovao"},"_links":{"self":[{"href":"https:\/\/senoticias.com.br\/se\/wp-json\/wp\/v2\/posts\/129161"}],"collection":[{"href":"https:\/\/senoticias.com.br\/se\/wp-json\/wp\/v2\/posts"}],"about":[{"href":"https:\/\/senoticias.com.br\/se\/wp-json\/wp\/v2\/types\/post"}],"author":[{"embeddable":true,"href":"https:\/\/senoticias.com.br\/se\/wp-json\/wp\/v2\/users\/6557"}],"replies":[{"embeddable":true,"href":"https:\/\/senoticias.com.br\/se\/wp-json\/wp\/v2\/comments?post=129161"}],"version-history":[{"count":0,"href":"https:\/\/senoticias.com.br\/se\/wp-json\/wp\/v2\/posts\/129161\/revisions"}],"wp:attachment":[{"href":"https:\/\/senoticias.com.br\/se\/wp-json\/wp\/v2\/media?parent=129161"}],"wp:term":[{"taxonomy":"category","embeddable":true,"href":"https:\/\/senoticias.com.br\/se\/wp-json\/wp\/v2\/categories?post=129161"},{"taxonomy":"post_tag","embeddable":true,"href":"https:\/\/senoticias.com.br\/se\/wp-json\/wp\/v2\/tags?post=129161"}],"curies":[{"name":"wp","href":"https:\/\/api.w.org\/{rel}","templated":true}]}}