{"id":129151,"date":"2021-08-03T18:58:08","date_gmt":"2021-08-03T21:58:08","guid":{"rendered":"https:\/\/senoticias.com.br\/se\/?p=129151"},"modified":"2021-08-03T19:14:48","modified_gmt":"2021-08-03T22:14:48","slug":"prefeitura-organiza-espacos-para-food-trucks-em-orlas-da-capital","status":"publish","type":"post","link":"https:\/\/senoticias.com.br\/se\/prefeitura-organiza-espacos-para-food-trucks-em-orlas-da-capital\/","title":{"rendered":"Prefeitura de Aracaju organiza espa\u00e7os para food trucks em orlas da capital"},"content":{"rendered":"\n<p>Por interm\u00e9dio da Empresa Municipal de Servi\u00e7os Urbanos (Emsurb), a Prefeitura de Aracaju iniciou a demarca\u00e7\u00e3o de vagas para food trucks nas \u00e1reas de estacionamentos das orlas da Atalaia e P\u00f4r do Sol Jornalista Cleomar Brandi, no Mosqueiro, importantes pontos tur\u00edsticos da capital sergipana.<\/p>\n\n\n\n<div class=\"wp-block-image\"><figure class=\"alignleft size-large\"><img loading=\"lazy\" decoding=\"async\" width=\"338\" height=\"450\" src=\"https:\/\/senoticias.com.br\/se\/wp-content\/uploads\/2021\/08\/Food-trucks-SE-Noticias.jpg\" alt=\"\" class=\"wp-image-129153\" srcset=\"https:\/\/senoticias.com.br\/se\/wp-content\/uploads\/2021\/08\/Food-trucks-SE-Noticias.jpg 338w, https:\/\/senoticias.com.br\/se\/wp-content\/uploads\/2021\/08\/Food-trucks-SE-Noticias-225x300.jpg 225w\" sizes=\"(max-width: 338px) 100vw, 338px\" \/><figcaption>A Emsurb iniciou a demarca\u00e7\u00e3o de vagas para food trucks nas \u00e1reas de estacionamentos das orlas da Atalaia e P\u00f4r do Sol &#8211; Foto:<\/figcaption><\/figure><\/div>\n\n\n\n<p>&#8220;Ap\u00f3s conclu\u00edrmos a sinaliza\u00e7\u00e3o dos locais e o processo de cadastramento os comerciantes j\u00e1 poder\u00e3o utilizar as vagas\u201d, informou o diretor de Orlas e Parques, Jos\u00e9 Olino de Castro.<\/p>\n\n\n\n<p>Segundo explicou o diretor, al\u00e9m de organizar o estacionamento e a disponibilidade de vagas nesses locais, a iniciativa visa promover o ordenamento desse tipo de atividade, tornando o consumo de alimentos nessas estruturas mais seguro para a popula\u00e7\u00e3o.<\/p>\n\n\n\n<p>A medida est\u00e1 baseada no cumprimento da Lei Municipal n\u00ba 4.820\/2016, que disp\u00f5e sobre o com\u00e9rcio de alimentos em logradouros, \u00e1reas e vias p\u00fablicas, ve\u00edculos automotores, tais como food trucks, trailers, furg\u00f5es e outros equipamentos similares. &#8220;Posteriormente, a a\u00e7\u00e3o ser\u00e1 ampliada para outras orlas, a exemplo do bairro Industrial&#8221;, reiterou Castro.<\/p>\n\n\n\n<p><strong>Cadastro<\/strong><\/p>\n\n\n\n<p>Os comerciantes que ainda n\u00e3o atuam conforme a legisla\u00e7\u00e3o, no \u00e2mbito das respectivas orlas, dever\u00e3o habilitar seus equipamentos por meio de um cadastro. Para isso, os propriet\u00e1rios dever\u00e3o se dirigir \u00e0 sede da Diretoria de Orlas e Parques da Emsurb, instalada no Centro de Arte e Cultura J. In\u00e1cio, na Orla da Atalaia, de segunda a sexta-feira, das 8h \u00e0s 12h e das 14h \u00e0s 17h.<\/p>\n\n\n\n<p>&#8220;Eles devem comparecer munidos de RG, CPF, comprovante de resid\u00eancia, cart\u00e3o de inscri\u00e7\u00e3o do CMC (Cadastro Municipal do Contribuinte), a licen\u00e7a ambiental concedida pela Secretaria Municipal do Meio Ambiente, o alvar\u00e1 sanit\u00e1rio expedido pela Vigil\u00e2ncia Sanit\u00e1ria do munic\u00edpio, al\u00e9m do termo da vistoria do equipamento utilizado, que pode ser com tra\u00e7\u00e3o pr\u00f3pria ou tracionado por outro ve\u00edculo, feita pela SMTT&#8221;, detalhou Jos\u00e9 Olino.<\/p>\n\n\n\n<p><em>Quer receber as principais not\u00edcias do&nbsp;<strong>SE Not\u00edcias<\/strong>&nbsp;no seu&nbsp;<strong>WhatsApp?<\/strong>&nbsp;<strong><a href=\"https:\/\/api.whatsapp.com\/send?phone=5579991715289\">Clique aqui<\/a><\/strong>.<\/em><\/p>\n\n\n\n<p><strong><em>Acompanhe tamb\u00e9m o SE Not\u00edcias no\u00a0<a rel=\"noreferrer noopener\" href=\"https:\/\/twitter.com\/Senoticias\" target=\"_blank\">Twitter<\/a>,\u00a0<a rel=\"noreferrer noopener\" href=\"https:\/\/www.facebook.com\/senoticias1\" target=\"_blank\">Facebook<\/a>\u00a0e no\u00a0<a rel=\"noreferrer noopener\" href=\"https:\/\/www.instagram.com\/senoticias\/\" target=\"_blank\">Instagram<\/a><\/em><\/strong><\/p>\n\n\n\n<p>Fonte: Assessoria de Comunica\u00e7\u00e3o \/ Emsurb<\/p>\n","protected":false},"excerpt":{"rendered":"<p>Por interm\u00e9dio da Empresa Municipal de Servi\u00e7os Urbanos (Emsurb), a Prefeitura de Aracaju iniciou a demarca\u00e7\u00e3o de vagas para food trucks nas \u00e1reas de estacionamentos das orlas da Atalaia e P\u00f4r do Sol Jornalista Cleomar Brandi, no Mosqueiro, importantes pontos tur\u00edsticos da capital sergipana. &#8220;Ap\u00f3s conclu\u00edrmos a sinaliza\u00e7\u00e3o dos locais e o processo de cadastramento [&hellip;]<\/p>\n","protected":false},"author":6557,"featured_media":0,"comment_status":"closed","ping_status":"closed","sticky":false,"template":"","format":"standard","meta":{"footnotes":""},"categories":[15,6,1],"tags":[9992,3078,7972,213],"class_list":{"0":"post-129151","1":"post","2":"type-post","3":"status-publish","4":"format-standard","6":"category-destaques","7":"category-politica","8":"category-sem-categoria","9":"tag-empresa-municipal-de-servicos-urbanos","10":"tag-emsurb","11":"tag-food-trucks","12":"tag-prefeitura-de-aracaju"},"_links":{"self":[{"href":"https:\/\/senoticias.com.br\/se\/wp-json\/wp\/v2\/posts\/129151"}],"collection":[{"href":"https:\/\/senoticias.com.br\/se\/wp-json\/wp\/v2\/posts"}],"about":[{"href":"https:\/\/senoticias.com.br\/se\/wp-json\/wp\/v2\/types\/post"}],"author":[{"embeddable":true,"href":"https:\/\/senoticias.com.br\/se\/wp-json\/wp\/v2\/users\/6557"}],"replies":[{"embeddable":true,"href":"https:\/\/senoticias.com.br\/se\/wp-json\/wp\/v2\/comments?post=129151"}],"version-history":[{"count":0,"href":"https:\/\/senoticias.com.br\/se\/wp-json\/wp\/v2\/posts\/129151\/revisions"}],"wp:attachment":[{"href":"https:\/\/senoticias.com.br\/se\/wp-json\/wp\/v2\/media?parent=129151"}],"wp:term":[{"taxonomy":"category","embeddable":true,"href":"https:\/\/senoticias.com.br\/se\/wp-json\/wp\/v2\/categories?post=129151"},{"taxonomy":"post_tag","embeddable":true,"href":"https:\/\/senoticias.com.br\/se\/wp-json\/wp\/v2\/tags?post=129151"}],"curies":[{"name":"wp","href":"https:\/\/api.w.org\/{rel}","templated":true}]}}