{"id":129127,"date":"2021-08-02T12:12:39","date_gmt":"2021-08-02T15:12:39","guid":{"rendered":"https:\/\/senoticias.com.br\/se\/?p=129127"},"modified":"2021-08-02T14:09:16","modified_gmt":"2021-08-02T17:09:16","slug":"policia-civil-prende-homem-que-se-passou-por-gerente-de-banco-e-furtou-r-300-mil-de-conta-bancaria","status":"publish","type":"post","link":"https:\/\/senoticias.com.br\/se\/policia-civil-prende-homem-que-se-passou-por-gerente-de-banco-e-furtou-r-300-mil-de-conta-bancaria\/","title":{"rendered":"Pol\u00edcia Civil prende homem que se passou por gerente de banco e furtou R$ 300 mil de conta banc\u00e1ria"},"content":{"rendered":"\n<p>A equipe da Delegacia de Defrauda\u00e7\u00f5es e Crimes Contra o Patrim\u00f4nio (DDCP) deu cumprimento ao mandado de pris\u00e3o de Robson Louren\u00e7o da Silva Junior, 44 anos. As investiga\u00e7\u00f5es apontaram que, enquanto trabalhava como caixa de uma institui\u00e7\u00e3o financeira, subtraiu\u00a0aproximadamente\u00a0R$ 300 mil da conta de uma cliente. <strong>A pris\u00e3o ocorreu na sexta-feira (30) e foi divulgada nesta segunda-feira (2)<\/strong>.<\/p>\n\n\n\n<figure class=\"wp-block-image size-large\"><img loading=\"lazy\" decoding=\"async\" width=\"576\" height=\"384\" src=\"https:\/\/senoticias.com.br\/se\/wp-content\/uploads\/2021\/08\/Policia-Civil-SE-Noticias.jpg\" alt=\"\" class=\"wp-image-129128\" srcset=\"https:\/\/senoticias.com.br\/se\/wp-content\/uploads\/2021\/08\/Policia-Civil-SE-Noticias.jpg 576w, https:\/\/senoticias.com.br\/se\/wp-content\/uploads\/2021\/08\/Policia-Civil-SE-Noticias-300x200.jpg 300w, https:\/\/senoticias.com.br\/se\/wp-content\/uploads\/2021\/08\/Policia-Civil-SE-Noticias-90x60.jpg 90w, https:\/\/senoticias.com.br\/se\/wp-content\/uploads\/2021\/08\/Policia-Civil-SE-Noticias-180x120.jpg 180w, https:\/\/senoticias.com.br\/se\/wp-content\/uploads\/2021\/08\/Policia-Civil-SE-Noticias-95x64.jpg 95w\" sizes=\"(max-width: 576px) 100vw, 576px\" \/><figcaption>Suspeito conseguiu confian\u00e7a da v\u00edtima, se apropriou do cart\u00e3o e de dados banc\u00e1rios da v\u00edtima &#8211; Foto: SSP\/SE<\/figcaption><\/figure>\n\n\n\n<p>De acordo com a <strong>delegada Suir\u00e1 Paim<\/strong>, o suspeito se passou por gerente e conseguiu a confian\u00e7a da v\u00edtima. \u201cDurante as investiga\u00e7\u00f5es, foi constatado que o indiv\u00edduo\u00a0trabalhava como caixa, se passando por gerente para se aproximar e adquirir a confian\u00e7a da v\u00edtima. Em seguida se apropriou do cart\u00e3o e de dados banc\u00e1rios da v\u00edtima. Mediante fraude, fornecendo extratos banc\u00e1rios falsos, furtou todo o dinheiro da conta\u201d, detalhou.<\/p>\n\n\n\n<p>A <strong>delegada Lauana Guedes<\/strong> explicou que as investiga\u00e7\u00f5es foram iniciadas logo ap\u00f3s o registro da ocorr\u00eancia pela v\u00edtima. \u201cO suspeito foi preso em cumprimento a mandado de pris\u00e3o preventiva expedido pela Vara Criminal de Nossa Senhora do Socorro pelo crime de furto qualificado. O inqu\u00e9rito policial teve in\u00edcio em 2020, ap\u00f3s a v\u00edtima registrar boletim de ocorr\u00eancia noticiando o furto de aproximadamente R$ 300 mil\u201d, complementou.<\/p>\n\n\n\n<p>A Pol\u00edcia Civil orienta que informa\u00e7\u00f5es e den\u00fancias sobre golpes sejam repassadas por meio do <strong>Disque-Den\u00fancia, no telefone 181<\/strong>. O sigilo do denunciante \u00e9 garantido. As v\u00edtimas tamb\u00e9m podem procurar o Departamento de Crimes Contra o Patrim\u00f4nio (Depatri) para o registro do boletim de ocorr\u00eancia.<\/p>\n\n\n\n<p><em>Quer receber as principais not\u00edcias do&nbsp;<strong>SE Not\u00edcias<\/strong>&nbsp;no seu&nbsp;<strong>WhatsApp?<\/strong>&nbsp;<strong><a href=\"https:\/\/api.whatsapp.com\/send?phone=5579991715289\">Clique aqui<\/a><\/strong>.<\/em><\/p>\n\n\n\n<p><strong><em>Acompanhe tamb\u00e9m o SE Not\u00edcias no\u00a0<a rel=\"noreferrer noopener\" href=\"https:\/\/twitter.com\/Senoticias\" target=\"_blank\">Twitter<\/a>,\u00a0<a rel=\"noreferrer noopener\" href=\"https:\/\/www.facebook.com\/senoticias1\" target=\"_blank\">Facebook<\/a>\u00a0e no\u00a0<a rel=\"noreferrer noopener\" href=\"https:\/\/www.instagram.com\/senoticias\/\" target=\"_blank\">Instagram<\/a><\/em><\/strong><\/p>\n\n\n\n<p>Fonte: SSP\/Se<\/p>\n","protected":false},"excerpt":{"rendered":"<p>A equipe da Delegacia de Defrauda\u00e7\u00f5es e Crimes Contra o Patrim\u00f4nio (DDCP) deu cumprimento ao mandado de pris\u00e3o de Robson Louren\u00e7o da Silva Junior, 44 anos. As investiga\u00e7\u00f5es apontaram que, enquanto trabalhava como caixa de uma institui\u00e7\u00e3o financeira, subtraiu\u00a0aproximadamente\u00a0R$ 300 mil da conta de uma cliente. A pris\u00e3o ocorreu na sexta-feira (30) e foi divulgada [&hellip;]<\/p>\n","protected":false},"author":6557,"featured_media":0,"comment_status":"closed","ping_status":"closed","sticky":false,"template":"","format":"standard","meta":{"footnotes":""},"categories":[15,7,1],"tags":[34706,34707,78],"class_list":{"0":"post-129127","1":"post","2":"type-post","3":"status-publish","4":"format-standard","6":"category-destaques","7":"category-policia","8":"category-sem-categoria","9":"tag-fraudes-bancarias","10":"tag-furtou-r-300-mil-de-conta-bancaria","11":"tag-policia-civil"},"_links":{"self":[{"href":"https:\/\/senoticias.com.br\/se\/wp-json\/wp\/v2\/posts\/129127"}],"collection":[{"href":"https:\/\/senoticias.com.br\/se\/wp-json\/wp\/v2\/posts"}],"about":[{"href":"https:\/\/senoticias.com.br\/se\/wp-json\/wp\/v2\/types\/post"}],"author":[{"embeddable":true,"href":"https:\/\/senoticias.com.br\/se\/wp-json\/wp\/v2\/users\/6557"}],"replies":[{"embeddable":true,"href":"https:\/\/senoticias.com.br\/se\/wp-json\/wp\/v2\/comments?post=129127"}],"version-history":[{"count":0,"href":"https:\/\/senoticias.com.br\/se\/wp-json\/wp\/v2\/posts\/129127\/revisions"}],"wp:attachment":[{"href":"https:\/\/senoticias.com.br\/se\/wp-json\/wp\/v2\/media?parent=129127"}],"wp:term":[{"taxonomy":"category","embeddable":true,"href":"https:\/\/senoticias.com.br\/se\/wp-json\/wp\/v2\/categories?post=129127"},{"taxonomy":"post_tag","embeddable":true,"href":"https:\/\/senoticias.com.br\/se\/wp-json\/wp\/v2\/tags?post=129127"}],"curies":[{"name":"wp","href":"https:\/\/api.w.org\/{rel}","templated":true}]}}