{"id":129101,"date":"2021-07-31T19:58:10","date_gmt":"2021-07-31T22:58:10","guid":{"rendered":"https:\/\/senoticias.com.br\/se\/?p=129101"},"modified":"2021-07-31T19:58:19","modified_gmt":"2021-07-31T22:58:19","slug":"apos-fortes-rajadas-de-vento-defesa-civil-segue-em-alerta-na-capital","status":"publish","type":"post","link":"https:\/\/senoticias.com.br\/se\/apos-fortes-rajadas-de-vento-defesa-civil-segue-em-alerta-na-capital\/","title":{"rendered":"Ap\u00f3s fortes rajadas de vento, Defesa Civil segue em alerta na capital"},"content":{"rendered":"\n<p>Como estava previsto e foi alertado pela Defesa Civil de Aracaju, este s\u00e1bado, 31, foi marcado por pancadas de chuvas na capital, acompanhadas por rajadas de vento que mantiveram a equipe de monitoramento da Prefeitura em alerta.<\/p>\n\n\n\n<figure class=\"wp-block-image size-large\"><img loading=\"lazy\" decoding=\"async\" width=\"550\" height=\"332\" src=\"https:\/\/senoticias.com.br\/se\/wp-content\/uploads\/2021\/07\/Tempo-nublado-SE-Noticias.jpg\" alt=\"\" class=\"wp-image-129102\" srcset=\"https:\/\/senoticias.com.br\/se\/wp-content\/uploads\/2021\/07\/Tempo-nublado-SE-Noticias.jpg 550w, https:\/\/senoticias.com.br\/se\/wp-content\/uploads\/2021\/07\/Tempo-nublado-SE-Noticias-300x181.jpg 300w\" sizes=\"(max-width: 550px) 100vw, 550px\" \/><figcaption>At\u00e9 o in\u00edcio da tarde deste s\u00e1bado, 31, n\u00e3o foi registrada nenhuma ocorr\u00eancia (Foto: Ascom\/Emsurb)<\/figcaption><\/figure>\n\n\n\n<p>De acordo com o major S\u00edlvio Prado, coordenador da Defesa Civil, a chuva est\u00e1 dentro do esperado, o que tem causado maior preocupa\u00e7\u00e3o s\u00e3o os ventos fortes. \u201cEstamos monitorando e em alguns pontos da cidade os ventos ultrapassaram 50 km por hora, com previs\u00e3o de que possam atingir at\u00e9 60 km\u201d, comenta.<\/p>\n\n\n\n<p>A for\u00e7a-tarefa composta pela Defesa Civil de Aracaju, Empresa Municipal e Servi\u00e7os Urbanos (Emsurb) e Superintend\u00eancia Municipal de Transporte e Tr\u00e2nsito (SMTT) est\u00e1 de prontid\u00e3o para atuar em casos de emerg\u00eancia. At\u00e9 o in\u00edcio da tarde, n\u00e3o foi registrada nenhuma ocorr\u00eancia.<\/p>\n\n\n\n<p>Diante de situa\u00e7\u00f5es de poss\u00edveis riscos, como queda de \u00e1rvores, pontos de alagamento e rachaduras nas resid\u00eancias, a popula\u00e7\u00e3o deve acionar a Defesa Civil de Aracaju atrav\u00e9s do n\u00famero emergencial 199, que funciona 24h.<\/p>\n\n\n\n<p><em>Quer receber as principais not\u00edcias do&nbsp;<strong>SE Not\u00edcias<\/strong>&nbsp;no seu&nbsp;<strong>WhatsApp?<\/strong>&nbsp;<strong><a href=\"https:\/\/api.whatsapp.com\/send?phone=5579991715289\">Clique aqui<\/a><\/strong>.<\/em><\/p>\n\n\n\n<p><strong><em>Acompanhe tamb\u00e9m o SE Not\u00edcias no&nbsp;<a rel=\"noreferrer noopener\" href=\"https:\/\/twitter.com\/Senoticias\" target=\"_blank\">Twitter<\/a>,&nbsp;<a rel=\"noreferrer noopener\" href=\"https:\/\/www.facebook.com\/senoticias1\" target=\"_blank\">Facebook<\/a>&nbsp;e no&nbsp;<a rel=\"noreferrer noopener\" href=\"https:\/\/www.instagram.com\/senoticias\/\" target=\"_blank\">Instagram<\/a><\/em><\/strong><\/p>\n\n\n\n<p>Fonte: PMA<\/p>\n","protected":false},"excerpt":{"rendered":"<p>Como estava previsto e foi alertado pela Defesa Civil de Aracaju, este s\u00e1bado, 31, foi marcado por pancadas de chuvas na capital, acompanhadas por rajadas de vento que mantiveram a equipe de monitoramento da Prefeitura em alerta. De acordo com o major S\u00edlvio Prado, coordenador da Defesa Civil, a chuva est\u00e1 dentro do esperado, o [&hellip;]<\/p>\n","protected":false},"author":6557,"featured_media":0,"comment_status":"closed","ping_status":"closed","sticky":false,"template":"","format":"standard","meta":{"footnotes":""},"categories":[15,6],"tags":[6314,34699,3753,213,12625],"class_list":{"0":"post-129101","1":"post","2":"type-post","3":"status-publish","4":"format-standard","6":"category-destaques","7":"category-politica","8":"tag-defesa-civil","9":"tag-fortes-rajadas-de-vento","10":"tag-mau-tempo","11":"tag-prefeitura-de-aracaju","12":"tag-ventos-fortes"},"_links":{"self":[{"href":"https:\/\/senoticias.com.br\/se\/wp-json\/wp\/v2\/posts\/129101"}],"collection":[{"href":"https:\/\/senoticias.com.br\/se\/wp-json\/wp\/v2\/posts"}],"about":[{"href":"https:\/\/senoticias.com.br\/se\/wp-json\/wp\/v2\/types\/post"}],"author":[{"embeddable":true,"href":"https:\/\/senoticias.com.br\/se\/wp-json\/wp\/v2\/users\/6557"}],"replies":[{"embeddable":true,"href":"https:\/\/senoticias.com.br\/se\/wp-json\/wp\/v2\/comments?post=129101"}],"version-history":[{"count":0,"href":"https:\/\/senoticias.com.br\/se\/wp-json\/wp\/v2\/posts\/129101\/revisions"}],"wp:attachment":[{"href":"https:\/\/senoticias.com.br\/se\/wp-json\/wp\/v2\/media?parent=129101"}],"wp:term":[{"taxonomy":"category","embeddable":true,"href":"https:\/\/senoticias.com.br\/se\/wp-json\/wp\/v2\/categories?post=129101"},{"taxonomy":"post_tag","embeddable":true,"href":"https:\/\/senoticias.com.br\/se\/wp-json\/wp\/v2\/tags?post=129101"}],"curies":[{"name":"wp","href":"https:\/\/api.w.org\/{rel}","templated":true}]}}