{"id":129093,"date":"2021-07-31T13:27:21","date_gmt":"2021-07-31T16:27:21","guid":{"rendered":"https:\/\/senoticias.com.br\/se\/?p=129093"},"modified":"2021-07-31T13:49:28","modified_gmt":"2021-07-31T16:49:28","slug":"marinha-emite-alerta-para-frente-fria-e-ondas-de-ate-4-metros-em-sergipe","status":"publish","type":"post","link":"https:\/\/senoticias.com.br\/se\/marinha-emite-alerta-para-frente-fria-e-ondas-de-ate-4-metros-em-sergipe\/","title":{"rendered":"Marinha emite alerta para frente fria e ondas de at\u00e9 4 metros em Sergipe"},"content":{"rendered":"\n<p>A Marinha do Brasil, por meio do Centro de Hidrografia da Marinha (CHM), participa que a passagem de uma frente fria poder\u00e1 ocasionar agita\u00e7\u00e3o mar\u00edtima, com ondas, em alto-mar, de dire\u00e7\u00e3o Sudoeste a Sul, com at\u00e9 3,5 metros de altura, na faixa litor\u00e2nea entre os estados do Rio de Janeiro, ao norte de Arraial do Cabo, do Esp\u00edrito Santo e da Bahia, ao sul de Caravelas, entre as noites de 31 de julho e de 1\u00b0 de agosto.<\/p>\n\n\n\n<figure class=\"wp-block-image size-large\"><img loading=\"lazy\" decoding=\"async\" width=\"1024\" height=\"681\" src=\"https:\/\/senoticias.com.br\/se\/wp-content\/uploads\/2016\/08\/Marinha-do-Brasil-SE-Noticias-1024x681.jpg\" alt=\"\" class=\"wp-image-95569\"\/><figcaption>Marinha emite alerta para frente fria em Sergipe. (Foto: arquivo\/ SE Not\u00edcias)<\/figcaption><\/figure>\n\n\n\n<p>O avan\u00e7o do mesmo sistema meteorol\u00f3gico poder\u00e1 provocar ondas, em alto-mar, de dire\u00e7\u00e3o Sul a Sudeste, com at\u00e9 4,0 metros de altura, entre os estados da Bahia, ao norte de Salvador, de Sergipe, de Alagoas, de Pernambuco, da Para\u00edba e do Rio Grande do Norte, ao sul de Natal, entre a noite de 30 de julho e a manh\u00e3 do dia 2 de agosto. Al\u00e9m disso, h\u00e1 condi\u00e7\u00f5es favor\u00e1veis \u00e0 ocorr\u00eancia de ressaca, com ondas de dire\u00e7\u00e3o Sudeste a Leste, com at\u00e9 3,0 metros de altura, na faixa litor\u00e2nea entre os estados da Bahia, ao norte de Salvador, de Sergipe, de Alagoas e de Pernambuco, ao sul Recife, entre a noite de 31 de julho e manh\u00e3 do dia 2 de agosto.<\/p>\n\n\n\n<p>A Marinha do Brasil mant\u00e9m todos os avisos de mau tempo em seu site. Adicionalmente, as informa\u00e7\u00f5es meteorol\u00f3gicas podem ser visualizadas na p\u00e1gina do Servi\u00e7o Meteorol\u00f3gico Marinho no Facebook, e por meio do aplicativo \u201cBoletim ao Mar\u201d, dispon\u00edvel para download na internet, tanto para o sistema Android quanto para iOS, desenvolvido em parceria entre a Marinha do Brasil e o RUMAR \u2013 Instituto Rumo ao Mar. Alerta-se aos navegantes que consultem essas informa\u00e7\u00f5es antes de se fazerem ao mar e solicita-se ampla divulga\u00e7\u00e3o \u00e0s comunidades de pesca e esporte e recreio.<\/p>\n\n\n\n<p><em>Quer receber as principais not\u00edcias do&nbsp;<strong>SE Not\u00edcias<\/strong>&nbsp;no seu&nbsp;<strong>WhatsApp?<\/strong>&nbsp;<strong><a href=\"https:\/\/api.whatsapp.com\/send?phone=5579991715289\">Clique aqui<\/a><\/strong>.<\/em><\/p>\n\n\n\n<p><strong><em>Acompanhe tamb\u00e9m o SE Not\u00edcias no&nbsp;<a rel=\"noreferrer noopener\" href=\"https:\/\/twitter.com\/Senoticias\" target=\"_blank\">Twitter<\/a>,&nbsp;<a rel=\"noreferrer noopener\" href=\"https:\/\/www.facebook.com\/senoticias1\" target=\"_blank\">Facebook<\/a>&nbsp;e no&nbsp;<a rel=\"noreferrer noopener\" href=\"https:\/\/www.instagram.com\/senoticias\/\" target=\"_blank\">Instagram<\/a><\/em><\/strong>.<\/p>\n\n\n\n<p>Fonte: Marinha do Brasil<\/p>\n","protected":false},"excerpt":{"rendered":"<p>A Marinha do Brasil, por meio do Centro de Hidrografia da Marinha (CHM), participa que a passagem de uma frente fria poder\u00e1 ocasionar agita\u00e7\u00e3o mar\u00edtima, com ondas, em alto-mar, de dire\u00e7\u00e3o Sudoeste a Sul, com at\u00e9 3,5 metros de altura, na faixa litor\u00e2nea entre os estados do Rio de Janeiro, ao norte de Arraial do [&hellip;]<\/p>\n","protected":false},"author":6557,"featured_media":0,"comment_status":"closed","ping_status":"closed","sticky":false,"template":"","format":"standard","meta":{"footnotes":""},"categories":[15,6,1],"tags":[34695,5605,3753],"class_list":{"0":"post-129093","1":"post","2":"type-post","3":"status-publish","4":"format-standard","6":"category-destaques","7":"category-politica","8":"category-sem-categoria","9":"tag-frente-fria-em-sergipe","10":"tag-marinha-do-brasil","11":"tag-mau-tempo"},"_links":{"self":[{"href":"https:\/\/senoticias.com.br\/se\/wp-json\/wp\/v2\/posts\/129093"}],"collection":[{"href":"https:\/\/senoticias.com.br\/se\/wp-json\/wp\/v2\/posts"}],"about":[{"href":"https:\/\/senoticias.com.br\/se\/wp-json\/wp\/v2\/types\/post"}],"author":[{"embeddable":true,"href":"https:\/\/senoticias.com.br\/se\/wp-json\/wp\/v2\/users\/6557"}],"replies":[{"embeddable":true,"href":"https:\/\/senoticias.com.br\/se\/wp-json\/wp\/v2\/comments?post=129093"}],"version-history":[{"count":0,"href":"https:\/\/senoticias.com.br\/se\/wp-json\/wp\/v2\/posts\/129093\/revisions"}],"wp:attachment":[{"href":"https:\/\/senoticias.com.br\/se\/wp-json\/wp\/v2\/media?parent=129093"}],"wp:term":[{"taxonomy":"category","embeddable":true,"href":"https:\/\/senoticias.com.br\/se\/wp-json\/wp\/v2\/categories?post=129093"},{"taxonomy":"post_tag","embeddable":true,"href":"https:\/\/senoticias.com.br\/se\/wp-json\/wp\/v2\/tags?post=129093"}],"curies":[{"name":"wp","href":"https:\/\/api.w.org\/{rel}","templated":true}]}}