{"id":129089,"date":"2021-07-30T12:45:43","date_gmt":"2021-07-30T15:45:43","guid":{"rendered":"https:\/\/senoticias.com.br\/se\/?p=129089"},"modified":"2021-07-30T12:49:55","modified_gmt":"2021-07-30T15:49:55","slug":"governo-e-ambev-realizam-visita-tecnica-no-porto-de-sergipe","status":"publish","type":"post","link":"https:\/\/senoticias.com.br\/se\/governo-e-ambev-realizam-visita-tecnica-no-porto-de-sergipe\/","title":{"rendered":"Governo e Ambev realizam visita t\u00e9cnica no Porto de Sergipe"},"content":{"rendered":"\n<p>Uma comitiva formada por gestores da Secretaria de Estado do Desenvolvimento Econ\u00f4mico, Ci\u00eancia e Tecnologia (Sedetec) e da Companhia de Desenvolvimento Econ\u00f4mico de Sergipe (Codise), acompanharam diretores da Ambev em Sergipe em uma visita ao Terminal Mar\u00edtimo In\u00e1cio Barbosa (TMIB). No local, a comitiva foi recepcionada por gestores da VLI Log\u00edstica, empresa respons\u00e1vel pelo Porto, que os&nbsp; acompanharam para conhecer as instala\u00e7\u00f5es e estudar a viabilidade da implanta\u00e7\u00e3o de um Polo de Malte no estado.<\/p>\n\n\n\n<figure class=\"wp-block-image size-large\"><img loading=\"lazy\" decoding=\"async\" width=\"567\" height=\"378\" src=\"https:\/\/senoticias.com.br\/se\/wp-content\/uploads\/2021\/07\/Visita-ao-Porto-de-Sergipe-SE-Noticias.jpeg\" alt=\"\" class=\"wp-image-129090\" srcset=\"https:\/\/senoticias.com.br\/se\/wp-content\/uploads\/2021\/07\/Visita-ao-Porto-de-Sergipe-SE-Noticias.jpeg 567w, https:\/\/senoticias.com.br\/se\/wp-content\/uploads\/2021\/07\/Visita-ao-Porto-de-Sergipe-SE-Noticias-300x200.jpeg 300w, https:\/\/senoticias.com.br\/se\/wp-content\/uploads\/2021\/07\/Visita-ao-Porto-de-Sergipe-SE-Noticias-90x60.jpeg 90w, https:\/\/senoticias.com.br\/se\/wp-content\/uploads\/2021\/07\/Visita-ao-Porto-de-Sergipe-SE-Noticias-180x120.jpeg 180w, https:\/\/senoticias.com.br\/se\/wp-content\/uploads\/2021\/07\/Visita-ao-Porto-de-Sergipe-SE-Noticias-95x64.jpeg 95w\" sizes=\"(max-width: 567px) 100vw, 567px\" \/><figcaption>Encontro tratou de pontos para a poss\u00edvel instala\u00e7\u00e3o de um Polo de Malte no estado &#8211; Foto: ascom\/ASN<\/figcaption><\/figure>\n\n\n\n<p>Durante o encontro, foram debatidas formas de realizar a implanta\u00e7\u00e3o, bem como o planejamento de novos encontros para discutir a log\u00edstica e at\u00e9 mesmo expandir a instala\u00e7\u00e3o para a participa\u00e7\u00e3o de demais parceiros interessados.<\/p>\n\n\n\n<p>De acordo com o secret\u00e1rio Jos\u00e9 Augusto Carvalho, a visita, al\u00e9m de apresentar a estrutura do Porto aos gestores da Ambev, objetivou observar como seria uma poss\u00edvel opera\u00e7\u00e3o. &#8220;Queremos estreitar as rela\u00e7\u00f5es para estabelecer uma parceria entre as empresas, afinal, a cria\u00e7\u00e3o de Polo de Malte \u00e9 uma grande oportunidade para Sergipe, visto que abastecer\u00edamos todo o Nordeste e o Brasil com o malte produzido aqui em no Estado&#8221;, disse.<\/p>\n\n\n\n<p>J\u00e1 o presidente da Codise, Jos\u00e9 Matos, informou que a reuni\u00e3o abre portas para um &#8220;marco important\u00edssimo para o estado, pois com a implanta\u00e7\u00e3o do Polo, Sergipe ter\u00e1 um crescimento significativo, tanto na gera\u00e7\u00e3o de novos empregos, quanto na economia&#8221;.<\/p>\n\n\n\n<p>Para o gerente comercial da VLI, \u00cdtalo Le\u00e3o, &#8220;\u00e9 gratificante debater com Governo e empresas formas de colaborar com o desenvolvimento cont\u00ednuo do Sergipe e prestar nossa contribui\u00e7\u00e3o nesse sentido, por meio das atividades que a VLI realiza no Estado.&#8221;<\/p>\n\n\n\n<p>Participaram da visita, al\u00e9m do Jos\u00e9 Augusto Carvalho, e do presidente da Codise, Jos\u00e9 Matos, o diretor t\u00e9cnico da Codise, Abner Melo, o gerente regional da Ambev, M\u00e1rio Marques, o rela\u00e7\u00f5es institucionais, Lucas Baggi, e o gerente de Finan\u00e7as, Mozart Greco Vila Nova. Representando a VLI estavam o rela\u00e7\u00f5es institucionais, Elias Rezende.<\/p>\n\n\n\n<p><em>Quer receber as principais not\u00edcias do&nbsp;<strong>SE Not\u00edcias<\/strong>&nbsp;no seu&nbsp;<strong>WhatsApp?<\/strong>&nbsp;<strong><a href=\"https:\/\/api.whatsapp.com\/send?phone=5579991715289\">Clique aqui<\/a><\/strong>.<\/em><\/p>\n\n\n\n<p><strong><em>Acompanhe tamb\u00e9m o SE Not\u00edcias no\u00a0<a rel=\"noreferrer noopener\" href=\"https:\/\/twitter.com\/Senoticias\" target=\"_blank\">Twitter<\/a>,\u00a0<a rel=\"noreferrer noopener\" href=\"https:\/\/www.facebook.com\/senoticias1\" target=\"_blank\">Facebook<\/a>\u00a0e no\u00a0<a rel=\"noreferrer noopener\" href=\"https:\/\/www.instagram.com\/senoticias\/\" target=\"_blank\">Instagram<\/a><\/em><\/strong>.<\/p>\n\n\n\n<p>Fonte: Ag\u00eancia Sergipe de Not\u00edcias<\/p>\n","protected":false},"excerpt":{"rendered":"<p>Uma comitiva formada por gestores da Secretaria de Estado do Desenvolvimento Econ\u00f4mico, Ci\u00eancia e Tecnologia (Sedetec) e da Companhia de Desenvolvimento Econ\u00f4mico de Sergipe (Codise), acompanharam diretores da Ambev em Sergipe em uma visita ao Terminal Mar\u00edtimo In\u00e1cio Barbosa (TMIB). No local, a comitiva foi recepcionada por gestores da VLI Log\u00edstica, empresa respons\u00e1vel pelo Porto, [&hellip;]<\/p>\n","protected":false},"author":6557,"featured_media":0,"comment_status":"closed","ping_status":"closed","sticky":false,"template":"","format":"standard","meta":{"footnotes":""},"categories":[15,6,1],"tags":[16045,5041,4493],"class_list":{"0":"post-129089","1":"post","2":"type-post","3":"status-publish","4":"format-standard","6":"category-destaques","7":"category-politica","8":"category-sem-categoria","9":"tag-ambev","10":"tag-porto-de-sergipe","11":"tag-sedetec"},"_links":{"self":[{"href":"https:\/\/senoticias.com.br\/se\/wp-json\/wp\/v2\/posts\/129089"}],"collection":[{"href":"https:\/\/senoticias.com.br\/se\/wp-json\/wp\/v2\/posts"}],"about":[{"href":"https:\/\/senoticias.com.br\/se\/wp-json\/wp\/v2\/types\/post"}],"author":[{"embeddable":true,"href":"https:\/\/senoticias.com.br\/se\/wp-json\/wp\/v2\/users\/6557"}],"replies":[{"embeddable":true,"href":"https:\/\/senoticias.com.br\/se\/wp-json\/wp\/v2\/comments?post=129089"}],"version-history":[{"count":0,"href":"https:\/\/senoticias.com.br\/se\/wp-json\/wp\/v2\/posts\/129089\/revisions"}],"wp:attachment":[{"href":"https:\/\/senoticias.com.br\/se\/wp-json\/wp\/v2\/media?parent=129089"}],"wp:term":[{"taxonomy":"category","embeddable":true,"href":"https:\/\/senoticias.com.br\/se\/wp-json\/wp\/v2\/categories?post=129089"},{"taxonomy":"post_tag","embeddable":true,"href":"https:\/\/senoticias.com.br\/se\/wp-json\/wp\/v2\/tags?post=129089"}],"curies":[{"name":"wp","href":"https:\/\/api.w.org\/{rel}","templated":true}]}}