{"id":129079,"date":"2021-07-29T20:15:23","date_gmt":"2021-07-29T23:15:23","guid":{"rendered":"https:\/\/senoticias.com.br\/se\/?p=129079"},"modified":"2021-07-29T21:11:02","modified_gmt":"2021-07-30T00:11:02","slug":"governo-de-sergipe-anuncia-reducao-do-toque-de-recolher","status":"publish","type":"post","link":"https:\/\/senoticias.com.br\/se\/governo-de-sergipe-anuncia-reducao-do-toque-de-recolher\/","title":{"rendered":"Governo de Sergipe anuncia redu\u00e7\u00e3o do toque de recolher"},"content":{"rendered":"\n<p>O governo do Estado decretou, ap\u00f3s reuni\u00e3o semipresencial do Comit\u00ea T\u00e9cnico-Cient\u00edfico e de Atividades Especiais (Ctcae) com o governador Belivaldo Chagas nesta quinta-feira (29), a perman\u00eancia do toque de recolher, mas com a redu\u00e7\u00e3o do hor\u00e1rio, da 0h \u00e0s 5h do dia subsequente, nas sextas-feiras e s\u00e1bados em todo o estado. A medida vai passar a valer a&nbsp;partir desta sexta-feira, de 30 de julho.&nbsp;<\/p>\n\n\n\n<figure class=\"wp-block-image size-large\"><img loading=\"lazy\" decoding=\"async\" width=\"576\" height=\"400\" src=\"https:\/\/senoticias.com.br\/se\/wp-content\/uploads\/2021\/07\/Governador-Belivaldo-Chagas-SE-Noticias.jpg\" alt=\"\" class=\"wp-image-129080\" srcset=\"https:\/\/senoticias.com.br\/se\/wp-content\/uploads\/2021\/07\/Governador-Belivaldo-Chagas-SE-Noticias.jpg 576w, https:\/\/senoticias.com.br\/se\/wp-content\/uploads\/2021\/07\/Governador-Belivaldo-Chagas-SE-Noticias-300x208.jpg 300w\" sizes=\"(max-width: 576px) 100vw, 576px\" \/><figcaption>Comit\u00ea T\u00e9cnico-Cient\u00edfico reduz o hor\u00e1rio do toque de recolher &#8211; Foto: Arthuro Paganini\/ASN<\/figcaption><\/figure>\n\n\n\n<p>Belivaldo frisou a import\u00e2ncia e o objetivo da decis\u00e3o em face do cen\u00e1rio da pandemia. \u201cO toque de recolher nas sextas e s\u00e1bados tamb\u00e9m tem nos ajudado a reduzir o n\u00famero de acidentados em busca de leitos no estado, que costumam se avolumar nestes dias, al\u00e9m da redu\u00e7\u00e3o dos n\u00fameros da Seguran\u00e7a P\u00fablica\u201d, frisou o chefe do executivo estadual.<\/p>\n\n\n\n<p>Em virtude das variantes da Covid-19 em circula\u00e7\u00e3o, ficam mantidas as restri\u00e7\u00f5es e proibi\u00e7\u00f5es das atividades n\u00e3o essenciais como shows, baladas e micaretas. Os estabelecimentos autorizados a abrir devem fechar at\u00e9 no m\u00e1ximo 23h, para permitir o deslocamento de todos at\u00e9 suas casas.<\/p>\n\n\n\n<p>As decis\u00f5es foram tomadas em virtude da redu\u00e7\u00e3o da m\u00e9dia di\u00e1ria de novos casos e da taxa de positividade, que atingiram o menor valor desde novembro de 2020. O Ctcae considerou, para a decis\u00e3o de flexibilidade do toque de recolher, a queda das interna\u00e7\u00f5es que tem m\u00e9dia di\u00e1ria de 198, atingindo o menor patamar desde outubro de 2020. Outro dado apontado foi a redu\u00e7\u00e3o, nos \u00faltimos 14 dias, das interna\u00e7\u00f5es totais, atingindo 38,5%, sendo 38% nas UTIs e 39% nas enfermarias.&nbsp;<\/p>\n\n\n\n<p>O Comit\u00ea analisou, ainda, a m\u00e9dia di\u00e1ria de \u00f3bitos, que chegou ao menor patamar desde maio e novembro de 2020. Pontuou tamb\u00e9m a popula\u00e7\u00e3o vacinada em Sergipe, que atingiu 44,95% para a 1\u00aa e 15,55% para a 2\u00aa dose. Nos \u00faltimos 14 dias houve avan\u00e7o de 28,7% na 2\u00aa dose dos idosos de 60 a 69 anos.<\/p>\n\n\n\n<p>Conforme informa\u00e7\u00f5es da Secretaria de Estado da Sa\u00fade (SES), divulgada nesta quarta-feira (28), 1.003.305 pessoas j\u00e1 receberam a primeira dose da vacina em Sergipe, 321.611 tamb\u00e9m receberam a segunda dose, completando a imuniza\u00e7\u00e3o, assim como outras 38.916 pessoas que receberam a aplica\u00e7\u00e3o do imunizante de dose \u00fanica. O boletim epidemiol\u00f3gico do coronav\u00edrus, ainda, apresentou 180 casos e duas mortes confirmadas que estavam em investiga\u00e7\u00e3o.<\/p>\n\n\n\n<p><em>Quer receber as principais not\u00edcias do&nbsp;<strong>SE Not\u00edcias<\/strong>&nbsp;no seu&nbsp;<strong>WhatsApp?<\/strong>&nbsp;<strong><a href=\"https:\/\/api.whatsapp.com\/send?phone=5579991715289\">Clique aqui<\/a><\/strong>.<\/em><\/p>\n\n\n\n<p><strong><em>Acompanhe tamb\u00e9m o SE Not\u00edcias no\u00a0<a rel=\"noreferrer noopener\" href=\"https:\/\/twitter.com\/Senoticias\" target=\"_blank\">Twitter<\/a>,\u00a0<a rel=\"noreferrer noopener\" href=\"https:\/\/www.facebook.com\/senoticias1\" target=\"_blank\">Facebook<\/a>\u00a0e no\u00a0<a rel=\"noreferrer noopener\" href=\"https:\/\/www.instagram.com\/senoticias\/\" target=\"_blank\">Instagram<\/a><\/em><\/strong>.<\/p>\n\n\n\n<p>Fonte: Ag\u00eancia Sergipe de Not\u00edcias<\/p>\n","protected":false},"excerpt":{"rendered":"<p>O governo do Estado decretou, ap\u00f3s reuni\u00e3o semipresencial do Comit\u00ea T\u00e9cnico-Cient\u00edfico e de Atividades Especiais (Ctcae) com o governador Belivaldo Chagas nesta quinta-feira (29), a perman\u00eancia do toque de recolher, mas com a redu\u00e7\u00e3o do hor\u00e1rio, da 0h \u00e0s 5h do dia subsequente, nas sextas-feiras e s\u00e1bados em todo o estado. A medida vai passar [&hellip;]<\/p>\n","protected":false},"author":6557,"featured_media":0,"comment_status":"closed","ping_status":"closed","sticky":false,"template":"","format":"standard","meta":{"footnotes":""},"categories":[15,6,1],"tags":[16992,14279,448,14369,6385],"class_list":{"0":"post-129079","1":"post","2":"type-post","3":"status-publish","4":"format-standard","6":"category-destaques","7":"category-politica","8":"category-sem-categoria","9":"tag-comite-tecnico-cientifico","10":"tag-covid19","11":"tag-governo-de-sergipe","12":"tag-pandemia","13":"tag-secretaria-de-estado-da-saude"},"_links":{"self":[{"href":"https:\/\/senoticias.com.br\/se\/wp-json\/wp\/v2\/posts\/129079"}],"collection":[{"href":"https:\/\/senoticias.com.br\/se\/wp-json\/wp\/v2\/posts"}],"about":[{"href":"https:\/\/senoticias.com.br\/se\/wp-json\/wp\/v2\/types\/post"}],"author":[{"embeddable":true,"href":"https:\/\/senoticias.com.br\/se\/wp-json\/wp\/v2\/users\/6557"}],"replies":[{"embeddable":true,"href":"https:\/\/senoticias.com.br\/se\/wp-json\/wp\/v2\/comments?post=129079"}],"version-history":[{"count":0,"href":"https:\/\/senoticias.com.br\/se\/wp-json\/wp\/v2\/posts\/129079\/revisions"}],"wp:attachment":[{"href":"https:\/\/senoticias.com.br\/se\/wp-json\/wp\/v2\/media?parent=129079"}],"wp:term":[{"taxonomy":"category","embeddable":true,"href":"https:\/\/senoticias.com.br\/se\/wp-json\/wp\/v2\/categories?post=129079"},{"taxonomy":"post_tag","embeddable":true,"href":"https:\/\/senoticias.com.br\/se\/wp-json\/wp\/v2\/tags?post=129079"}],"curies":[{"name":"wp","href":"https:\/\/api.w.org\/{rel}","templated":true}]}}