{"id":129064,"date":"2021-07-28T19:15:11","date_gmt":"2021-07-28T22:15:11","guid":{"rendered":"https:\/\/senoticias.com.br\/se\/?p=129064"},"modified":"2021-07-28T19:39:10","modified_gmt":"2021-07-28T22:39:10","slug":"governo-de-sergipe-realiza-reuniao-nesta-quinta-feira-29-para-decidir-novo-decreto","status":"publish","type":"post","link":"https:\/\/senoticias.com.br\/se\/governo-de-sergipe-realiza-reuniao-nesta-quinta-feira-29-para-decidir-novo-decreto\/","title":{"rendered":"Governo de Sergipe realiza reuni\u00e3o nesta quinta-feira (29) para decidir novo decreto"},"content":{"rendered":"\n<p>Nesta quinta-feira, 29, o governador Belivaldo Chagas se re\u00fane com o Comit\u00ea T\u00e9cnico-Cient\u00edfico e de Atividades Especiais para decidir novas medidas restritivas para Sergipe.<\/p>\n\n\n\n<figure class=\"wp-block-image size-large\"><img decoding=\"async\" src=\"https:\/\/senoticias.com.br\/se\/wp-content\/uploads\/2021\/07\/Belivaldo-Chagas-Se-Noticias-1.jpg\" alt=\"\" class=\"wp-image-129065\"\/><figcaption>Governador Belivaldo Chagas &#8211; Foto: arquivo\/ASN<\/figcaption><\/figure>\n\n\n\n<p>A reuni\u00e3o acontece \u00e0 tarde, por volta das 15h. Durante o encontro \u00e9 levado em conta o cen\u00e1rio atual da doen\u00e7a no estado, ou seja, n\u00famero de novos casos, taxa de internamentos e de mortes por covid-19.<\/p>\n\n\n\n<p>Participam do comit\u00ea, al\u00e9m do governador, secret\u00e1rios estaduais, especialistas em sa\u00fade, empres\u00e1rios e representantes dos mun\u00edcipios.<\/p>\n\n\n\n<p><em>Quer receber as principais not\u00edcias do&nbsp;<strong>SE Not\u00edcias<\/strong>&nbsp;no seu&nbsp;<strong>WhatsApp?<\/strong>&nbsp;<strong><a href=\"https:\/\/api.whatsapp.com\/send?phone=5579991715289\">Clique aqui<\/a><\/strong>.<\/em><\/p>\n\n\n\n<p><strong><em>Acompanhe tamb\u00e9m o SE Not\u00edcias no\u00a0<a rel=\"noreferrer noopener\" href=\"https:\/\/twitter.com\/Senoticias\" target=\"_blank\">Twitter<\/a>,\u00a0<a rel=\"noreferrer noopener\" href=\"https:\/\/www.facebook.com\/senoticias1\" target=\"_blank\">Facebook<\/a>\u00a0e no\u00a0<a rel=\"noreferrer noopener\" href=\"https:\/\/www.instagram.com\/senoticias\/\" target=\"_blank\">Instagram<\/a><\/em><\/strong>.<\/p>\n\n\n\n<p>Fonte: A8SE.com.br<\/p>\n","protected":false},"excerpt":{"rendered":"<p>Nesta quinta-feira, 29, o governador Belivaldo Chagas se re\u00fane com o Comit\u00ea T\u00e9cnico-Cient\u00edfico e de Atividades Especiais para decidir novas medidas restritivas para Sergipe. A reuni\u00e3o acontece \u00e0 tarde, por volta das 15h. Durante o encontro \u00e9 levado em conta o cen\u00e1rio atual da doen\u00e7a no estado, ou seja, n\u00famero de novos casos, taxa de [&hellip;]<\/p>\n","protected":false},"author":6557,"featured_media":0,"comment_status":"closed","ping_status":"closed","sticky":false,"template":"","format":"standard","meta":{"footnotes":""},"categories":[15,6],"tags":[2806,448,16843,14469,14369],"class_list":{"0":"post-129064","1":"post","2":"type-post","3":"status-publish","4":"format-standard","6":"category-destaques","7":"category-politica","8":"tag-belivaldo-chagas","9":"tag-governo-de-sergipe","10":"tag-medidas-restritivas","11":"tag-novo-decreto","12":"tag-pandemia"},"_links":{"self":[{"href":"https:\/\/senoticias.com.br\/se\/wp-json\/wp\/v2\/posts\/129064"}],"collection":[{"href":"https:\/\/senoticias.com.br\/se\/wp-json\/wp\/v2\/posts"}],"about":[{"href":"https:\/\/senoticias.com.br\/se\/wp-json\/wp\/v2\/types\/post"}],"author":[{"embeddable":true,"href":"https:\/\/senoticias.com.br\/se\/wp-json\/wp\/v2\/users\/6557"}],"replies":[{"embeddable":true,"href":"https:\/\/senoticias.com.br\/se\/wp-json\/wp\/v2\/comments?post=129064"}],"version-history":[{"count":0,"href":"https:\/\/senoticias.com.br\/se\/wp-json\/wp\/v2\/posts\/129064\/revisions"}],"wp:attachment":[{"href":"https:\/\/senoticias.com.br\/se\/wp-json\/wp\/v2\/media?parent=129064"}],"wp:term":[{"taxonomy":"category","embeddable":true,"href":"https:\/\/senoticias.com.br\/se\/wp-json\/wp\/v2\/categories?post=129064"},{"taxonomy":"post_tag","embeddable":true,"href":"https:\/\/senoticias.com.br\/se\/wp-json\/wp\/v2\/tags?post=129064"}],"curies":[{"name":"wp","href":"https:\/\/api.w.org\/{rel}","templated":true}]}}