{"id":129062,"date":"2021-07-28T18:55:43","date_gmt":"2021-07-28T21:55:43","guid":{"rendered":"https:\/\/senoticias.com.br\/se\/?p=129062"},"modified":"2021-07-28T18:58:31","modified_gmt":"2021-07-28T21:58:31","slug":"no-sexto-dia-da-olimpiada-brasil-avanca-no-futebol-e-na-canoagem","status":"publish","type":"post","link":"https:\/\/senoticias.com.br\/se\/no-sexto-dia-da-olimpiada-brasil-avanca-no-futebol-e-na-canoagem\/","title":{"rendered":"No sexto dia da Ol\u00edmpiada, Brasil avan\u00e7a no futebol e na canoagem"},"content":{"rendered":"\n<p>A sele\u00e7\u00e3o ol\u00edmpica brasileira de futebol masculina se classificou \u00e0s quartas de final nos Jogos de T\u00f3quio (Jap\u00e3o) em primeiro lugar no Grupo D, rumo ao bicampeonato. A lideran\u00e7a foi definida ap\u00f3s o Brasil vencer a Ar\u00e1bia Saudita por 3 a 1 no est\u00e1dio de Saitama, na cidade japonesa de mesmo nome. A equipe vai enfrentar o Egito, segundo colocado do Grupo C, nas quartas de final do torneio, no s\u00e1bado, \u00e0s 7h.<\/p>\n\n\n\n<figure class=\"wp-block-image size-large\"><img loading=\"lazy\" decoding=\"async\" width=\"580\" height=\"387\" src=\"https:\/\/senoticias.com.br\/se\/wp-content\/uploads\/2021\/07\/Selecao-Brasileira-SE-Noticias-1.jpg\" alt=\"\" class=\"wp-image-129063\" srcset=\"https:\/\/senoticias.com.br\/se\/wp-content\/uploads\/2021\/07\/Selecao-Brasileira-SE-Noticias-1.jpg 580w, https:\/\/senoticias.com.br\/se\/wp-content\/uploads\/2021\/07\/Selecao-Brasileira-SE-Noticias-1-300x200.jpg 300w, https:\/\/senoticias.com.br\/se\/wp-content\/uploads\/2021\/07\/Selecao-Brasileira-SE-Noticias-1-90x60.jpg 90w, https:\/\/senoticias.com.br\/se\/wp-content\/uploads\/2021\/07\/Selecao-Brasileira-SE-Noticias-1-180x120.jpg 180w, https:\/\/senoticias.com.br\/se\/wp-content\/uploads\/2021\/07\/Selecao-Brasileira-SE-Noticias-1-95x64.jpg 95w\" sizes=\"(max-width: 580px) 100vw, 580px\" \/><figcaption>Sele\u00e7\u00e3o brasileira avan\u00e7a \u00e0s quartas de final &#8211; Lucas Figueiredo\/CBF<\/figcaption><\/figure>\n\n\n\n<p><strong>Canoagem<\/strong><\/p>\n\n\n\n<p>O Brasil ter\u00e1 dois representantes nas semifinais da categoria slalom, que come\u00e7am nas primeiras horas desta quinta-feira (29). Ana S\u00e1tila garantiu a classifica\u00e7\u00e3o na madrugada de hoje (28) na canoa individual (C1) e Pedro Gon\u00e7alves, o Pep\u00ea, no caiaque individual (K1). S\u00e1tila disputa as semifinais \u00e0s 2h (hor\u00e1rio de Bras\u00edlia) desta quinta (29), e Pep\u00ea na sexta (30), tamb\u00e9m \u00e0s 2h. As finais ser\u00e3o disputadas na sequ\u00eancia das semifinais.<\/p>\n\n\n\n<p><strong>Jud\u00f4<\/strong><\/p>\n\n\n\n<p>A judoca Maria Portela foi eliminada nas oitavas de final da categoria at\u00e9 70 kg, em uma luta hist\u00f3rica e pol\u00eamica, no Budokan. O combate desta quarta-feira, entre a ga\u00facha e a russa Madina Taimazova durou mais de 14 minutos, dez s\u00f3 de golden score (tempo extra no qual vence o atleta que pontuar primeiro). A vit\u00f3ria da russa foi decretada ap\u00f3s a brasileira receber um terceiro shido (puni\u00e7\u00e3o) por falta de combatividade.<\/p>\n\n\n\n<p><strong>V\u00f4lei de praia<\/strong><\/p>\n\n\n\n<p>As brasileiras Ana Patricia e Rebecca foram derrotadas por Tina Graudina e Anastasija Kravcenoka, da Let\u00f4nia, por 2 sets a 1 (parciais de 15\/21, 21\/12 e 12\/15), no in\u00edcio da madrugada desta quarta-feira, no Parque Shiokaze.<\/p>\n\n\n\n<p>Este foi o primeiro rev\u00e9s, no Grupo D da competi\u00e7\u00e3o, da equipe do Brasil, que superou as quenianas Gaudencia Makokha e Brackides Khadambi por 2 sets a 0 na estreia. Agora, Ana Patricia e Rebecca enfrentam Kelly Claes e Sarah Sponcil na pr\u00f3xima sexta-feira (30), a partir das 21h (hor\u00e1rio de Bras\u00edlia), em busca de uma vaga para as oitavas de final.<\/p>\n\n\n\n<p><strong>Nata\u00e7\u00e3o<\/strong><\/p>\n\n\n\n<p>N\u00e3o deu para o brasileiro Leonardo de Deus na final dos 200 m (metros) estilo borboleta. O nadador sul-mato-grossense terminou a prova desta ter\u00e7a-feira (27), no Centro Aqu\u00e1tico da capital japonesa, em sexto lugar, com o tempo de 1min55s19. A marca ficou 24 cent\u00e9simos acima da estabelecida por ele na semifinal, quando fez o segundo melhor tempo.<\/p>\n\n\n\n<p>J\u00e1 no revezamento 4&#215;200 metros (m) estilo livre, a equipe do Brasil terminou a final na oitava e \u00faltima posi\u00e7\u00e3o. A prova de hoje foi realizada no Centro Aqu\u00e1tico da capital japonesa. O jovem quarteto formado por Fernando Scheffer, Murilo Sartori, Breno Correia e Luiz Altamir cravou o tempo de 7min8s22, quase meio segundo acima da marca feita na eliminat\u00f3ria, que tamb\u00e9m rendeu a eles o oitavo lugar.<\/p>\n\n\n\n<p><strong>Badminton<\/strong><\/p>\n\n\n\n<p>O anivers\u00e1rio de 33 anos de Fabiana Silva n\u00e3o foi comemorado como o esperado. Nesta quarta-feira (27), a fluminense se despediu do torneio feminino da modalidade ainda na primeira fase, ao perder da chinesa naturalizada norte-americana Beiwen Zhang por 2 sets a 0, com parciais de 9\/21 e 10\/21, no Parque Florestal Musashino.<\/p>\n\n\n\n<p>N\u00famero 69 no ranking da Federa\u00e7\u00e3o Internacional da modalidade (IBF, sigla em ingl\u00eas), Fabiana precisava vencer a rival (14\u00aa do mundo) sem perder sets e com uma diferen\u00e7a maior que 14 pontos para ficar \u00e0 frente na classifica\u00e7\u00e3o do Grupo H.<\/p>\n\n\n\n<p><strong>T\u00eanis feminino<\/strong><\/p>\n\n\n\n<p>A dupla brasileira formada por Laura Pigossi e Luisa Stefani se classificou para as semifinais dos Jogos de T\u00f3quio, ao derrotar de virada as norte-americanas Jessica Pegula e Bethanie Mattek-Sands por 2 sets a 1, em 1h26min de partida. Com o resultado, a dupla j\u00e1 iguala o melhor resultado do t\u00eanis brasileiro na hist\u00f3ria dos Jogos Ol\u00edmpicos, que foi a semifinal de Fernando Meligeni, em Atlanta 1996.<\/p>\n\n\n\n<p><strong>Gin\u00e1stica art\u00edstica<\/strong><\/p>\n\n\n\n<p>O Fluminense Caio Souza terminou na 17\u00aa posi\u00e7\u00e3o na final do individual geral masculino de gin\u00e1stica art\u00edstica. A competi\u00e7\u00e3o foi realizada nesta quarta-feira (28) no Centro de Gin\u00e1stica de Ariake, no distrito de Ariake, na capital T\u00f3quio. J\u00e1 o paulista Diogo Soares foi o 20\u00b0 colocado. Estiveram na disputa 24 competidores que saltaram em busca de medalha na decis\u00e3o.<\/p>\n\n\n\n<p>Diogo, de 19 anos, ca\u00e7ula da gin\u00e1stica art\u00edstica, somou um total de 81.198 pontos, enquanto Caio finalizou sua participa\u00e7\u00e3o com 81.532 pontos na tabela de classifica\u00e7\u00e3o.<\/p>\n\n\n\n<p><strong>T\u00eanis de mesa<\/strong><\/p>\n\n\n\n<p>O carioca Hugo Calderano, n\u00famero seis do mundo, est\u00e1 fora da disputa de medalha na chave de simples do t\u00eanis de mesa. O brasileiro foi superado por 4 sets a 2 nas quartas de final pelo alem\u00e3o Dimitrij Ovtcharov, 12\u00ba no ranking mundial da Federa\u00e7\u00e3o Internacional de T\u00eanis de Mesa (ITTF, sigla em ingl\u00eas).<\/p>\n\n\n\n<p>Apesar da elimina\u00e7\u00e3o, Calderano obteve o melhor desempenho do pa\u00eds na modalidade em Jogos Ol\u00edmpicos &#8211; na Rio 2016 ele saiu nas oitavas.<\/p>\n\n\n\n<p><strong>V\u00f4lei<\/strong><\/p>\n\n\n\n<p>A sele\u00e7\u00e3o brasileira masculina de v\u00f4lei perdeu nesta quarta-feira para a equipe Russa (ROC, na sigla em ingl\u00eas) por 3 sets a 0, com parciais de 25\/22, 25\/20 e 25\/20. O duelo foi realizado na Arena de Ariake, na capital T\u00f3quio.<\/p>\n\n\n\n<p>Com este resultado, o Brasil caiu para a terceira coloca\u00e7\u00e3o do Grupo B. J\u00e1 a R\u00fassia assumiu a lideran\u00e7a, enquanto os Estados Unidos ocupam a vice-lideran\u00e7a.<\/p>\n\n\n\n<p><em>Quer receber as principais not\u00edcias do&nbsp;<strong>SE Not\u00edcias<\/strong>&nbsp;no seu&nbsp;<strong>WhatsApp?<\/strong>&nbsp;<strong><a href=\"https:\/\/api.whatsapp.com\/send?phone=5579991715289\">Clique aqui<\/a><\/strong>.<\/em><\/p>\n\n\n\n<p><strong><em>Acompanhe tamb\u00e9m o SE Not\u00edcias no\u00a0<a rel=\"noreferrer noopener\" href=\"https:\/\/twitter.com\/Senoticias\" target=\"_blank\">Twitter<\/a>,\u00a0<a rel=\"noreferrer noopener\" href=\"https:\/\/www.facebook.com\/senoticias1\" target=\"_blank\">Facebook<\/a>\u00a0e no\u00a0<a rel=\"noreferrer noopener\" href=\"https:\/\/www.instagram.com\/senoticias\/\" target=\"_blank\">Instagram<\/a><\/em><\/strong>.<\/p>\n\n\n\n<p>Fonte: Ag\u00eancia Brasil<\/p>\n","protected":false},"excerpt":{"rendered":"<p>A sele\u00e7\u00e3o ol\u00edmpica brasileira de futebol masculina se classificou \u00e0s quartas de final nos Jogos de T\u00f3quio (Jap\u00e3o) em primeiro lugar no Grupo D, rumo ao bicampeonato. A lideran\u00e7a foi definida ap\u00f3s o Brasil vencer a Ar\u00e1bia Saudita por 3 a 1 no est\u00e1dio de Saitama, na cidade japonesa de mesmo nome. A equipe vai [&hellip;]<\/p>\n","protected":false},"author":6557,"featured_media":0,"comment_status":"closed","ping_status":"closed","sticky":false,"template":"","format":"standard","meta":{"footnotes":""},"categories":[15,26,1],"tags":[34680,34681,34679],"class_list":{"0":"post-129062","1":"post","2":"type-post","3":"status-publish","4":"format-standard","6":"category-destaques","7":"category-esportes","8":"category-sem-categoria","9":"tag-jogos-de-toquio","10":"tag-olimpiadas-de-toquio-2","11":"tag-selecao-olimpica-brasileira-de-futebol"},"_links":{"self":[{"href":"https:\/\/senoticias.com.br\/se\/wp-json\/wp\/v2\/posts\/129062"}],"collection":[{"href":"https:\/\/senoticias.com.br\/se\/wp-json\/wp\/v2\/posts"}],"about":[{"href":"https:\/\/senoticias.com.br\/se\/wp-json\/wp\/v2\/types\/post"}],"author":[{"embeddable":true,"href":"https:\/\/senoticias.com.br\/se\/wp-json\/wp\/v2\/users\/6557"}],"replies":[{"embeddable":true,"href":"https:\/\/senoticias.com.br\/se\/wp-json\/wp\/v2\/comments?post=129062"}],"version-history":[{"count":0,"href":"https:\/\/senoticias.com.br\/se\/wp-json\/wp\/v2\/posts\/129062\/revisions"}],"wp:attachment":[{"href":"https:\/\/senoticias.com.br\/se\/wp-json\/wp\/v2\/media?parent=129062"}],"wp:term":[{"taxonomy":"category","embeddable":true,"href":"https:\/\/senoticias.com.br\/se\/wp-json\/wp\/v2\/categories?post=129062"},{"taxonomy":"post_tag","embeddable":true,"href":"https:\/\/senoticias.com.br\/se\/wp-json\/wp\/v2\/tags?post=129062"}],"curies":[{"name":"wp","href":"https:\/\/api.w.org\/{rel}","templated":true}]}}