{"id":129045,"date":"2021-07-28T09:45:29","date_gmt":"2021-07-28T12:45:29","guid":{"rendered":"https:\/\/senoticias.com.br\/se\/?p=129045"},"modified":"2021-07-28T11:32:43","modified_gmt":"2021-07-28T14:32:43","slug":"ministerio-da-saude-descarta-reduzir-intervalo-para-segunda-dose-da-pfizer","status":"publish","type":"post","link":"https:\/\/senoticias.com.br\/se\/ministerio-da-saude-descarta-reduzir-intervalo-para-segunda-dose-da-pfizer\/","title":{"rendered":"Minist\u00e9rio da Sa\u00fade descarta reduzir intervalo para segunda dose da Pfizer"},"content":{"rendered":"\n<p>O Minist\u00e9rio da Sa\u00fade descartou a possibilidade de adiantar a aplica\u00e7\u00e3o da segunda <strong>dose da Pfizer<\/strong>, neste momento. Assim, apesar da altera\u00e7\u00e3o na bula, o intervalo de 90 dias ser\u00e1 mantido at\u00e9 que 100% da popula\u00e7\u00e3o vacin\u00e1vel, isto \u00e9, acima dos 18 anos, tenha recebido pelo menos uma dose de algum dos imunizantes contra a covid-19.<strong> A decis\u00e3o foi oficializada na noite de ter\u00e7a (27)<\/strong> em uma nota assinada pelo ministro Marcelo Queiroga e pelos presidentes do Conselho Nacional de Secretarias Municipais de Sa\u00fade (CONASEMS), Carlos Eduardo de Oliveira, e do Conselho Nacional de Sa\u00fade (CONAS), Wilames Freire Bezerra.<\/p>\n\n\n\n<figure class=\"wp-block-image size-large\"><img loading=\"lazy\" decoding=\"async\" width=\"563\" height=\"323\" src=\"https:\/\/senoticias.com.br\/se\/wp-content\/uploads\/2021\/07\/Vacina-SE-Noticias-3.jpg\" alt=\"\" class=\"wp-image-129046\" srcset=\"https:\/\/senoticias.com.br\/se\/wp-content\/uploads\/2021\/07\/Vacina-SE-Noticias-3.jpg 563w, https:\/\/senoticias.com.br\/se\/wp-content\/uploads\/2021\/07\/Vacina-SE-Noticias-3-300x172.jpg 300w\" sizes=\"(max-width: 563px) 100vw, 563px\" \/><figcaption>Minist\u00e9rio da Sa\u00fade descartou a possibilidade de adiantar a aplica\u00e7\u00e3o da segunda dose da Pfizer &#8211; Foto: Marco Verch via Flickr<\/figcaption><\/figure>\n\n\n\n<p>No in\u00edcio da tarde, o secret\u00e1rio-executivo Conasems, Mauro Junqueira, adiantou ao Congresso em Foco que a equipe t\u00e9cnica do conselho era contra alterar a data de aplica\u00e7\u00e3o da segunda dose. Ele tamb\u00e9m comentou que isso n\u00e3o poderia ocorrer por determina\u00e7\u00e3o unilateral do Minist\u00e9rio da Sa\u00fade e que posi\u00e7\u00e3o do \u00f3rg\u00e3o tinha sido tinah sido oficializada por uma nota t\u00e9cnica e levada ao ministro Queiroga.<\/p>\n\n\n\n<p>\u201cO Minist\u00e9rio da Sa\u00fade n\u00e3o determina essa mudan\u00e7a e quem executa s\u00e3o os munic\u00edpios. Temos uma c\u00e2mara t\u00e9cnica de especialistas composta por Conass e o Conasems que emitiu um parecer [contr\u00e1rio]. E tem uma c\u00e2mara tripartite, com mais o Minist\u00e9rio da Sa\u00fade\u201d, disse explicando que o parecer t\u00e9cnico foi apresentado a esta c\u00e2mara tripartite. \u201cO governo pode propor a mudan\u00e7a, mas ela s\u00f3 acontece quando h\u00e1 uma pactua\u00e7\u00e3o\u201d, completou Junqueira refor\u00e7ou, ainda, que as previs\u00f5es s\u00e3o de que a cobertura vacinal com pelo menos uma dose do imunizante chegue a 100% da popula\u00e7\u00e3o brasileira acima de 18 anos em setembro.<\/p>\n\n\n\n<p>A redu\u00e7\u00e3o no intervalo de aplica\u00e7\u00e3o de doses da Pfizer de 90 para 21 dias veio \u00e0 p\u00fablico na segunda-feira (26) quando o ministro Marcelo Queiroga apresentou esta possibilidade enquanto como uma estrat\u00e9gia para tentar barrar a circula\u00e7\u00e3o da variante delta.<\/p>\n\n\n\n<p>Ainda de acordo com a nota divulgada nesta ter\u00e7a, os &#8220;estados e munic\u00edpios devem seguir, rigorosamente, as defini\u00e7\u00f5es do Programa Nacional de Imuniza\u00e7\u00f5es (PNI) quanto aos intervalos entre as doses e demais recomenda\u00e7\u00f5es t\u00e9cnicas, sob pena de responsabilidade<br>futura&#8221;.<\/p>\n\n\n\n<p><strong>Faltam doses<\/strong><\/p>\n\n\n\n<p>De acordo com Mauro Junqueira, a antecipa\u00e7\u00e3o da Pfizer poderia gerar uma confus\u00e3o na sociedade e atrapalhar o andamento da campanha de imuniza\u00e7\u00e3o na medida em que o pa\u00eds tem v\u00e1rias vacinas em sendo aplicadas com datas de retorno diferentes. \u201cN\u00e3o tem justificativa mudar agora. O embasamento t\u00e9cnico \u00e9 muito fr\u00e1gil para tomar uma decis\u00e3o dessas assim\u201d, disse, alegando que a mudan\u00e7a da bula ocorreu recentemente.<\/p>\n\n\n\n<p>Outro aspecto que o secret\u00e1rio ressaltou foi a eventual indisponibilidade de doses para atender toda a popula\u00e7\u00e3o. \u201cE tem mais, em setembro, quando tiver os 100% precisa saber se vai ter vacina para poder adiantar a segunda dose de todos e reduzir o tempo. Porque depois a pessoa chega para se vacinar e n\u00e3o tem vacina. Ent\u00e3o \u00e9 preciso analisar.\u201d Nesta semana, ao menos dez capitais brasileiras anunciaram a suspens\u00e3o da aplica\u00e7\u00e3o da primeira dose de alguma das vacinas contra a covid-19 por falta de imunizantes.<\/p>\n\n\n\n<p>Neste sentido, o texto divulgado pela c\u00e2mara tripartite informa que &#8220;haver\u00e1 uma compensa\u00e7\u00e3o gradual dos quantitativos de vacinas enviados de modo complementar (estados que receberam doses do fundo estrat\u00e9gico; estados com vacina\u00e7\u00e3o em munic\u00edpios de fronteiras; atendimento a a\u00e7\u00f5es judiciais etc.) e estados com maior contingente populacional de grupos priorit\u00e1rios j\u00e1 vacinados, de modo que todos os estados dever\u00e3o finalizar o processo de imuniza\u00e7\u00e3o sem que haja benef\u00edcios ou preju\u00edzos a suas respectivas popula\u00e7\u00f5es&#8221;.<\/p>\n\n\n\n<p><strong>Confira a nota na \u00edntegra:<\/strong><\/p>\n\n\n\n<p>O Minist\u00e9rio da Sa\u00fade, o Conselho Nacional de Secret\u00e1rios de Sa\u00fade (CONASS) e o Conselho de Secretarias Municipais de Sa\u00fade (CONASEMS), gestores do Sistema \u00danico de Sa\u00fade, comunicam o que se segue:<\/p>\n\n\n\n<p><strong>1 &#8211;<\/strong> Estados e munic\u00edpios devem seguir, rigorosamente, as defini\u00e7\u00f5es do Programa Nacional de Imuniza\u00e7\u00f5es (PNI) quanto aos intervalos entre as doses e demais recomenda\u00e7\u00f5es t\u00e9cnicas, sob pena de responsabilidade futura. O sucesso da vacina\u00e7\u00e3o depende da atua\u00e7\u00e3o sin\u00e9rgica, harm\u00f4nica e solid\u00e1ria entre os n\u00edveis federal, estadual e municipal, al\u00e9m da colabora\u00e7\u00e3o imprescind\u00edvel da sociedade civil e dos meios de comunica\u00e7\u00e3o;<\/p>\n\n\n\n<p><strong>2 &#8211;<\/strong> A operacionaliza\u00e7\u00e3o da vacina\u00e7\u00e3o contra Covid-19 obedecer\u00e1, a partir de agora, uma vez j\u00e1 cumprida a distribui\u00e7\u00e3o de ao menos 1 dose para os grupos priorit\u00e1rios, a ordem por faixa et\u00e1ria decrescente. Ap\u00f3s a conclus\u00e3o do envio de doses para a popula\u00e7\u00e3o adulta, ser\u00e3o inclu\u00eddos os adolescentes de 12 a 17 anos, com prioridade para aqueles com comorbidades;<\/p>\n\n\n\n<p><strong>3 &#8211; <\/strong>Haver\u00e1 uma compensa\u00e7\u00e3o gradual dos quantitativos de vacinas enviados de modo complementar (estados que receberam doses do fundo estrat\u00e9gico; estados com vacina\u00e7\u00e3o em munic\u00edpios de fronteiras; atendimento a a\u00e7\u00f5es judiciais etc.) e estados com maior contingente populacional de grupos priorit\u00e1rios j\u00e1 vacinados, de modo que todos os estados dever\u00e3o finalizar o processo de imuniza\u00e7\u00e3o sem que haja benef\u00edcios ou preju\u00edzos a suas respectivas popula\u00e7\u00f5es;<br><strong>4 &#8211; <\/strong>Ap\u00f3s a distribui\u00e7\u00e3o da primeira dose para toda a popula\u00e7\u00e3o adulta (com 18 anos ou mais), ser\u00e1 analisada a redu\u00e7\u00e3o do intervalo entre a primeira e a segunda dose, baseada, sempre, nas melhores evid\u00eancias cient\u00edficas, trazidas nas discuss\u00f5es da C\u00e2mara T\u00e9cnica Assessora de Imuniza\u00e7\u00f5es;<br>Bras\u00edlia, 27 de julho de 2021<\/p>\n\n\n\n<p>Marcelo Queiroga, Ministro de Estado da Sa\u00fade<br>Carlos Eduardo de Oliveira Lula, Presidente do CONASS<br>Wilames Freire Bezerra, Presidente do CONASEMS<\/p>\n\n\n\n<p><em>Quer receber as principais not\u00edcias do&nbsp;<strong>SE Not\u00edcias<\/strong>&nbsp;no seu&nbsp;<strong>WhatsApp?<\/strong>&nbsp;<strong><a href=\"https:\/\/api.whatsapp.com\/send?phone=5579991715289\">Clique aqui<\/a><\/strong>.<\/em><\/p>\n\n\n\n<p><strong><em>Acompanhe tamb\u00e9m o SE Not\u00edcias no\u00a0<a rel=\"noreferrer noopener\" href=\"https:\/\/twitter.com\/Senoticias\" target=\"_blank\">Twitter<\/a>,\u00a0<a rel=\"noreferrer noopener\" href=\"https:\/\/www.facebook.com\/senoticias1\" target=\"_blank\">Facebook<\/a>\u00a0e no\u00a0<a rel=\"noreferrer noopener\" href=\"https:\/\/www.instagram.com\/senoticias\/\" target=\"_blank\">Instagram<\/a><\/em><\/strong>.<\/p>\n\n\n\n<p>Por J\u00falia Schiaffarino, do Congresso em Foco<\/p>\n","protected":false},"excerpt":{"rendered":"<p>O Minist\u00e9rio da Sa\u00fade descartou a possibilidade de adiantar a aplica\u00e7\u00e3o da segunda dose da Pfizer, neste momento. Assim, apesar da altera\u00e7\u00e3o na bula, o intervalo de 90 dias ser\u00e1 mantido at\u00e9 que 100% da popula\u00e7\u00e3o vacin\u00e1vel, isto \u00e9, acima dos 18 anos, tenha recebido pelo menos uma dose de algum dos imunizantes contra a [&hellip;]<\/p>\n","protected":false},"author":6557,"featured_media":0,"comment_status":"closed","ping_status":"closed","sticky":false,"template":"","format":"standard","meta":{"footnotes":""},"categories":[15,6],"tags":[14279,544,14369,34387],"class_list":{"0":"post-129045","1":"post","2":"type-post","3":"status-publish","4":"format-standard","6":"category-destaques","7":"category-politica","8":"tag-covid19","9":"tag-ministerio-da-saude","10":"tag-pandemia","11":"tag-pfizer"},"_links":{"self":[{"href":"https:\/\/senoticias.com.br\/se\/wp-json\/wp\/v2\/posts\/129045"}],"collection":[{"href":"https:\/\/senoticias.com.br\/se\/wp-json\/wp\/v2\/posts"}],"about":[{"href":"https:\/\/senoticias.com.br\/se\/wp-json\/wp\/v2\/types\/post"}],"author":[{"embeddable":true,"href":"https:\/\/senoticias.com.br\/se\/wp-json\/wp\/v2\/users\/6557"}],"replies":[{"embeddable":true,"href":"https:\/\/senoticias.com.br\/se\/wp-json\/wp\/v2\/comments?post=129045"}],"version-history":[{"count":0,"href":"https:\/\/senoticias.com.br\/se\/wp-json\/wp\/v2\/posts\/129045\/revisions"}],"wp:attachment":[{"href":"https:\/\/senoticias.com.br\/se\/wp-json\/wp\/v2\/media?parent=129045"}],"wp:term":[{"taxonomy":"category","embeddable":true,"href":"https:\/\/senoticias.com.br\/se\/wp-json\/wp\/v2\/categories?post=129045"},{"taxonomy":"post_tag","embeddable":true,"href":"https:\/\/senoticias.com.br\/se\/wp-json\/wp\/v2\/tags?post=129045"}],"curies":[{"name":"wp","href":"https:\/\/api.w.org\/{rel}","templated":true}]}}