{"id":129006,"date":"2021-07-26T16:23:43","date_gmt":"2021-07-26T19:23:43","guid":{"rendered":"https:\/\/senoticias.com.br\/se\/?p=129006"},"modified":"2021-07-26T16:27:58","modified_gmt":"2021-07-26T19:27:58","slug":"129006-2","status":"publish","type":"post","link":"https:\/\/senoticias.com.br\/se\/129006-2\/","title":{"rendered":"Inscri\u00e7\u00f5es para o Fies do segundo semestre t\u00eam in\u00edcio amanh\u00e3"},"content":{"rendered":"\n<p><\/p>\n\n\n\n<p>Come\u00e7am nesta ter\u00e7a-feira (27) as inscri\u00e7\u00f5es para o Fundo de Financiamento Estudantil (Fies) do segundo semestre de 2021. Os candidatos interessados poder\u00e3o efetuar a inscri\u00e7\u00e3o no portal do Fies entre at\u00e9 o dia 30 de julho.<\/p>\n\n\n\n<figure class=\"wp-block-image size-large\"><img loading=\"lazy\" decoding=\"async\" width=\"549\" height=\"441\" src=\"https:\/\/senoticias.com.br\/se\/wp-content\/uploads\/2021\/07\/Fies-SE-Noticias.jpg\" alt=\"\" class=\"wp-image-129007\" srcset=\"https:\/\/senoticias.com.br\/se\/wp-content\/uploads\/2021\/07\/Fies-SE-Noticias.jpg 549w, https:\/\/senoticias.com.br\/se\/wp-content\/uploads\/2021\/07\/Fies-SE-Noticias-300x241.jpg 300w, https:\/\/senoticias.com.br\/se\/wp-content\/uploads\/2021\/07\/Fies-SE-Noticias-45x35.jpg 45w\" sizes=\"(max-width: 549px) 100vw, 549px\" \/><figcaption>Resultado sai no dia 3 de agosto &#8211; Foto: Minc<\/figcaption><\/figure>\n\n\n\n<p>Os estudantes que realizaram o Exame Nacional do Ensino M\u00e9dio (Enem) a partir da edi\u00e7\u00e3o de 2010 poder\u00e3o pleitear uma bolsa no programa de financiamento deste ano. Al\u00e9m disso, os estudantes dever\u00e3o ter m\u00e9dia m\u00ednima de 450 pontos e nota superior a zero na reda\u00e7\u00e3o.<\/p>\n\n\n\n<h2 class=\"wp-block-heading\">Cronograma<\/h2>\n\n\n\n<figure class=\"wp-block-table\"><table><tbody><tr><td><strong>Inscri\u00e7\u00f5es<\/strong><\/td><td>27 a 30 de julho<\/td><\/tr><tr><td><strong>Resultado dos pr\u00e9-selecionados em chamada \u00fanica<\/strong><\/td><td>3 de agosto<\/td><\/tr><tr><td><strong>Prazo para complementa\u00e7\u00e3o da inscri\u00e7\u00e3o dos pr\u00e9-selecionados na chamada \u00fanica<\/strong><\/td><td>4 a 6 de agosto<\/td><\/tr><tr><td><strong>Lista de espera<\/strong><\/td><td>4 a 31 de agosto<\/td><\/tr><\/tbody><\/table><\/figure>\n\n\n\n<h2 class=\"wp-block-heading\">Hist\u00f3rico<\/h2>\n\n\n\n<p>O Fies \u00e9 um programa do Minist\u00e9rio da Educa\u00e7\u00e3o (MEC) que tem por objetivo conceder financiamento a estudantes em cursos superiores particulares, com avalia\u00e7\u00e3o positiva nos processos conduzidos pelo MEC e ofertados por institui\u00e7\u00f5es de educa\u00e7\u00e3o superior privadas aderentes ao programa.<\/p>\n\n\n\n<p>O novo Fies \u00e9 um modelo de financiamento estudantil que divide o programa em diferentes modalidades, possibilitando juros zero a quem mais precisa e uma escala de financiamentos que varia conforme a renda familiar do candidato.\u00a0<\/p>\n\n\n\n<p><em>Quer receber as principais not\u00edcias do&nbsp;<strong>SE Not\u00edcias<\/strong>&nbsp;no seu&nbsp;<strong>WhatsApp?<\/strong>&nbsp;<strong><a href=\"https:\/\/api.whatsapp.com\/send?phone=5579991715289\">Clique aqui<\/a><\/strong>.<\/em><\/p>\n\n\n\n<p><strong><em>Acompanhe tamb\u00e9m o SE Not\u00edcias no\u00a0<a rel=\"noreferrer noopener\" href=\"https:\/\/twitter.com\/Senoticias\" target=\"_blank\">Twitter<\/a>,\u00a0<a rel=\"noreferrer noopener\" href=\"https:\/\/www.facebook.com\/senoticias1\" target=\"_blank\">Facebook<\/a>\u00a0e no\u00a0<a rel=\"noreferrer noopener\" href=\"https:\/\/www.instagram.com\/senoticias\/\" target=\"_blank\">Instagram<\/a><\/em><\/strong>.<\/p>\n\n\n\n<p>Fonte: Ag\u00eancia Brasil<\/p>\n","protected":false},"excerpt":{"rendered":"<p>Come\u00e7am nesta ter\u00e7a-feira (27) as inscri\u00e7\u00f5es para o Fundo de Financiamento Estudantil (Fies) do segundo semestre de 2021. Os candidatos interessados poder\u00e3o efetuar a inscri\u00e7\u00e3o no portal do Fies entre at\u00e9 o dia 30 de julho. Os estudantes que realizaram o Exame Nacional do Ensino M\u00e9dio (Enem) a partir da edi\u00e7\u00e3o de 2010 poder\u00e3o pleitear [&hellip;]<\/p>\n","protected":false},"author":6557,"featured_media":0,"comment_status":"closed","ping_status":"closed","sticky":false,"template":"","format":"standard","meta":{"footnotes":""},"categories":[15,2961,1],"tags":[764,765,844],"class_list":{"0":"post-129006","1":"post","2":"type-post","3":"status-publish","4":"format-standard","6":"category-destaques","7":"category-nacional","8":"category-sem-categoria","9":"tag-enem","10":"tag-exame-nacional-do-ensino-medio","11":"tag-fies"},"_links":{"self":[{"href":"https:\/\/senoticias.com.br\/se\/wp-json\/wp\/v2\/posts\/129006"}],"collection":[{"href":"https:\/\/senoticias.com.br\/se\/wp-json\/wp\/v2\/posts"}],"about":[{"href":"https:\/\/senoticias.com.br\/se\/wp-json\/wp\/v2\/types\/post"}],"author":[{"embeddable":true,"href":"https:\/\/senoticias.com.br\/se\/wp-json\/wp\/v2\/users\/6557"}],"replies":[{"embeddable":true,"href":"https:\/\/senoticias.com.br\/se\/wp-json\/wp\/v2\/comments?post=129006"}],"version-history":[{"count":0,"href":"https:\/\/senoticias.com.br\/se\/wp-json\/wp\/v2\/posts\/129006\/revisions"}],"wp:attachment":[{"href":"https:\/\/senoticias.com.br\/se\/wp-json\/wp\/v2\/media?parent=129006"}],"wp:term":[{"taxonomy":"category","embeddable":true,"href":"https:\/\/senoticias.com.br\/se\/wp-json\/wp\/v2\/categories?post=129006"},{"taxonomy":"post_tag","embeddable":true,"href":"https:\/\/senoticias.com.br\/se\/wp-json\/wp\/v2\/tags?post=129006"}],"curies":[{"name":"wp","href":"https:\/\/api.w.org\/{rel}","templated":true}]}}