{"id":129001,"date":"2021-07-26T15:44:02","date_gmt":"2021-07-26T18:44:02","guid":{"rendered":"https:\/\/senoticias.com.br\/se\/?p=129001"},"modified":"2021-07-26T16:08:13","modified_gmt":"2021-07-26T19:08:13","slug":"deputado-pede-que-mpe-e-mpf-apurem-demissao-de-servidor-da-prefeitura-de-aracaju","status":"publish","type":"post","link":"https:\/\/senoticias.com.br\/se\/deputado-pede-que-mpe-e-mpf-apurem-demissao-de-servidor-da-prefeitura-de-aracaju\/","title":{"rendered":"Deputado pede que MPE e MPF apurem demiss\u00e3o de servidor da Prefeitura de Aracaju"},"content":{"rendered":"\n<p>O deputado estadual Gilmar Carvalho <strong>protocolou nesta segunda-feira, 26, uma Representa\u00e7\u00e3o Criminal<\/strong> para que os Minist\u00e9rios P\u00fablicos Estadual e Federal apurem a <strong>demiss\u00e3o do servidor Fl\u00e1vio Cardoso Valen\u00e7a<\/strong>, ocupante do cargo em comiss\u00e3o de Auxiliar de Gabinete I na Secretaria de Sa\u00fade da Prefeitura de Aracaju.<\/p>\n\n\n\n<figure class=\"wp-block-image size-large\"><img loading=\"lazy\" decoding=\"async\" width=\"576\" height=\"385\" src=\"https:\/\/senoticias.com.br\/se\/wp-content\/uploads\/2021\/07\/Gilmar-Carvalho-SE-Noticias-1.jpg\" alt=\"\" class=\"wp-image-129003\" srcset=\"https:\/\/senoticias.com.br\/se\/wp-content\/uploads\/2021\/07\/Gilmar-Carvalho-SE-Noticias-1.jpg 576w, https:\/\/senoticias.com.br\/se\/wp-content\/uploads\/2021\/07\/Gilmar-Carvalho-SE-Noticias-1-300x201.jpg 300w, https:\/\/senoticias.com.br\/se\/wp-content\/uploads\/2021\/07\/Gilmar-Carvalho-SE-Noticias-1-90x60.jpg 90w, https:\/\/senoticias.com.br\/se\/wp-content\/uploads\/2021\/07\/Gilmar-Carvalho-SE-Noticias-1-180x120.jpg 180w, https:\/\/senoticias.com.br\/se\/wp-content\/uploads\/2021\/07\/Gilmar-Carvalho-SE-Noticias-1-95x64.jpg 95w\" sizes=\"(max-width: 576px) 100vw, 576px\" \/><figcaption>Deputado estadual Gilmar Carvalho &#8211; Foto:  arquivo\/Alese<\/figcaption><\/figure>\n\n\n\n<p>Gilmar apresentou as Representa\u00e7\u00f5es aos \u00f3rg\u00e3os embasado pela publica\u00e7\u00e3o na edi\u00e7\u00e3o de 15 de julho de 2021 do Di\u00e1rio Oficial do Munic\u00edpio de Aracaju, numa decis\u00e3o por meio da qual a PMA aplicou ao referido servidor, a penalidade administrativa de destitui\u00e7\u00e3o do cargo em comiss\u00e3o, tendo em vista a pr\u00e1tica da conduta de &#8220;transferir valores do Fundo Municipal de Sa\u00fade para sua conta pessoal&#8221;.<\/p>\n\n\n\n<p>&#8220;Diante do relatado \u00e9 imprescind\u00edvel que o MPE e o MPF apurem se houve a pr\u00e1tica do crime de peculato ou de outros delitos previstos na legisla\u00e7\u00e3o penal&#8221;, salientou o parlamentar.<\/p>\n\n\n\n<p><em>Quer receber as principais not\u00edcias do&nbsp;<strong>SE Not\u00edcias<\/strong>&nbsp;no seu&nbsp;<strong>WhatsApp?<\/strong>&nbsp;<strong><a href=\"https:\/\/api.whatsapp.com\/send?phone=5579991715289\">Clique aqui<\/a><\/strong>.<\/em><\/p>\n\n\n\n<p><strong><em>Acompanhe tamb\u00e9m o SE Not\u00edcias no&nbsp;<a rel=\"noreferrer noopener\" href=\"https:\/\/twitter.com\/Senoticias\" target=\"_blank\">Twitter<\/a>,&nbsp;<a rel=\"noreferrer noopener\" href=\"https:\/\/www.facebook.com\/senoticias1\" target=\"_blank\">Facebook<\/a>&nbsp;e no&nbsp;<a rel=\"noreferrer noopener\" href=\"https:\/\/www.instagram.com\/senoticias\/\" target=\"_blank\">Instagram<\/a><\/em><\/strong>.<\/p>\n\n\n\n<p>Por Assessoria Parlamentar<\/p>\n","protected":false},"excerpt":{"rendered":"<p>O deputado estadual Gilmar Carvalho protocolou nesta segunda-feira, 26, uma Representa\u00e7\u00e3o Criminal para que os Minist\u00e9rios P\u00fablicos Estadual e Federal apurem a demiss\u00e3o do servidor Fl\u00e1vio Cardoso Valen\u00e7a, ocupante do cargo em comiss\u00e3o de Auxiliar de Gabinete I na Secretaria de Sa\u00fade da Prefeitura de Aracaju. Gilmar apresentou as Representa\u00e7\u00f5es aos \u00f3rg\u00e3os embasado pela publica\u00e7\u00e3o [&hellip;]<\/p>\n","protected":false},"author":6557,"featured_media":0,"comment_status":"closed","ping_status":"closed","sticky":false,"template":"","format":"standard","meta":{"footnotes":""},"categories":[15,6,1],"tags":[5021,82,34658],"class_list":{"0":"post-129001","1":"post","2":"type-post","3":"status-publish","4":"format-standard","6":"category-destaques","7":"category-politica","8":"category-sem-categoria","9":"tag-deputado-gilmar-carvalho","10":"tag-gilmar-carvalho","11":"tag-prefeitura-de-aracaju-2"},"_links":{"self":[{"href":"https:\/\/senoticias.com.br\/se\/wp-json\/wp\/v2\/posts\/129001"}],"collection":[{"href":"https:\/\/senoticias.com.br\/se\/wp-json\/wp\/v2\/posts"}],"about":[{"href":"https:\/\/senoticias.com.br\/se\/wp-json\/wp\/v2\/types\/post"}],"author":[{"embeddable":true,"href":"https:\/\/senoticias.com.br\/se\/wp-json\/wp\/v2\/users\/6557"}],"replies":[{"embeddable":true,"href":"https:\/\/senoticias.com.br\/se\/wp-json\/wp\/v2\/comments?post=129001"}],"version-history":[{"count":0,"href":"https:\/\/senoticias.com.br\/se\/wp-json\/wp\/v2\/posts\/129001\/revisions"}],"wp:attachment":[{"href":"https:\/\/senoticias.com.br\/se\/wp-json\/wp\/v2\/media?parent=129001"}],"wp:term":[{"taxonomy":"category","embeddable":true,"href":"https:\/\/senoticias.com.br\/se\/wp-json\/wp\/v2\/categories?post=129001"},{"taxonomy":"post_tag","embeddable":true,"href":"https:\/\/senoticias.com.br\/se\/wp-json\/wp\/v2\/tags?post=129001"}],"curies":[{"name":"wp","href":"https:\/\/api.w.org\/{rel}","templated":true}]}}